{"id":540375,"date":"2026-06-15T16:16:17","date_gmt":"2026-06-15T16:16:17","guid":{"rendered":"https:\/\/www.europesays.com\/it\/540375\/"},"modified":"2026-06-15T16:16:17","modified_gmt":"2026-06-15T16:16:17","slug":"dovete-cacciarlo-salta-il-primo-ct-al-mondiale-via-lamouchi-dalla-tunisia-la-rivolta-ancora-in-campo-e-la-rissa-perche-e-stato-licenziato","status":"publish","type":"post","link":"https:\/\/www.europesays.com\/it\/540375\/","title":{"rendered":"\u00abDovete cacciarlo\u00bb, salta il primo Ct al Mondiale: via Lamouchi dalla Tunisia. La rivolta ancora in campo e la rissa: perch\u00e9 \u00e8 stato licenziato"},"content":{"rendered":"<p>Le urla dei giocatori mentre l&#8217;allenatore era ancora a bordocampo. La rabbia per la sconfitta umiliante contro la Svezia e il vertice in hotel: cosa \u00e8 successo al primo ct cacciato a torneo in corso e chi prender\u00e0 il suo posto<\/p>\n<p>\t\t\t<a href=\"https:\/\/google.com\/preferences\/source?q=open.online\" target=\"_blank\" rel=\"nofollow noopener\"><img loading=\"lazy\" decoding=\"async\" src=\"https:\/\/www.europesays.com\/it\/wp-content\/uploads\/2026\/05\/gps@2x.png\" alt=\"Google Preferred Site\" width=\"200\" height=\"63\"\/><\/a><\/p>\n<p id=\"h-\">I dirigenti della federcalcio tunisina, cos\u00ec come i giocatori, avevano chiesto l\u2019esonero di <strong>Sabri Lamouchi<\/strong> prima ancora del fischio finale, con la squadra gi\u00e0 sotto di quattro reti contro la Svezia. Il <strong>5-1<\/strong> incassato all\u2019esordio mondiale, firmato da Gyokeres e Isak, \u00e8 costato la panchina al ct, ex centrocampista di Parma, Inter e Genoa, che lascia con un bilancio di <strong>5 partite<\/strong>, una vittoria, un pareggio, tre sconfitte e undici gol subiti a fronte di due segnati. Il cambio in panchina arriva alla vigilia del secondo match del gruppo F, in programma domenica 21 giugno contro il Giappone. La notizia \u00e8 stata anticipata dall\u2019emittente tunisina <strong>Mosaique FM<\/strong>.<\/p>\n<p>Cosa \u00e8 successo dopo la batosta contro la Svezia<\/p>\n<p>A ricostruire la giornata \u00e8 Ahmed Adala, inviato speciale di Mosaique FM in Messico, che si collega con l\u2019emittente indossando una maglia con \u201cCiao\u201d, la mascotte di Italia \u201990. Secondo il suo racconto, lo sconforto per il risultato ha spinto i membri dell\u2019ufficio federale al seguito della spedizione ad abbandonare lo stadio prima dei giocatori e dello staff tecnico, rientrando direttamente in hotel. Alcuni di loro, riferisce l\u2019inviato, avevano gi\u00e0 chiesto a voce alta l\u2019allontanamento del tecnico mentre Lamouchi era ancora a bordocampo, con la partita non ancora finita. La decisione ufficiale \u00e8 arrivata poco dopo, frutto di una linea condivisa fra chi si trovava in Messico e chi seguiva la spedizione dalla Tunisia.<\/p>\n<p>Il vertice in hotel e la rissa con un tifoso<\/p>\n<p>In albergo \u00e8 scattata la riunione d\u2019urgenza. Dopo essersi confrontati con i colleghi rimasti in patria, i dirigenti federali presenti a Monterrey hanno deciso all\u2019unanimit\u00e0 di chiudere il rapporto con il tecnico. Nello stesso ritiro, racconta Eurosport, si sarebbero registrati anche degli scontri subito dopo il triplice fischio e una volta rientrati in albergo, con un testimone che parla di una rissa scoppiata fra un tifoso e il figlio di Lamouchi, il cui ruolo nell\u2019episodio non \u00e8 ancora chiaro. Resta da capire chi raccoglier\u00e0 l\u2019eredit\u00e0: il principale candidato, secondo Mosaique FM, \u00e8 <strong>Mondher Kebaier<\/strong>, gi\u00e0 a Monterrey con la delegazione in qualit\u00e0 di direttore tecnico della federazione, mentre Anis Boujelbane \u00e8 frenato dal mancato visto d\u2019ingresso in Messico e il vice attuale Wahbi Khazri, ex Sunderland, non ha i patentini necessari per guidare la nazionale.<\/p>\n","protected":false},"excerpt":{"rendered":"Le urla dei giocatori mentre l&#8217;allenatore era ancora a bordocampo. La rabbia per la sconfitta umiliante contro la&hellip;\n","protected":false},"author":3,"featured_media":540376,"comment_status":"","ping_status":"","sticky":false,"template":"","format":"standard","meta":{"footnotes":"","_share_on_mastodon":"0"},"categories":[1452],"tags":[13029,125695,721,1061,5886,6929,38860,4062,1740,3412,6139,4552,1537,90,89,297860,13549,1353,293913,297861,297862,3484,9764,1739,20421,245,244,1886,8864,3375,13636,12362,62923,1418],"class_list":["post-540375","post","type-post","status-publish","format-standard","has-post-thumbnail","category-calcio","tag-albergo","tag-bordocampo","tag-calcio","tag-chiesto","tag-ct","tag-dirigenti","tag-fischio","tag-fm","tag-football","tag-giocatori","tag-hotel","tag-inviato","tag-it","tag-italia","tag-italy","tag-lamouchi","tag-messico","tag-mondiale","tag-monterrey","tag-mosaique","tag-mosaique-fm","tag-panchina","tag-rissa","tag-soccer","tag-spedizione","tag-sport","tag-sports","tag-successo","tag-svezia","tag-tecnico","tag-tifoso","tag-tunisia","tag-tunisina","tag-vertice"],"share_on_mastodon":{"url":"https:\/\/pubeurope.com\/@it\/116755024413899858","error":""},"_links":{"self":[{"href":"https:\/\/www.europesays.com\/it\/wp-json\/wp\/v2\/posts\/540375","targetHints":{"allow":["GET"]}}],"collection":[{"href":"https:\/\/www.europesays.com\/it\/wp-json\/wp\/v2\/posts"}],"about":[{"href":"https:\/\/www.europesays.com\/it\/wp-json\/wp\/v2\/types\/post"}],"author":[{"embeddable":true,"href":"https:\/\/www.europesays.com\/it\/wp-json\/wp\/v2\/users\/3"}],"replies":[{"embeddable":true,"href":"https:\/\/www.europesays.com\/it\/wp-json\/wp\/v2\/comments?post=540375"}],"version-history":[{"count":0,"href":"https:\/\/www.europesays.com\/it\/wp-json\/wp\/v2\/posts\/540375\/revisions"}],"wp:featuredmedia":[{"embeddable":true,"href":"https:\/\/www.europesays.com\/it\/wp-json\/wp\/v2\/media\/540376"}],"wp:attachment":[{"href":"https:\/\/www.europesays.com\/it\/wp-json\/wp\/v2\/media?parent=540375"}],"wp:term":[{"taxonomy":"category","embeddable":true,"href":"https:\/\/www.europesays.com\/it\/wp-json\/wp\/v2\/categories?post=540375"},{"taxonomy":"post_tag","embeddable":true,"href":"https:\/\/www.europesays.com\/it\/wp-json\/wp\/v2\/tags?post=540375"}],"curies":[{"name":"wp","href":"https:\/\/api.w.org\/{rel}","templated":true}]}}