{"id":540455,"date":"2026-06-15T17:19:21","date_gmt":"2026-06-15T17:19:21","guid":{"rendered":"https:\/\/www.europesays.com\/it\/540455\/"},"modified":"2026-06-15T17:19:21","modified_gmt":"2026-06-15T17:19:21","slug":"la-volta-buona-pagelle-del-15-giugno-hunziker-fa-sul-serio-con-berruti-10-giornataccia-per-balivo-8","status":"publish","type":"post","link":"https:\/\/www.europesays.com\/it\/540455\/","title":{"rendered":"La Volta Buona, pagelle del 15 giugno: Hunziker fa sul serio con Berruti (10), giornataccia per Balivo (8)"},"content":{"rendered":"<p>Dopo un weekend di matrimoni, ovviamente nel salotto di <strong>Caterina Balivo<\/strong> si \u00e8 discusso delle nozze di Tommaso Paradiso e Carolina Sansoni, ma anche del \u201cs\u00ec\u201d di Otis, il figlio di Orietta Berti, e del rinnovo delle promesse di Eleonora Abbagnato. L\u2019amore \u00e8 stato celebrato in grande, ma non solo, perch\u00e9 si \u00e8 discusso delle notizie pi\u00f9 \u201cassurde\u201d: le nostre pagelle.\n<\/p>\n<p>Non tutti i matrimoni riescono davvero. Voto: 6<\/p>\n<p>A volte succede: il <strong>giorno delle nozze<\/strong> dovrebbe essere quello pi\u00f9 importante in assoluto, dove ci si \u201cunisce\u201d con la persona amata. Ma tutto va sempre per il verso giusto? Non proprio, considerando che la <strong>realt\u00e0<\/strong>, come sempre, <strong>supera la fantasia<\/strong>: c\u2019\u00e8 chi ha scoperto di aver sposato una persona gi\u00e0 sposata e non divorziata, i matrimoni che sono finiti in rissa, o persino lo sposo che ha tradito la sposa il giorno stesso del \u201cs\u00ec\u201d, o chi ha tradito il marito con il prete che ha celebrato le nozze.<\/p>\n<p>Destinato a passare alla storia lo sguardo di <a href=\"https:\/\/dilei.it\/star-e-vip\/simone-di-pasquale\/\" rel=\"nofollow noopener\" target=\"_blank\">Simone Di Pasquale<\/a> (prossimo alle nozze), dopo questa rassegna di notizie. Ogni volta, ospite dalla Balivo, si ritrova a riflettere sulla sua scelta di sposarsi. \u201cSposarsi \u00e8 un lavoro, anche di testa. Ma faccio un controllo\u201d. A tal proposito, ormai la data \u00e8 fissata: il 27 luglio 2026 dir\u00e0 \u201cs\u00ec\u201d a Maria Agnese Di Stolfo.<\/p>\n<p>Nancy Brilli, la verit\u00e0 sui suoi amori. Voto: 10<\/p>\n<p>Si \u00e8 parlato d\u2019amore in ogni sua forma nel salotto di <a href=\"https:\/\/dilei.it\/star-e-vip\/caterina-balivo\/\" rel=\"nofollow noopener\" target=\"_blank\">Caterina Balivo<\/a>, anche quando il matrimonio finisce ma in qualche modo rimangono il rispetto, l\u2019affetto e la volont\u00e0 di non terminare bruscamente quello che si \u00e8 iniziato. Un po\u2019 come \u00e8 accaduto a Nancy Brilli con l\u2019ex marito Massimo Ghini (che era presente al secondo matrimonio della Brilli).<\/p>\n<p>\u201cCon Ghini il <strong>matrimonio \u00e8 andato corto<\/strong>, <strong>non \u00e8 andato male<\/strong>. Ha funzionato perfettamente per quei 3 anni e mezzo, e poi no, non ha funzionato pi\u00f9 e ci siamo lasciati. Eravamo contenti\u201d. Dopo il tema matrimonio, per\u00f2, la Brilli ha parlato anche dell\u2019infedelt\u00e0, spiegando il motivo per cui, secondo lei, sarebbe stata tradita. \u201cL\u2019uomo non riesce ad avermi completamente. Io ho una parte <strong>individualista molto spiccata<\/strong>, ho un carattere che \u00e8 un carattere, \u00e8 <strong>difficile mettermi sotto<\/strong>. Per cui delle volte \u00e8 successo che non riuscendo a tenermi sono stata tradita\u201d.<\/p>\n<p>Le polemiche a Capalbio per le nozze Paradiso-Sansoni. Voto: 2<\/p>\n<p>Sabato, come accennato, \u00e8 stato un grande giorno per i matrimoni vip: <a href=\"https:\/\/dilei.it\/vip\/tommaso-paradiso-si-e-sposato-abito-carolina-sansoni\/2427550\/\" rel=\"nofollow noopener\" target=\"_blank\">Tommaso Paradiso ha detto s\u00ec alla sua Carolina<\/a> Sansoni, con cui ormai sta insieme da anni e ha avuto la <a href=\"https:\/\/dilei.it\/vip\/tommaso-paradiso-papa-prima-foto-dedica-carolina-sansoni\/1650171\/\" rel=\"nofollow noopener\" target=\"_blank\">figlia Anna<\/a>. In collegamento da Caterina Balivo c\u2019\u00e8 stato il Sindaco di Capalbio, che ha spento qualsiasi polemica riguardo alla location. No, le nozze non si sono tenute affatto all\u2019interno dell\u2019oasi naturale. Gli ambientalisti hanno protestato per il luogo, dove avviene la nidificazione del fratino. Ma la struttura era perfettamente in regola, a 3 km di distanza. \u201cRispetto allo sfarzo che abbiamo visto, o all\u2019agitazione provocata dai matrimoni dell\u2019ultimo tempo, qui i <strong>matrimoni sono fatti con misura<\/strong>. Hanno presentato regolare richiesta\u201d.<\/p>\n<p>Giornataccia per Catena Fiorello e Caterina Balivo, scintille in studio. Voto: 8<\/p>\n<p>A Capalbio i matrimoni si organizzano con rispetto, e anche nello studio di Caterina Balivo si \u00e8 in disaccordo sempre con toni moderati. Perch\u00e9 tra la conduttrice e Catena Fiorello, spesso ospite nel salotto del programma televisivo, ci sono state vere e proprie scintille. Prima per la coda delle polemiche legate al matrimonio di Dua Lipa a Palermo, non gradito da Catena: \u201cLa Sicilia ha questi <strong>palazzi bellissimi<\/strong>, non ha bisogno di tutte queste <strong>accelerazioni sull\u2019esagerazione<\/strong>: \u00e8 un mio gusto, potevano fare anche una cosa pi\u00f9 <strong>elegante<\/strong>\u201c.<\/p>\n<p>Caterina Balivo, per\u00f2, non \u00e8 stata del tutto d\u2019accordo. Spesso quando i Vip si sposano in Italia scelgono mete pi\u00f9 blasonate, come Venezia o Como. Ma di certo n\u00e9 Palermo n\u00e9 la Sicilia intera necessitano delle ennesime nozze delle star per avere visibilit\u00e0\u00a0(e nemmeno l\u2019Italia, come notato dalla Balivo). Di fatto, le nozze di <a href=\"https:\/\/dilei.it\/star-e-vip\/dua-lipa\/\" rel=\"nofollow noopener\" target=\"_blank\">Dua Lipa<\/a> con Callum Turner si sono tenute in modo regolare. \u201cDiciamo le cose come stanno: \u00e8 stato un matrimonio sicuramente diverso. Non sono d\u2019accordo con te, Catena\u201d.<\/p>\n<p>Non \u00e8 mancato molto al prossimo alterco, tanto che \u00e8 stata definita una \u201cgiornataccia\u201d per Catena e Caterina. Tema: matrimoni tra cani, con tanto di \u201climousine\u201d, che poi non lo \u00e8 davvero. \u201c<strong>Catena Fiorello felice di cosa ci racconti<\/strong>, poi rompe le scatole a Dua Lipa\u201d, le parole della Balivo dopo aver ascoltato come funziona il servizio in s\u00e9. Almeno, per\u00f2, erano d\u2019accordo sull\u2019argomento successivo, ovvero quanto mettere nelle <strong>buste del matrimonio<\/strong>.<\/p>\n<p>Michelle Hunziker e Giulio Berruti potrebbero mettere su famiglia. Voto: 10<\/p>\n<p>Per Caterina Balivo \u00e8 la coppia dell\u2019estate: in effetti, <a href=\"https:\/\/dilei.it\/star-e-vip\/michelle-hunziker\/\" rel=\"nofollow noopener\" target=\"_blank\">Michelle Hunziker<\/a> e Giulio Berruti sono meravigliosi insieme. Lei ha archiviato la storia con Tronchetti-Provera, lui si \u00e8 ormai lasciato alle spalle il rapporto, durato anni, con Maria Elena Boschi. E ora potrebbero davvero fare sul serio, secondo Riccardo Signoretti, il direttore di Nuovo Tv: Michelle ha sempre lasciato \u201cfare alla natura\u201d, e Berruti non ha mai nascosto il suo <strong>sogno di diventare pap\u00e0<\/strong>, nemmeno quando stava con la Boschi, appunto. Dalle persone vicine alla coppia, arrivano quindi <strong>voci su un possibile futuro da costruire insieme<\/strong>, ma la data campale \u00e8 quella del 4 luglio, quando Aurora Ramazzotti e Goffredo Cerza convoleranno a nozze. Solo l\u00ec si scoprir\u00e0 il ruolo di Berruti all\u2019interno della famiglia.<\/p>\n<p>Eva Henger e la figlia Mercedesz, oggi finalmente unite. Voto: 9<\/p>\n<p>Non si sono parlate per due anni: tra Eva Henger e la figlia Mercedesz ci sono state delle difficolt\u00e0 in passato, a causa dell\u2019ex fidanzato di Mercedesz. \u201cCi sono stati dei trascorsi in cui non mi \u00e8 piaciuto <strong>come si \u00e8 comportata lei<\/strong>, anche quello ha influito\u201d. Ma la guerra tra la mamma e l\u2019ex fidanzato di Mercedesz\u00a0era davvero sfiancante. Ormai si sono ritrovate da tempo, e oggi Mercedesz ha reso Eva nonna per la prima volta a 53 anni. Nel salotto della Balivo, hanno celebrato il loro rapporto mamma-figlia, con onest\u00e0.<\/p>\n<p>\t\t\t\tScopri i personaggi in trend, le storie del momento e molto altro.<br \/>Dove? Sul <a href=\"https:\/\/whatsapp.com\/channel\/0029Vb68mVyHVvTWezDm7d0R\" target=\"_blank\" rel=\"noopener nofollow\">canale WhatsApp di DiLei!<\/a><\/p>\n<p>\t\t\t<a class=\"buttonCall\" href=\"https:\/\/whatsapp.com\/channel\/0029Vb68mVyHVvTWezDm7d0R\" target=\"_blank\" rel=\"noopener nofollow\" title=\"Seguici su WhatsApp\"><br \/>\n\t\t\t\tSeguici su WhatsApp<br \/>\n\t\t\t<\/a><\/p>\n","protected":false},"excerpt":{"rendered":"Dopo un weekend di matrimoni, ovviamente nel salotto di Caterina Balivo si \u00e8 discusso delle nozze di Tommaso&hellip;\n","protected":false},"author":3,"featured_media":540456,"comment_status":"","ping_status":"","sticky":false,"template":"","format":"standard","meta":{"footnotes":"","_share_on_mastodon":"0"},"categories":[174],"tags":[39049,141271,203,204,1537,90,89,41581,214,74348],"class_list":["post-540455","post","type-post","status-publish","format-standard","has-post-thumbnail","category-intrattenimento","tag-caterina-balivo","tag-eleonora-abbagnato","tag-entertainment","tag-intrattenimento","tag-it","tag-italia","tag-italy","tag-orietta-berti","tag-spettacolo","tag-tommaso-paradiso"],"share_on_mastodon":{"url":"https:\/\/pubeurope.com\/@it\/116755271844255184","error":""},"_links":{"self":[{"href":"https:\/\/www.europesays.com\/it\/wp-json\/wp\/v2\/posts\/540455","targetHints":{"allow":["GET"]}}],"collection":[{"href":"https:\/\/www.europesays.com\/it\/wp-json\/wp\/v2\/posts"}],"about":[{"href":"https:\/\/www.europesays.com\/it\/wp-json\/wp\/v2\/types\/post"}],"author":[{"embeddable":true,"href":"https:\/\/www.europesays.com\/it\/wp-json\/wp\/v2\/users\/3"}],"replies":[{"embeddable":true,"href":"https:\/\/www.europesays.com\/it\/wp-json\/wp\/v2\/comments?post=540455"}],"version-history":[{"count":0,"href":"https:\/\/www.europesays.com\/it\/wp-json\/wp\/v2\/posts\/540455\/revisions"}],"wp:featuredmedia":[{"embeddable":true,"href":"https:\/\/www.europesays.com\/it\/wp-json\/wp\/v2\/media\/540456"}],"wp:attachment":[{"href":"https:\/\/www.europesays.com\/it\/wp-json\/wp\/v2\/media?parent=540455"}],"wp:term":[{"taxonomy":"category","embeddable":true,"href":"https:\/\/www.europesays.com\/it\/wp-json\/wp\/v2\/categories?post=540455"},{"taxonomy":"post_tag","embeddable":true,"href":"https:\/\/www.europesays.com\/it\/wp-json\/wp\/v2\/tags?post=540455"}],"curies":[{"name":"wp","href":"https:\/\/api.w.org\/{rel}","templated":true}]}}