{"id":540467,"date":"2026-06-15T17:37:11","date_gmt":"2026-06-15T17:37:11","guid":{"rendered":"https:\/\/www.europesays.com\/it\/540467\/"},"modified":"2026-06-15T17:37:11","modified_gmt":"2026-06-15T17:37:11","slug":"kiera-van-ryk-e-una-nuova-giocatrice-della-savino-del-bene-volley","status":"publish","type":"post","link":"https:\/\/www.europesays.com\/it\/540467\/","title":{"rendered":"Kiera Van Ryk \u00e8 una nuova giocatrice della Savino Del Bene Volley"},"content":{"rendered":"<p align=\"JUSTIFY\">La Savino Del Bene Volley \u00e8 lieta di annunciare l\u2019arrivo dell\u2019opposta canadese Kiera Van Ryk, che entrer\u00e0 a far parte del roster a disposizione di coach Marco Gaspari a partire dalla stagione 2026\u20132027.<\/p>\n<p align=\"JUSTIFY\">Van Ryk approda a Scandicci dopo un percorso internazionale che l\u2019ha vista protagonista nei principali campionati del mondo, distinguendosi per potenza offensiva ed efficacia al servizio.<\/p>\n<p align=\"JUSTIFY\">Opposta di grande fisicit\u00e0 e talento, Kiera Van Ryk rappresenta un innesto di assoluto valore per il progetto tecnico della Savino Del Bene Volley, che potr\u00e0 contare su una delle attaccanti pi\u00f9 prolifiche del panorama internazionale per affrontare una stagione di alto profilo in Italia e in Europa.<\/p>\n<p align=\"JUSTIFY\">Nell\u2019ultima stagione ha giocato in Cina, dove ha vestito la maglia dello Shanghai Bright Ubest, formazione con la quale ha conquistato il titolo nazionale. <\/p>\n<p align=\"JUSTIFY\">Nel corso della stagione 2025\u20132026 ha chiuso al terzo posto nella classifica delle migliori realizzatrici del campionato cinese con 469 punti messi a segno in 78 set disputati, per una media di 6,01 punti per set. Particolarmente significativa anche la sua efficacia al servizio, che l\u2019ha vista chiudere al primo posto nella graduatoria degli ace con 56 punti diretti su battuta, ai quali ha aggiunto 31 muri vincenti.<\/p>\n<p align=\"JUSTIFY\">In questo momento Kiera Van Ryk \u00e8 impegnata con la Nazionale canadese nella Volleyball Nations League, competizione nella quale sta rappresentando il proprio Paese a livello internazionale prima del suo arrivo a Scandicci.<\/p>\n<p>LA CARRIERA DI KIERA VAN RYK<\/p>\n<p align=\"JUSTIFY\">Nata il 6 gennaio 1999, Kiera Van Ryk \u00e8 un\u2019opposta canadese che si \u00e8 affermata nel panorama internazionale grazie alle sue qualit\u00e0 offensive e alla sua capacit\u00e0 di incidere in ogni fondamentale.<\/p>\n<p align=\"JUSTIFY\">Parallelamente al proprio percorso con la nazionale canadese, con la quale ha preso parte a numerose competizioni internazionali, Van Ryk ha iniziato la propria carriera universitaria in Canada, vestendo la maglia della University of British Columbia. Con le Thunderbirds si \u00e8 rapidamente imposta come una delle migliori giocatrici del panorama universitario nordamericano, conquistando nel 2019 il campionato nazionale U Sports e ricevendo prestigiosi riconoscimenti individuali, tra cui il Mary Lyons Award come miglior giocatrice universitaria canadese e il Lieutenant Governor Athletic Award come miglior atleta femminile dell\u2019intero circuito U Sports.<\/p>\n<p align=\"JUSTIFY\">Nel 2019 ha compiuto il salto nella pallavolo professionistica approdando in Italia, nella Serie A1, con la maglia del Volley Bergamo. Dopo l\u2019esperienza italiana ha proseguito la propria carriera in Polonia con il DevelopRes Rzesz\u00f3w, per poi trasferirsi in Turchia dove, dal 2021 al 2024, ha indossato le maglie del T\u00fcrk Hava Yollar\u0131 Spor Kul\u00fcb\u00fc e successivamente del Vak\u0131fBank (2024-2025), confrontandosi ai massimi livelli del volley europeo.<\/p>\n<p align=\"JUSTIFY\">Nella stagione 2025\u20132026 si \u00e8 trasferita in Cina allo Shanghai Bright Ubest, contribuendo in maniera determinante alla conquista del titolo nazionale grazie alle sue eccellenti prestazioni offensive.<\/p>\n<p align=\"JUSTIFY\">Con il suo arrivo alla Savino Del Bene Volley, Kiera Van Ryk si prepara ora a vivere una nuova esperienza in uno dei contesti pi\u00f9 competitivi della pallavolo italiana ed europea.<\/p>\n","protected":false},"excerpt":{"rendered":"La Savino Del Bene Volley \u00e8 lieta di annunciare l\u2019arrivo dell\u2019opposta canadese Kiera Van Ryk, che entrer\u00e0 a&hellip;\n","protected":false},"author":3,"featured_media":540468,"comment_status":"","ping_status":"","sticky":false,"template":"","format":"standard","meta":{"footnotes":"","_share_on_mastodon":"0"},"categories":[1474],"tags":[286673,1856,4014,20221,139307,1944,83254,1537,90,1599,89,297905,297906,112757,2347,31172,79592,31176,14447,18406,245,244,297907,1869],"class_list":["post-540467","post","type-post","status-publish","format-standard","has-post-thumbnail","category-volley","tag-2026-2027","tag-campionato","tag-canada","tag-canadese","tag-cev-champions-league","tag-femminile","tag-gaspari","tag-it","tag-italia","tag-italiano","tag-italy","tag-kiera","tag-kiera-van-ryk","tag-opposta","tag-pallavolo","tag-savino-del-bene","tag-savino-del-bene-scandicci","tag-savino-del-bene-volley","tag-scandicci","tag-serie-a1","tag-sport","tag-sports","tag-van-ryk","tag-volley"],"share_on_mastodon":{"url":"https:\/\/pubeurope.com\/@it\/116755342432437714","error":""},"_links":{"self":[{"href":"https:\/\/www.europesays.com\/it\/wp-json\/wp\/v2\/posts\/540467","targetHints":{"allow":["GET"]}}],"collection":[{"href":"https:\/\/www.europesays.com\/it\/wp-json\/wp\/v2\/posts"}],"about":[{"href":"https:\/\/www.europesays.com\/it\/wp-json\/wp\/v2\/types\/post"}],"author":[{"embeddable":true,"href":"https:\/\/www.europesays.com\/it\/wp-json\/wp\/v2\/users\/3"}],"replies":[{"embeddable":true,"href":"https:\/\/www.europesays.com\/it\/wp-json\/wp\/v2\/comments?post=540467"}],"version-history":[{"count":0,"href":"https:\/\/www.europesays.com\/it\/wp-json\/wp\/v2\/posts\/540467\/revisions"}],"wp:featuredmedia":[{"embeddable":true,"href":"https:\/\/www.europesays.com\/it\/wp-json\/wp\/v2\/media\/540468"}],"wp:attachment":[{"href":"https:\/\/www.europesays.com\/it\/wp-json\/wp\/v2\/media?parent=540467"}],"wp:term":[{"taxonomy":"category","embeddable":true,"href":"https:\/\/www.europesays.com\/it\/wp-json\/wp\/v2\/categories?post=540467"},{"taxonomy":"post_tag","embeddable":true,"href":"https:\/\/www.europesays.com\/it\/wp-json\/wp\/v2\/tags?post=540467"}],"curies":[{"name":"wp","href":"https:\/\/api.w.org\/{rel}","templated":true}]}}