{"id":540705,"date":"2026-06-15T21:32:16","date_gmt":"2026-06-15T21:32:16","guid":{"rendered":"https:\/\/www.europesays.com\/it\/540705\/"},"modified":"2026-06-15T21:32:16","modified_gmt":"2026-06-15T21:32:16","slug":"penelope-cruz-taglio-di-capelli-e-cambio-di-colore-anche-le-star-preparano-la-chioma-alle-vacanze-estive","status":"publish","type":"post","link":"https:\/\/www.europesays.com\/it\/540705\/","title":{"rendered":"Penelope Cruz, taglio di capelli e cambio di colore: anche le star preparano la chioma alle vacanze estive"},"content":{"rendered":"<p>L&#8217;attrice  dice addio alla sua iconica chioma lunga e al castano cioccolato per abbracciare un raffinato bob alle spalle illuminato da sfumature biondo miele. Un look fresco, elegante e ringiovanente che sta gi\u00e0 facendo tendenza<\/p>\n<p class=\"chapter-paragraph\">Pen\u00e9lope Cruz cambia look e conquista tutti. L\u2019attrice spagnola ha recentemente sfoggiato un nuovo taglio di capelli che ha immediatamente attirato l\u2019attenzione di fan ed esperti di bellezza. A mostrare il risultato \u00e8 stato il suo hairstylist di fiducia, Dimitris Giannetos, che il 13 giugno ha condiviso su Instagram alcune immagini del nuovo hairstyle realizzato a Los Angeles.  Addio alle lunghezze che da anni caratterizzavano l\u2019immagine della star: oggi Pen\u00e9lope punta su un caschetto lungo che sfiora appena le spalle, probabilmente il taglio pi\u00f9 corto sfoggiato negli ultimi tempi. Un cambiamento che non \u00e8 passato inosservato e che ha scatenato una pioggia di complimenti sui social.  A rendere ancora pi\u00f9 interessante la trasformazione \u00e8 il nuovo colore. \u00c8 infatti scomparso il tradizionale castano cioccolato intenso, da sempre associato all\u2019attrice, per lasciare spazio a una tonalit\u00e0 pi\u00f9 luminosa. Il nuovo look gioca su una base castano chiaro arricchita da delicate sfumature biondo miele, capaci di illuminare il viso e donare maggiore freschezza all\u2019insieme.  In realt\u00e0, questa svolta beauty non arriva del tutto inaspettata. Gi\u00e0 durante la sfilata Chanel Haute Couture Primavera-Estate 2026, andata in scena a Parigi lo scorso gennaio, Pen\u00e9lope Cruz aveva lasciato intuire una crescente voglia di sperimentare con la propria immagine. Un percorso iniziato gi\u00e0 negli anni precedenti, come dimostra il celebre bob r\u00e9tro sfoggiato al Met Gala 2024, che fece parlare di s\u00e9 prima del ritorno a una chioma pi\u00f9 lunga durante il Festival del Cinema di San Sebasti\u00e1n.  Da qualche mese, per\u00f2, sembra che l\u2019attrice abbia definitivamente abbracciato il fascino dei tagli medi e corti. Una scelta che non sorprende gli esperti: il caschetto di media lunghezza \u00e8 infatti considerato uno dei tagli pi\u00f9 valorizzanti e ringiovanenti dopo i quarant\u2019anni. La sua capacit\u00e0 di alleggerire la figura, mettere in evidenza il collo e valorizzare i lineamenti lo rende una soluzione elegante e versatile.  Naturalmente, il segreto sta nell\u2019equilibrio tra lunghezza, volume e movimento.<\/p>\n<p class=\"chapter-paragraph\">E proprio questo sembra aver trovato Pen\u00e9lope Cruz, che con il suo nuovo look dimostra ancora una volta come un semplice cambio di taglio possa trasformare completamente un\u2019immagine, regalando luminosit\u00e0, carattere e un\u2019innegabile dose di modernit\u00e0.    &#13;<br \/>\n&#13;<br \/>\n&#13;<br \/>\n&#13;<br \/>\n&#13;<br \/>\n&#13;<br \/>\n&#13;<br \/>\n&#13;<br \/>\n&#13;<br \/>\n&#13;<br \/>\n&#13;<br \/>\n&#13;<br \/>\n&#13;<br \/>\n&#13;<br \/>\n&#13;<br \/>\n&#13;<br \/>\n&#13;<br \/>\n&#13;<br \/>\n&#13;<br \/>\n&#13;<br \/>\n&#13;<br \/>\n&#13;<br \/>\n&#13;<br \/>\n&#13;<br \/>\n&#13;<br \/>\n&#13;<br \/>\n&#13;<br \/>\n&#13;<br \/>\n&#13;<br \/>\n&#13;<br \/>\n&#13;<br \/>\n&#13;<br \/>\n&#13;<br \/>\n&#13;<br \/>\n&#13;<br \/>\n&#13;<br \/>\n&#13;<br \/>\n&#13;<br \/>\n&#13;<br \/>\n&#13;<br \/>\n&#13;<br \/>\n&#13;<br \/>\n&#13;<br \/>\n&#13;<br \/>\n&#13;<br \/>\n&#13;<br \/>\n&#13;<br \/>\n&#13;<br \/>\n&#13;<br \/>\n&#13;<br \/>\n&#13;<br \/>\n&#13;<br \/>\n&#13;\n<\/p>\n<p class=\"is-last-update\" datetime=\"2026-06-15T17:30:48+02:00\">15 giugno 2026<\/p>\n<p class=\"is-copyright\">\n            \u00a9 RIPRODUZIONE RISERVATA\n        <\/p>\n","protected":false},"excerpt":{"rendered":"L&#8217;attrice dice addio alla sua iconica chioma lunga e al castano cioccolato per abbracciare un raffinato bob alle&hellip;\n","protected":false},"author":3,"featured_media":540706,"comment_status":"","ping_status":"","sticky":false,"template":"","format":"standard","meta":{"footnotes":"","_share_on_mastodon":"0"},"categories":[1451],"tags":[2983,7738,45922,298024,22843,6099,3055,24899,133264,298025,1621,1620,143179,298026,7230,17143,15381,21664,68203,203,5056,6852,204,1537,90,89,467,1258,77252,33016,119510,184732,9880],"class_list":["post-540705","post","type-post","status-publish","format-standard","has-post-thumbnail","category-celebrita","tag-addio","tag-attrice","tag-biondo","tag-biondo-miele","tag-bob","tag-cambio","tag-capelli","tag-caschetto","tag-castano","tag-castano-cioccolato","tag-celebrita","tag-celebrities","tag-chioma","tag-chioma-lunga","tag-cioccolato","tag-colore","tag-cruz","tag-dimostra","tag-elegante","tag-entertainment","tag-esperti","tag-immagine","tag-intrattenimento","tag-it","tag-italia","tag-italy","tag-look","tag-lunga","tag-lunghezza","tag-penelope","tag-penelope-cruz","tag-sfoggiato","tag-taglio"],"share_on_mastodon":{"url":"https:\/\/pubeurope.com\/@it\/116756266896296235","error":""},"_links":{"self":[{"href":"https:\/\/www.europesays.com\/it\/wp-json\/wp\/v2\/posts\/540705","targetHints":{"allow":["GET"]}}],"collection":[{"href":"https:\/\/www.europesays.com\/it\/wp-json\/wp\/v2\/posts"}],"about":[{"href":"https:\/\/www.europesays.com\/it\/wp-json\/wp\/v2\/types\/post"}],"author":[{"embeddable":true,"href":"https:\/\/www.europesays.com\/it\/wp-json\/wp\/v2\/users\/3"}],"replies":[{"embeddable":true,"href":"https:\/\/www.europesays.com\/it\/wp-json\/wp\/v2\/comments?post=540705"}],"version-history":[{"count":0,"href":"https:\/\/www.europesays.com\/it\/wp-json\/wp\/v2\/posts\/540705\/revisions"}],"wp:featuredmedia":[{"embeddable":true,"href":"https:\/\/www.europesays.com\/it\/wp-json\/wp\/v2\/media\/540706"}],"wp:attachment":[{"href":"https:\/\/www.europesays.com\/it\/wp-json\/wp\/v2\/media?parent=540705"}],"wp:term":[{"taxonomy":"category","embeddable":true,"href":"https:\/\/www.europesays.com\/it\/wp-json\/wp\/v2\/categories?post=540705"},{"taxonomy":"post_tag","embeddable":true,"href":"https:\/\/www.europesays.com\/it\/wp-json\/wp\/v2\/tags?post=540705"}],"curies":[{"name":"wp","href":"https:\/\/api.w.org\/{rel}","templated":true}]}}