{"id":540734,"date":"2026-06-15T21:59:18","date_gmt":"2026-06-15T21:59:18","guid":{"rendered":"https:\/\/www.europesays.com\/it\/540734\/"},"modified":"2026-06-15T21:59:18","modified_gmt":"2026-06-15T21:59:18","slug":"zendaya-e-tom-holland-innamorati-alla-presentazione-di-spider-man","status":"publish","type":"post","link":"https:\/\/www.europesays.com\/it\/540734\/","title":{"rendered":"Zendaya e Tom Holland innamorati alla presentazione di Spider-Man"},"content":{"rendered":"<p>                                Dopo questo tour de force estivo, la coppia \u00e8 pronta a prendersi una pausa dal lavoro per tutto il 2027<\/p>\n<p>                    15 giugno &#8211; 14:58  &#8211; MILANO<\/p>\n<p class=\"paragraph\" spellcheck=\"true\"><b>Zendaya<\/b> e <b>Tom Holland<\/b> hanno ufficialmente dato il via alle intense settimane di eventi che li attendono per la promozione dei due film in cui hanno lavorato insieme nell&#8217;ultimo periodo, <b>Spider-Man: Brand New Day<\/b> e <b>Odissea<\/b> di Christopher Nolan, entrambi in uscita a luglio. A cinque anni dall&#8217;ultima volta che sono comparsi <a href=\"https:\/\/www.gazzetta.it\/gossip\/06-01-2025\/zendaya-e-tom-holland-verso-il-matrimonio-l-anello-al-dito-dell-attrice.shtml?intcmp=hyperlink-articolo-gazit\" target=\"_blank\" rel=\"nofollow noopener\">fianco a fianco<\/a> sul red carpet, <b>i due attori si sono mostrati pi\u00f9 affiatati e innamorati che mai a Madrid<\/b>, dove \u00e8 partita la promozione del <a href=\"\">nuovo capitolo della saga di Spider-Man<\/a>.<\/p>\n<p>        Zendaya e Tom Holland innamorati sul red carpet\u2014 \u00a0<\/p>\n<p class=\"paragraph\" spellcheck=\"true\">Per questo ritorno di coppia sul red carpet, <b>Zendaya<\/b> e <b>Tom Holland<\/b> hanno scelto un look coordinato: <a href=\"https:\/\/www.gazzetta.it\/fitness\/storie\/28-02-2024\/zendaya-in-dune-2-tra-dieta-vegetariana-e-allenamenti-con-parrucca\/dalla-disney-a-hollywood.shtml?intcmp=hyperlink-articolo-gazit\" target=\"_blank\" rel=\"nofollow noopener\">la 29enne<\/a> ha sfoggiato un abito nero firmato Christian Cowan, con corsetto e un profondo spacco laterale arricchito da una cascata di frange, mentre Holland ha optato per un classico completo nero con cravatta abbinata e camicia rossa.<\/p>\n<p class=\"paragraph\" spellcheck=\"true\">Cinque anni fa, nell&#8217;ultimo red carpet di coppia per la promozione di <b>Spider-Man: No Way Home<\/b>, Zendaya e Tom avevano approfittato dell&#8217;occasione per <b>ufficializzare la loro storia d&#8217;amore<\/b>. In tanti erano in attesa di questo ritorno per avere <b>la conferma dell&#8217;avvenuto matrimonio tra i due<\/b>, <a href=\"https:\/\/www.gazzetta.it\/gossip\/02-03-2026\/tom-holland-e-zendaya-si-sono-sposati-ecco-gli-indizi.shtml?intcmp=hyperlink-articolo-gazit\" target=\"_blank\" rel=\"nofollow noopener\">vociferato nei mesi scorsi<\/a> ma mai ufficializzato dai diretti interessati. Cos\u00ec non \u00e8 stato: pur mostrandosi innamorata e felice, <b>la coppia ha sfilato senza rilasciare dichiarazioni<\/b>, lasciando cos\u00ec un alone di mistero.<\/p>\n<p class=\"paragraph\" spellcheck=\"true\">Le occasioni per svelare qualcosa in pi\u00f9, per\u00f2, non mancheranno: quello di Madrid \u00e8 stato soltanto il primo di una lunga serie di eventi a cui la coppia parteciper\u00e0 per promuovere i due film in uscita. In <b>Spider-Man: Brand New Day<\/b>, nei cinema italiani dal 29 luglio, Tom e Zendaya sono tornati a interpretare rispettivamente Peter Parker e MJ Jones-Watson, mentre nell&#8217;attesissimo <b>Odissea<\/b> di Christopher Nolan, in sala nel nostro Paese dal 16 luglio, i due interpretano rispettivamente <b>Telemaco<\/b> e <b>Atena<\/b>.<\/p>\n<p>        Lungo periodo di riposo per Tom e Zendaya?\u2014 \u00a0<\/p>\n<p class=\"paragraph\" spellcheck=\"true\">Dopo questo tour de force, c&#8217;\u00e8 una buona probabilit\u00e0 che <b>i due attori si prenderanno un lungo periodo di pausa dal set e dagli eventi pubblici<\/b>. Dopo un 2026 ricco di impegni, l&#8217;attrice ha anticipato l&#8217;intenzione di allontanarsi un po&#8217; dalle scene: &#8220;Sparir\u00f2 per un po\u2019&#8221;, ha svelato la 29enne durante la promozione della <a href=\"https:\/\/www.gazzetta.it\/tv\/storie\/11-04-2026\/euphoria-3-con-sydney-sweeney-trama-cast-polemiche-quando-esce\/euphoria-3.shtml?intcmp=hyperlink-articolo-gazit\" target=\"_blank\" rel=\"nofollow noopener\">terza e ultima stagione di Euphoria<\/a>.<\/p>\n<p><a class=\"is-partner-link\" href=\"https:\/\/abbonamenti.gazzetta.it\/de-promo-mondiali\/?pwcmp=cta&amp;forceBrowser=true\" rel=\"nofollow noopener\" target=\"_blank\">Gazzetta Mondiale: ogni notte un\u2019edizione straordinaria esclusiva. Non perdertela, abbonati a 1\u20ac\/mese!<\/a><\/p>\n<p class=\"paragraph\" spellcheck=\"true\">Lo stesso ha fatto Tom l&#8217;anno precedente, in un&#8217;intervista a GQ UK: &#8220;Mi sento davvero fortunato a essere in un punto della carriera in cui posso permettermi di fermarmi, ricaricare e tornare con energia&#8221;, aveva anticipato Tom, confermando <b>un&#8217;assenza di impegni per il 2027<\/b>: &#8220;Probabilmente mi prender\u00f2 un altro po&#8217; di tempo&#8221;. I fan della coppia sognano gi\u00e0 che in questo periodo di pausa, Tom e Zendaya decidano di <b>allargare la famiglia a cinque anni dall&#8217;ufficializzazione del loro amore<\/b>.<\/p>\n<p class=\"is-above-copyright is-mr-r-10\" spellcheck=\"true\">La Gazzetta dello Sport<\/p>\n<p class=\"is-copyright\">\u00a9 RIPRODUZIONE RISERVATA<\/p>\n","protected":false},"excerpt":{"rendered":"Dopo questo tour de force estivo, la coppia \u00e8 pronta a prendersi una pausa dal lavoro per tutto&hellip;\n","protected":false},"author":3,"featured_media":540735,"comment_status":"","ping_status":"","sticky":false,"template":"","format":"standard","meta":{"footnotes":"","_share_on_mastodon":"0"},"categories":[1451],"tags":[12522,229862,229863,19248,1621,1620,631,2235,4084,203,626,99889,27828,204,1537,90,89,426,4879,229864,229865,11040,229866,2168,1667,1852,559,7391,4885,4886,229868,2007,27869,298034,36015,298032,298033],"class_list":["post-540734","post","type-post","status-publish","format-standard","has-post-thumbnail","category-celebrita","tag-brand","tag-brand-new","tag-brand-new-day","tag-carpet","tag-celebrita","tag-celebrities","tag-cinque","tag-coppia","tag-day","tag-entertainment","tag-eventi","tag-holland","tag-innamorati","tag-intrattenimento","tag-it","tag-italia","tag-italy","tag-luglio","tag-man","tag-man-brand","tag-man-brand-new","tag-new","tag-new-day","tag-pausa","tag-periodo","tag-promozione","tag-red","tag-red-carpet","tag-spider","tag-spider-man","tag-spider-man-brand","tag-tom","tag-tom-holland","tag-tom-zendaya","tag-zendaya","tag-zendaya-tom","tag-zendaya-tom-holland"],"share_on_mastodon":{"url":"https:\/\/pubeurope.com\/@it\/116756372970439863","error":""},"_links":{"self":[{"href":"https:\/\/www.europesays.com\/it\/wp-json\/wp\/v2\/posts\/540734","targetHints":{"allow":["GET"]}}],"collection":[{"href":"https:\/\/www.europesays.com\/it\/wp-json\/wp\/v2\/posts"}],"about":[{"href":"https:\/\/www.europesays.com\/it\/wp-json\/wp\/v2\/types\/post"}],"author":[{"embeddable":true,"href":"https:\/\/www.europesays.com\/it\/wp-json\/wp\/v2\/users\/3"}],"replies":[{"embeddable":true,"href":"https:\/\/www.europesays.com\/it\/wp-json\/wp\/v2\/comments?post=540734"}],"version-history":[{"count":0,"href":"https:\/\/www.europesays.com\/it\/wp-json\/wp\/v2\/posts\/540734\/revisions"}],"wp:featuredmedia":[{"embeddable":true,"href":"https:\/\/www.europesays.com\/it\/wp-json\/wp\/v2\/media\/540735"}],"wp:attachment":[{"href":"https:\/\/www.europesays.com\/it\/wp-json\/wp\/v2\/media?parent=540734"}],"wp:term":[{"taxonomy":"category","embeddable":true,"href":"https:\/\/www.europesays.com\/it\/wp-json\/wp\/v2\/categories?post=540734"},{"taxonomy":"post_tag","embeddable":true,"href":"https:\/\/www.europesays.com\/it\/wp-json\/wp\/v2\/tags?post=540734"}],"curies":[{"name":"wp","href":"https:\/\/api.w.org\/{rel}","templated":true}]}}