{"id":540763,"date":"2026-06-15T22:24:18","date_gmt":"2026-06-15T22:24:18","guid":{"rendered":"https:\/\/www.europesays.com\/it\/540763\/"},"modified":"2026-06-15T22:24:18","modified_gmt":"2026-06-15T22:24:18","slug":"la-juvecaserta-torna-in-serie-a","status":"publish","type":"post","link":"https:\/\/www.europesays.com\/it\/540763\/","title":{"rendered":"La Juvecaserta torna in serie A"},"content":{"rendered":"<p>La Juvecaserta torna in serie A2. I bianconeri si impongono su Vigevano al PalaPiccolo e chiudono la serie sul 3-1. Decisiva gara 4 che termina 86-71.\u00a0<\/p>\n<p>Una citt\u00e0 che \u00e8 in tripudio per i bianconeri, dal Palazzetto al Macrico passando per i pub della citt\u00e0, con l&#8217;intero capoluogo che ha spinto sulla squadra.\u00a0<\/p>\n<p><img decoding=\"async\" src=\"https:\/\/www.europesays.com\/it\/wp-content\/uploads\/2026\/06\/img20260615222101.jpg\" alt=\"IMG20260615222101\" title=\"IMG20260615222101\"\/><\/p>\n<p>E ora la festa pu\u00f2 partire, gli scugnizzi della palla a spicchi sono tornati dove meritano.<\/p>\n<p>  &#13;<br \/>\n&#13;<br \/>\n  &lt;!?php if ( SF_DOMAIN == &#8216;citynews-bruxellestoday&#8217; || SF_DOMAIN == &#8216;citynews-cagliaritoday&#8217; || SF_DOMAIN == &#8216;citynews-sassaritoday&#8217; || SF_DOMAIN == &#8216;citynews-tarantotoday&#8217; || SF_DOMAIN == &#8216;citynews-viterbotoday&#8217; || SF_DOMAIN == &#8216;citynews-ferraratoday&#8217; ): ?&gt;&#13;<br \/>\n    &#13;<br \/>\n  &lt;!?php endif; ?&gt;&#13;<br \/>\n  &#13;<br \/>\n&#13;<br \/>\n            &#13;<br \/>\n            &#13;<\/p>\n<p>         &#13;<br \/>\n  &#13;<br \/>\n    &#13;<br \/>\n      &#13;<br \/>\n    &#13;<br \/>\n    <strong>1<\/strong> minuti di lettura   &#13;<\/p>\n","protected":false},"excerpt":{"rendered":"La Juvecaserta torna in serie A2. I bianconeri si impongono su Vigevano al PalaPiccolo e chiudono la serie&hellip;\n","protected":false},"author":3,"featured_media":540764,"comment_status":"","ping_status":"","sticky":false,"template":"","format":"standard","meta":{"footnotes":"","_share_on_mastodon":"0"},"categories":[1453],"tags":[1756,1757,1537,90,89,80403,1852,245,244],"class_list":["post-540763","post","type-post","status-publish","format-standard","has-post-thumbnail","category-basket","tag-basket","tag-basketball","tag-it","tag-italia","tag-italy","tag-juvecaserta","tag-promozione","tag-sport","tag-sports"],"share_on_mastodon":{"url":"https:\/\/pubeurope.com\/@it\/116756472012673865","error":""},"_links":{"self":[{"href":"https:\/\/www.europesays.com\/it\/wp-json\/wp\/v2\/posts\/540763","targetHints":{"allow":["GET"]}}],"collection":[{"href":"https:\/\/www.europesays.com\/it\/wp-json\/wp\/v2\/posts"}],"about":[{"href":"https:\/\/www.europesays.com\/it\/wp-json\/wp\/v2\/types\/post"}],"author":[{"embeddable":true,"href":"https:\/\/www.europesays.com\/it\/wp-json\/wp\/v2\/users\/3"}],"replies":[{"embeddable":true,"href":"https:\/\/www.europesays.com\/it\/wp-json\/wp\/v2\/comments?post=540763"}],"version-history":[{"count":0,"href":"https:\/\/www.europesays.com\/it\/wp-json\/wp\/v2\/posts\/540763\/revisions"}],"wp:featuredmedia":[{"embeddable":true,"href":"https:\/\/www.europesays.com\/it\/wp-json\/wp\/v2\/media\/540764"}],"wp:attachment":[{"href":"https:\/\/www.europesays.com\/it\/wp-json\/wp\/v2\/media?parent=540763"}],"wp:term":[{"taxonomy":"category","embeddable":true,"href":"https:\/\/www.europesays.com\/it\/wp-json\/wp\/v2\/categories?post=540763"},{"taxonomy":"post_tag","embeddable":true,"href":"https:\/\/www.europesays.com\/it\/wp-json\/wp\/v2\/tags?post=540763"}],"curies":[{"name":"wp","href":"https:\/\/api.w.org\/{rel}","templated":true}]}}