{"id":540890,"date":"2026-06-16T00:09:16","date_gmt":"2026-06-16T00:09:16","guid":{"rendered":"https:\/\/www.europesays.com\/it\/540890\/"},"modified":"2026-06-16T00:09:16","modified_gmt":"2026-06-16T00:09:16","slug":"successo-di-pubblico-da-record-per-la-24-ore-di-ciclismo-oltre-20mila-spettatori-e-1-080-partecipanti","status":"publish","type":"post","link":"https:\/\/www.europesays.com\/it\/540890\/","title":{"rendered":"Successo di pubblico da record per la 24 ore di ciclismo: oltre 20mila spettatori e 1.080 partecipanti"},"content":{"rendered":"<p><a href=\"https:\/\/www.ilgazzettino.it\/t\/feltre\" rel=\"nofollow noopener\" target=\"_blank\">FELTRE<\/a> (BELLUNO) &#8211; Un successo da oltre 20mila spettatori. Questa \u00e8 stata l&#8217;edizione numero 24 della &#8220;<a href=\"https:\/\/www.ilgazzettino.it\/t\/24-ore\" rel=\"nofollow noopener\" target=\"_blank\">24 ore<\/a> di Feltre Connection&#8221;, uno spettacolo di <a href=\"https:\/\/www.ilgazzettino.it\/t\/ciclismo\" rel=\"nofollow noopener\" target=\"_blank\">ciclismo<\/a> e pubblico che probabilmente non ha mai avuto eguali nella sua storia. Da gioved\u00ec a sabato sera, Feltre ha vissuto una nuova primavera attrattiva.<br \/>\u00abAmmetto &#8211; racconta Ivan Piol, guida del Pedale Feltrino e organizzatore dell&#8217;evento &#8211; di essere stato preoccupato alle 19.30 di venerd\u00ec per la scarsa presenza di pubblico. Una paura svanita alle 20, quando le strade si sono riempite fino a notte fonda\u00bb.<\/p>\n<p>    &#13;<\/p>\n<p>APPROFONDIMENTI<\/p>\n<p>&#13;<\/p>\n<p>                            &#13;<br \/>\n                                            &#13;<br \/>\n                            <a href=\"https:\/\/www.ilgazzettino.it\/nordest\/pordenone\/giro_d_italia_tappa_19_alleghe_feltre_vince_kuss-9562945.html\" rel=\"nofollow noopener\" target=\"_blank\">&#13;<br \/>\n                                                                <img decoding=\"async\" src=\"https:\/\/www.europesays.com\/it\/wp-content\/uploads\/2026\/05\/9562945_30084851_giro_d_italia_tappa_19_alleghe_feltre_vince_kuss.jpg\"\/>&#13;<br \/>\n                            <\/a>&#13;<br \/>\n                        &#13;<br \/>\n                                        &#13;<\/p>\n<p>                            &#13;<br \/>\n                                            &#13;<br \/>\n                            <a href=\"https:\/\/www.ilgazzettino.it\/nordest\/belluno\/giro_d_italia_emozione_feltre_alleghe-9561126.html\" rel=\"nofollow noopener\" target=\"_blank\">&#13;<br \/>\n                                                                <img decoding=\"async\" src=\"https:\/\/www.europesays.com\/it\/wp-content\/uploads\/2026\/05\/9561126_29101801_giro_d_italia_emozione_feltre_alleghe.jpg\"\/>&#13;<br \/>\n                            <\/a>&#13;<br \/>\n                        &#13;<br \/>\n                                        &#13;<\/p>\n<p>        &#13;<\/p>\n<p>I numeri <\/p>\n<p>Piol l&#8217;ha definita la \u00abfesta del popolo del ciclismo\u00bb. Sono state 90 le squadre che hanno percorso i 1.850 metri del tracciato attorno alle mura con 1.080 ciclisti. Il 75% delle squadre arrivava da fuori provincia, il 30% da fuori regione ma anche da oltre confine, con presenze da Francia, Germania, Austria, Gran Bretagna, Slovacchia e Polonia. Sono stati 42.289 i transiti sotto l&#8217;arco di partenza e arrivo nelle 24 ore, un numero elevato tanto quanto i contatti social. Il contest per votare la maglia pi\u00f9 bella ha registrato 17.232 votanti da tutto il mondo. A vincere \u00e8 stata &#8220;La carica dei 104&#8221;, con la maglia dalmata, guidata dal fotografo sportivo e youtuber Roby Bragotto con 3.047 voti.<\/p>\n<p>In gara <\/p>\n<p>A trionfare \u00e8 stato lo Swatt Club con 557 giri, pari a 1.030,45 chilometri percorsi alla media di 42 km\/h, record assoluto della manifestazione. In campo femminile le pi\u00f9 veloci sono state le ragazze del Team Fire&amp;Ice Livigno Girls con 462 giri e 854 chilometri percorsi alla media di 35,5 km\/h. Lo spettacolo \u00e8 stato di alto spessore anche per la presenza di pi\u00f9 di 22 medaglie olimpiche tra passato, vedi Bettini (Team Mapei con Tonkov), e presente, come quelle di Milano-Cortina nello short track e nel pattinaggio di velocit\u00e0: Ghiotto, Giovannini, Malfatti, Lorello, i fratelli Sighel e Confortola (Team Fisg Speed Skating). Da ricordare anche i fondisti Barp (Rudy Project) e Pellegrino (C&#8217;\u00e8 da fare).<\/p>\n<p>La solidariet\u00e0 <\/p>\n<p>Il meccanismo che d\u00e0 energia alla 24 ore \u00e8 proprio la solidariet\u00e0: \u00abLa formula legata alla charity &#8211; dice Piol &#8211; si \u00e8 rivelata vincente ancora una volta. Accanto a quelle tradizionali c&#8217;erano squadre che pedalavano per sostenere progetti di solidariet\u00e0. I giri percorsi hanno avuto ricadute concrete in aiuti per associazioni che lavorano in diversi campi e per questo dobbiamo ringraziare i campioni e i personaggi dello spettacolo\u00bb.<br \/>Il presidente fa poi un appunto: \u00abSappiamo che abbiamo causato qualche disagio alla citt\u00e0 e di questo ce ne scusiamo, ma vedere tantissima gente nel centro di Feltre al momento della partenza e all&#8217;arrivo credo significhi che la manifestazione \u00e8 amata e piace al pubblico\u00bb. Ora la concentrazione si sposta al prossimo fine settimana con la Sportful Dolomiti Race e i suoi 4mila partecipanti. Expo venerd\u00ec e sabato in Largo Castaldi e partenza domenica 21 alle ore 7.<\/p>\n","protected":false},"excerpt":{"rendered":"FELTRE (BELLUNO) &#8211; Un successo da oltre 20mila spettatori. Questa \u00e8 stata l&#8217;edizione numero 24 della &#8220;24 ore&hellip;\n","protected":false},"author":3,"featured_media":540891,"comment_status":"","ping_status":"","sticky":false,"template":"","format":"standard","meta":{"footnotes":"","_share_on_mastodon":"0"},"categories":[1456],"tags":[38235,1824,1825,38112,1537,90,89,245,244],"class_list":["post-540890","post","type-post","status-publish","format-standard","has-post-thumbnail","category-ciclismo","tag-24-ore","tag-ciclismo","tag-cycling","tag-feltre","tag-it","tag-italia","tag-italy","tag-sport","tag-sports"],"share_on_mastodon":{"url":"https:\/\/pubeurope.com\/@it\/116756884768910657","error":""},"_links":{"self":[{"href":"https:\/\/www.europesays.com\/it\/wp-json\/wp\/v2\/posts\/540890","targetHints":{"allow":["GET"]}}],"collection":[{"href":"https:\/\/www.europesays.com\/it\/wp-json\/wp\/v2\/posts"}],"about":[{"href":"https:\/\/www.europesays.com\/it\/wp-json\/wp\/v2\/types\/post"}],"author":[{"embeddable":true,"href":"https:\/\/www.europesays.com\/it\/wp-json\/wp\/v2\/users\/3"}],"replies":[{"embeddable":true,"href":"https:\/\/www.europesays.com\/it\/wp-json\/wp\/v2\/comments?post=540890"}],"version-history":[{"count":0,"href":"https:\/\/www.europesays.com\/it\/wp-json\/wp\/v2\/posts\/540890\/revisions"}],"wp:featuredmedia":[{"embeddable":true,"href":"https:\/\/www.europesays.com\/it\/wp-json\/wp\/v2\/media\/540891"}],"wp:attachment":[{"href":"https:\/\/www.europesays.com\/it\/wp-json\/wp\/v2\/media?parent=540890"}],"wp:term":[{"taxonomy":"category","embeddable":true,"href":"https:\/\/www.europesays.com\/it\/wp-json\/wp\/v2\/categories?post=540890"},{"taxonomy":"post_tag","embeddable":true,"href":"https:\/\/www.europesays.com\/it\/wp-json\/wp\/v2\/tags?post=540890"}],"curies":[{"name":"wp","href":"https:\/\/api.w.org\/{rel}","templated":true}]}}