{"id":541028,"date":"2026-06-16T02:29:20","date_gmt":"2026-06-16T02:29:20","guid":{"rendered":"https:\/\/www.europesays.com\/it\/541028\/"},"modified":"2026-06-16T02:29:20","modified_gmt":"2026-06-16T02:29:20","slug":"il-sorriso-di-sara-piffer-e-quelle-frasi-che-danno-forza-ai-ragazzi-video","status":"publish","type":"post","link":"https:\/\/www.europesays.com\/it\/541028\/","title":{"rendered":"IL SORRISO DI SARA PIFFER E QUELLE FRASI CHE DANNO FORZA AI RAGAZZI. VIDEO"},"content":{"rendered":"<p>            <a class=\"category\" href=\"https:\/\/www.tuttobiciweb.it\/articles\/category\/NEWS\" itemprop=\"about\" rel=\"nofollow noopener\" target=\"_blank\">NEWS<\/a> | 15\/06\/2026 | 08:22<br \/>\n            <a class=\"author\" href=\"https:\/\/www.tuttobiciweb.it\/articles\/author\/Paolo%20Broggi\" rel=\"nofollow noopener\" target=\"_blank\">di Paolo Broggi<\/a><\/p>\n<p data-olk-copy-source=\"MessageBody\">Ogni volta, un&#8217;emozione. Ogni volta, uno spunto di riflessione. Ogni volta, un pensiero che ti scava dentro e qualcosa ti lascia, laggi\u00f9 nel profondo. Quando incontri Marianna e Lorenzo Piffer, i genitori di Sara, non \u00e8 mai un momento banale.\u00a0\n            <\/p>\n<p data-olk-copy-source=\"MessageBody\">Ieri a Romagnano, in provincia di Trento, \u00e8 accaduto ancora e Lello Ferrara ce ne ha mandato una testimonianza in questo breve video. Ha incontrato i genitori di Sara Piffer al\u00a0Trofeo Sara Piffer &#8211; Gran Premio Banca per il Trentino Alto Adige, combattuta corsa per Allievi che ha vissuto sul testa a testa allo sprint tra i due &#8220;primo anno&#8221; Victor Voltolini (Veloce Club Borgo) e Nicolas Botticchio (Forti e Veloci). A spuntarla, grazie a una rimonta nei metri finali, \u00e8 stato il valsuganotto, che sul rettilineo di via alle Ischie a Romagnano si \u00e8 preso la prima vittoria stagionale, obiettivo sfumato per poco per il gi\u00e0 citato Botticchio.\n            <\/p>\n<p data-olk-copy-source=\"MessageBody\">\u00c8 pap\u00e0 Lorenzo\u00a0 a raccontare l&#8217;ultima iniziativa: \u00abAbbiamo realizzato tanti cartoncini con le foto di Sara nelle quali il suo sorriso, il suo marchio di fabbrica, \u00e8 sempre presente, e li abbiamo corredati con le frasi che annotava sul suo diario, nei suoi appunti. Li distribuiamo ai ragazzi che incontriamo quando andiamo nelle scuole, durante le catechesi, magari anche alle corse e ci accorgiamo che l&#8217;iniziativa piace, che i giovani trovano spesso la frase che si adatta al loro momento, al loro sentire. \u00c8 come avere Sara sempre con noi\u00bb.<\/p>\n<p>Ordine d\u2019arrivo<\/p>\n<p>1. Victor Voltolini (Vc Borgo) 80,1 km in 1h50\u201929\u201d (media 43,500 km\/h)<br \/>2. Nicolas Botticchio (Forti e Veloci) st<br \/>3. Leonardo Dossi (Us Montecorona) st<br \/>4. Jacopo Gianordoli (Ciclistica Dro) st<br \/>5. Emanuele Giorgi (Gs Cartura) st<br \/>6. Luca Felisatti (Gs Cartura) st<br \/>7. Giovanni Donanzan (Vc Borgo) st<br \/>8. Tommaso Gamba (Uc Val d\u2019Illasi) st<br \/>9. Daniele Tinazzi (Bruno Gaiga) st<br \/>10. Pietro Benedetti (Forti e Veloci) st<\/p>\n<p>Copyright &amp;copy TBW<\/p>\n","protected":false},"excerpt":{"rendered":"NEWS | 15\/06\/2026 | 08:22 di Paolo Broggi Ogni volta, un&#8217;emozione. Ogni volta, uno spunto di riflessione. Ogni&hellip;\n","protected":false},"author":3,"featured_media":541029,"comment_status":"","ping_status":"","sticky":false,"template":"","format":"standard","meta":{"footnotes":"","_share_on_mastodon":"0"},"categories":[1456],"tags":[9636,1824,1825,1537,90,89,298125,12572,298124,245,244,9134,298126],"class_list":["post-541028","post","type-post","status-publish","format-standard","has-post-thumbnail","category-ciclismo","tag-allievi","tag-ciclismo","tag-cycling","tag-it","tag-italia","tag-italy","tag-lorenzo-piffer","tag-memoria","tag-sara-piffer","tag-sport","tag-sports","tag-trentino","tag-trofeo-sara-piffer"],"share_on_mastodon":{"url":"https:\/\/pubeurope.com\/@it\/116757434496015348","error":""},"_links":{"self":[{"href":"https:\/\/www.europesays.com\/it\/wp-json\/wp\/v2\/posts\/541028","targetHints":{"allow":["GET"]}}],"collection":[{"href":"https:\/\/www.europesays.com\/it\/wp-json\/wp\/v2\/posts"}],"about":[{"href":"https:\/\/www.europesays.com\/it\/wp-json\/wp\/v2\/types\/post"}],"author":[{"embeddable":true,"href":"https:\/\/www.europesays.com\/it\/wp-json\/wp\/v2\/users\/3"}],"replies":[{"embeddable":true,"href":"https:\/\/www.europesays.com\/it\/wp-json\/wp\/v2\/comments?post=541028"}],"version-history":[{"count":0,"href":"https:\/\/www.europesays.com\/it\/wp-json\/wp\/v2\/posts\/541028\/revisions"}],"wp:featuredmedia":[{"embeddable":true,"href":"https:\/\/www.europesays.com\/it\/wp-json\/wp\/v2\/media\/541029"}],"wp:attachment":[{"href":"https:\/\/www.europesays.com\/it\/wp-json\/wp\/v2\/media?parent=541028"}],"wp:term":[{"taxonomy":"category","embeddable":true,"href":"https:\/\/www.europesays.com\/it\/wp-json\/wp\/v2\/categories?post=541028"},{"taxonomy":"post_tag","embeddable":true,"href":"https:\/\/www.europesays.com\/it\/wp-json\/wp\/v2\/tags?post=541028"}],"curies":[{"name":"wp","href":"https:\/\/api.w.org\/{rel}","templated":true}]}}