{"id":541138,"date":"2026-06-16T04:23:15","date_gmt":"2026-06-16T04:23:15","guid":{"rendered":"https:\/\/www.europesays.com\/it\/541138\/"},"modified":"2026-06-16T04:23:15","modified_gmt":"2026-06-16T04:23:15","slug":"la-madonna-albani-tornera-nella-sua-urbino","status":"publish","type":"post","link":"https:\/\/www.europesays.com\/it\/541138\/","title":{"rendered":"La Madonna Albani torner\u00e0 nella sua Urbino"},"content":{"rendered":"<p>La <strong>Madonna Albani<\/strong> di Federico Barocci dopo oltre centocinquant\u2019anni torner\u00e0 a <strong>Urbino<\/strong>. Ieri a Roma, in Senato dove ora si trova in esposizione temporanea, \u00e8 stata presentata la <strong>mostra<\/strong> che dal 4 luglio al 27 settembre esporr\u00e0 nella citt\u00e0 ducale il prezioso e delicato dipinto di Barocci di propriet\u00e0 della banca BNL. Si tratta di uno dei dipinti pi\u00f9 importanti dell\u2019ultima stagione creativa del maestro, che verr\u00e0 esposto nelle sale del Castellare nell\u2019ambito della mostra Da Barocci a Tiepolo. La Madonna Albani e la grande pittura italiana tra Cinque e Settecento.<\/p>\n<p>Su iniziativa del senatore Sergio Rastrelli, il ritorno dell\u2019opera \u00e8 stato presentato ufficialmente ieri pomeriggio, alla presenza delle istituzioni promotrici del progetto: Comune di Urbino, Legato Albani, <strong>Rete Museale Marche Nord<\/strong> e BNL BNP Paribas, tutti accolti da Patrizio Di Tursi, consigliere del presidente Ignazio La Russa.<\/p>\n<p>&#8220;Il ritorno a Urbino della Madonna Albani \u00e8 molto pi\u00f9 \u2013 hanno detto il sindaco Gambini e l\u2019assessore alla cultura Ottaviani \u2013 di una importante operazione culturale. \u00c8 un momento che coinvolge la citt\u00e0 e la sua comunit\u00e0, perch\u00e9 riporta temporaneamente a casa un capolavoro nato per una delle famiglie che hanno segnato la storia di Urbino. La mostra Da Barocci a Tiepolo segna l\u2019avvio di un percorso condiviso promosso dalla <strong>Rete Museale Marche Nord<\/strong> insieme ai Comuni di Urbino e Gradara&#8221;. L\u2019opera deve il proprio nome alla famiglia Albani, alla quale fu legata per secoli e che ne custod\u00ec la memoria facendone uno dei dipinti pi\u00f9 celebri del maestro. Secondo la tradizione, il dipinto sarebbe stato commissionato direttamente a Barocci da Orazio Albani.<\/p>\n<p>Nel corso del Settecento la tavola era conservata nel palazzo degli Albani a Urbino, oggi sede dell\u2019Universit\u00e0. Successivamente venne spostata alcune volte e negli anni Ottanta del Novecento, quando l\u2019opera fu messa in vendita, Andrea Emiliani propose alla Banca Nazionale del Lavoro di acquisirla. Dopo l\u2019esposizione temporanea in Senato che l\u2019ha fatta tornare alla ribalta, su suggerimento del presidente del Legato Albani Giorgio Londei, \u00e8 nata l\u2019idea di riportare temporaneamente il capolavoro a Urbino. &#8220;Siamo orgogliosi della realizzazione di questo progetto, da noi auspicato gi\u00e0 nel dicembre 2025. Il ritorno del quadro valorizza uno dei massimi artisti della citt\u00e0 e ricorda il ruolo della famiglia Albani, cui il Legato deve il proprio nome da oltre due secoli, proseguendone l\u2019impegno a favore di Urbino, della cultura, del patrimonio e dello studio \u2013 ha detto il presidente Giorgio Londei \u2013; l\u2019evento sar\u00e0 accompagnato da un volume di studi edito da Silvana Editoriale e realizzato con il sostegno del Legato&#8221;.<\/p>\n<p>Le tante collaborazioni dimostrano la forza &#8220;delle reti museali marchigiane e la loro capacit\u00e0 di costruire percorsi condivisi, credibili e di alto profilo scientifico. \u00c8 la conferma \u2013 ha concluso il direttore della <strong>Rete Museale Marche Nord<\/strong> Luca Baroni \u2013 che la collaborazione tra istituzioni diverse, grandi e piccole, pu\u00f2 generare risultati importanti per la valorizzazione del patrimonio culturale e per l\u2019intero territorio&#8221;.<\/p>\n<p>Giovanni Volponi<\/p>\n","protected":false},"excerpt":{"rendered":"La Madonna Albani di Federico Barocci dopo oltre centocinquant\u2019anni torner\u00e0 a Urbino. Ieri a Roma, in Senato dove&hellip;\n","protected":false},"author":3,"featured_media":541139,"comment_status":"","ping_status":"","sticky":false,"template":"","format":"standard","meta":{"footnotes":"","_share_on_mastodon":"0"},"categories":[1446],"tags":[78808,1615,1613,1614,1611,1610,1612,203,204,1537,90,89,11163,29376,11000],"class_list":["post-541138","post","type-post","status-publish","format-standard","has-post-thumbnail","category-arte-e-design","tag-albani","tag-arte","tag-arte-e-design","tag-arteedesign","tag-arts","tag-arts-and-design","tag-design","tag-entertainment","tag-intrattenimento","tag-it","tag-italia","tag-italy","tag-madonna","tag-tornera","tag-urbino"],"share_on_mastodon":{"url":"https:\/\/pubeurope.com\/@it\/116757882884294586","error":""},"_links":{"self":[{"href":"https:\/\/www.europesays.com\/it\/wp-json\/wp\/v2\/posts\/541138","targetHints":{"allow":["GET"]}}],"collection":[{"href":"https:\/\/www.europesays.com\/it\/wp-json\/wp\/v2\/posts"}],"about":[{"href":"https:\/\/www.europesays.com\/it\/wp-json\/wp\/v2\/types\/post"}],"author":[{"embeddable":true,"href":"https:\/\/www.europesays.com\/it\/wp-json\/wp\/v2\/users\/3"}],"replies":[{"embeddable":true,"href":"https:\/\/www.europesays.com\/it\/wp-json\/wp\/v2\/comments?post=541138"}],"version-history":[{"count":0,"href":"https:\/\/www.europesays.com\/it\/wp-json\/wp\/v2\/posts\/541138\/revisions"}],"wp:featuredmedia":[{"embeddable":true,"href":"https:\/\/www.europesays.com\/it\/wp-json\/wp\/v2\/media\/541139"}],"wp:attachment":[{"href":"https:\/\/www.europesays.com\/it\/wp-json\/wp\/v2\/media?parent=541138"}],"wp:term":[{"taxonomy":"category","embeddable":true,"href":"https:\/\/www.europesays.com\/it\/wp-json\/wp\/v2\/categories?post=541138"},{"taxonomy":"post_tag","embeddable":true,"href":"https:\/\/www.europesays.com\/it\/wp-json\/wp\/v2\/tags?post=541138"}],"curies":[{"name":"wp","href":"https:\/\/api.w.org\/{rel}","templated":true}]}}