{"id":541161,"date":"2026-06-16T04:48:33","date_gmt":"2026-06-16T04:48:33","guid":{"rendered":"https:\/\/www.europesays.com\/it\/541161\/"},"modified":"2026-06-16T04:48:33","modified_gmt":"2026-06-16T04:48:33","slug":"mondiali-preghiera-insieme-giocatori-di-germania-e-curacao-dopo-la-partita","status":"publish","type":"post","link":"https:\/\/www.europesays.com\/it\/541161\/","title":{"rendered":"Mondiali, preghiera insieme giocatori di Germania e Cura\u00e7ao dopo la partita"},"content":{"rendered":"<p>                                Il tedesco Nmecha, autore del primo gol, \u00e8 andato allo stadio con una Bibbia: &#8220;Siamo avversari, ma prima di tutto fratelli cristiani. Abbiamo fatto una piccola preghiera insieme e ne siamo orgogliosi&#8221;<\/p>\n<p class=\"paragraph\" spellcheck=\"true\">Paul Hubbard, da lass\u00f9, avr\u00e0 sorriso commosso. La storia dell\u2019huddle &#8211; i giocatori in cerchio prima o dopo le partite &#8211; nasce da un eccesso di furbizia. Paul era il quarterback della Gallaudet University di Washington. Nell\u2019autunno del 1894 affront\u00f2 una squadra di giocatori sordi, cos\u00ec radun\u00f2 i suoi in un cerchio a met\u00e0 campo per non far vedere i gesti di campo agli avversari. Dopo cent\u2019anni e passa siamo ancora qui a parlare di \u201chuddle\u201d e delle sue evoluzioni. L\u2019ultima, simbolica e di spessore, si \u00e8 vista domenica allo Houston Stadium alla fine di Germania-Cura\u00e7ao.<\/p>\n<p>        il gesto\u2014 \u00a0<\/p>\n<p class=\"paragraph\" spellcheck=\"true\">Alcuni giocatori delle due squadre si sono radunati nel famoso cerchio inventato da Paul per pregare insieme, abbracciati. L\u2019ha svelato Felix Nmecha nel post partita, autore del gol dell\u20191-0 e del rigore guadagnato con astuzia nel primo tempo, lo stesso che si \u00e8 presentato allo stadio con una bibbia che stava leggendo sul pullman che ha accompagnato la squadra al terreno di gioco. \u201cSiamo avversari, ma prima di tutto siamo fratelli cristiani. Ogni volta che scendo in campo, non lo faccio per me stesso, ma per dare gloria a Dio. Abbiamo fatto una piccola preghiera, insieme, e ne siamo orgogliosi\u201d. Della Germania c\u2019era anche Jonathan Tah, centralone del Bayer Monaco, mentre di Cura\u00e7ao erano in cinque: Joshua Brenet, Jeremy Antonisse, Gervane Kastaneer, Jurien Gaari e Kenji Gorre. Dopo aver perso 7-1 al debutto Mondiale, i ragazzi del Mar dei Caraibi si sono radunati insieme, a centrocampo, andando oltre la rivalit\u00e0 di gioco. I giocatori di Advocaat avevano pregato anche prima della partita. Lo chiamano \u201chuddle\u201d, che in italiano sta per \u201craggrupparsi\u201d, ma \u00e8 la vita.<\/p>\n","protected":false},"excerpt":{"rendered":"Il tedesco Nmecha, autore del primo gol, \u00e8 andato allo stadio con una Bibbia: &#8220;Siamo avversari, ma prima&hellip;\n","protected":false},"author":3,"featured_media":541162,"comment_status":"","ping_status":"","sticky":false,"template":"","format":"standard","meta":{"footnotes":"","_share_on_mastodon":"0"},"categories":[1452],"tags":[8809,290431,8449,298201,298202,22537,721,921,17534,8789,131882,1740,322,298203,3044,3412,2024,1976,298200,1537,90,89,78066,1290,17156,1698,1739,245,244],"class_list":["post-541161","post","type-post","status-publish","format-standard","has-post-thumbnail","category-calcio","tag-autore","tag-autore-gol","tag-avversari","tag-avversari-fratelli","tag-avversari-fratelli-cristiani","tag-bibbia","tag-calcio","tag-campo","tag-cerchio","tag-cristiani","tag-curacao","tag-football","tag-fratelli","tag-fratelli-cristiani","tag-germania","tag-giocatori","tag-gioco","tag-gol","tag-huddle","tag-it","tag-italia","tag-italy","tag-nmecha","tag-partita","tag-paul","tag-preghiera","tag-soccer","tag-sport","tag-sports"],"share_on_mastodon":{"url":"https:\/\/pubeurope.com\/@it\/116757981386099512","error":""},"_links":{"self":[{"href":"https:\/\/www.europesays.com\/it\/wp-json\/wp\/v2\/posts\/541161","targetHints":{"allow":["GET"]}}],"collection":[{"href":"https:\/\/www.europesays.com\/it\/wp-json\/wp\/v2\/posts"}],"about":[{"href":"https:\/\/www.europesays.com\/it\/wp-json\/wp\/v2\/types\/post"}],"author":[{"embeddable":true,"href":"https:\/\/www.europesays.com\/it\/wp-json\/wp\/v2\/users\/3"}],"replies":[{"embeddable":true,"href":"https:\/\/www.europesays.com\/it\/wp-json\/wp\/v2\/comments?post=541161"}],"version-history":[{"count":0,"href":"https:\/\/www.europesays.com\/it\/wp-json\/wp\/v2\/posts\/541161\/revisions"}],"wp:featuredmedia":[{"embeddable":true,"href":"https:\/\/www.europesays.com\/it\/wp-json\/wp\/v2\/media\/541162"}],"wp:attachment":[{"href":"https:\/\/www.europesays.com\/it\/wp-json\/wp\/v2\/media?parent=541161"}],"wp:term":[{"taxonomy":"category","embeddable":true,"href":"https:\/\/www.europesays.com\/it\/wp-json\/wp\/v2\/categories?post=541161"},{"taxonomy":"post_tag","embeddable":true,"href":"https:\/\/www.europesays.com\/it\/wp-json\/wp\/v2\/tags?post=541161"}],"curies":[{"name":"wp","href":"https:\/\/api.w.org\/{rel}","templated":true}]}}