{"id":541241,"date":"2026-06-16T05:55:17","date_gmt":"2026-06-16T05:55:17","guid":{"rendered":"https:\/\/www.europesays.com\/it\/541241\/"},"modified":"2026-06-16T05:55:17","modified_gmt":"2026-06-16T05:55:17","slug":"fiat-500-topolino-festa-per-i-90-anni-del-mito-lutiliataria-che-ha-cambiato-litalia","status":"publish","type":"post","link":"https:\/\/www.europesays.com\/it\/541241\/","title":{"rendered":"Fiat 500 Topolino, festa per i 90 anni del mito: l&#8217;utiliataria che ha cambiato l&#8217;Italia"},"content":{"rendered":"<p>Torino si \u00e8 trasformata, nei giorni scorsi, in un museo a cielo aperto per celebrare un traguardo storico: il novantesimo compleanno della <strong>Fiat 500 Topolino<\/strong>. Dall\u201911 al 14 giugno 2026, oltre 130 equipaggi provenienti da tutta Europa e persino dalla Nuova Zelanda si sono ritrovati nel capoluogo piemontese per l\u2019evento <strong>\u201cLa Topolino va ai 90\u201d<\/strong>, organizzato dal Topolino Autoclub Italia.<\/p>\n<p>L\u2019apice della manifestazione si \u00e8 raggiunto sabato 13 giugno in piazza Vittorio Veneto, dove la parata di vetture con i tettucci aperti e le valigie di cartone sui portapacchi ha ricreato l\u2019atmosfera dell\u2019Italia del dopoguerra, dimostrando come questa \u201cpiccola grande auto\u201d sia ancora oggi nel cuore di migliaia di <strong>collezionisti<\/strong>.\n<\/p>\n<p>Una genesi difficile<\/p>\n<p>La storia della Topolino affonda le radici negli anni Trenta, quando Benito Mussolini convoc\u00f2 il senatore <strong>Giovanni Agnelli<\/strong> con un obiettivo ambizioso: creare una vettura economica, da sole <strong>5.000 lire<\/strong>, per motorizzare massicciamente il Paese. La progettazione fu complessa e segnata da momenti tesi.<\/p>\n<p>Inizialmente, il tecnico Oreste Lardone propose un prototipo a trazione anteriore che, durante un collaudo alla presenza dello stesso Agnelli, prese fuoco. L\u2019incidente port\u00f2 all\u2019immediata esclusione di Lardone e al divieto temporaneo di sviluppare auto a trazione anteriore all\u2019interno di Fiat.<\/p>\n<p>La sfida pass\u00f2 allora nelle mani di un giovane e coraggioso progettista, <strong>Dante Giacosa<\/strong>. Giacosa riusc\u00ec a miniaturizzare i concetti della Balilla, introducendo innovazioni geniali votate al risparmio, che trasformarono l\u2019auto in un piccolo capolavoro di ingegneria. Il 10 giugno 1936, a Villa Torlonia, venne presentata ufficialmente la Fiat 500. Sebbene il prezzo finale di <strong>8.900 lire<\/strong> fosse superiore alle aspettative iniziali, gli italiani la accolsero con entusiasmo, ribattezzandola affettuosamente <strong>\u201cTopolino\u201d<\/strong> per la somiglianza del frontale con il celebre personaggio della Disney.<\/p>\n<p>Evoluzione di un mito<\/p>\n<p>La produzione della Topolino continu\u00f2 per due decenni, evolvendosi nei modelli <strong>500 A, B e C<\/strong> fino al 1955. Ogni versione portava con s\u00e9 piccole rivoluzioni tecniche: se la prima 500 A montava un motore da 569 cc capace di soli 13 CV, le versioni successive affinarono comfort e prestazioni. Tra le varianti pi\u00f9 curiose spicca la <strong>500 C Giardiniera<\/strong>, caratterizzata da fiancate con listelli in legno di frassino. Questa scelta non fu solo estetica, ma serv\u00ec a dare lavoro alle maestranze specializzate che, prima della guerra, realizzavano scocche in legno.<\/p>\n<p>Un altro modello iconico presente al raduno di Torino \u00e8 stata la <strong>Belvedere<\/strong>, evoluzione interamente in lamiera della Giardiniera, ricordata come \u201cl\u2019auto dei preti\u201d per la sua grande diffusione tra i parroci di campagna degli anni Cinquanta. Tra le rarit\u00e0 esposte, ha incantato il pubblico una 500 A svedese del 1936, rimasta nascosta in un fienile dallo scoppio della seconda guerra mondiale fino al 2019, conservata in condizioni originali e mai restaurata.<\/p>\n<p>Perch\u00e9 la Topolino \u00e8 cos\u00ec importante<\/p>\n<p>L\u2019importanza della <a href=\"https:\/\/www.virgilio.it\/motori\/auto-epoca\/fiat-500-topolino-storia\/326354\/\" rel=\"nofollow noopener\" target=\"_blank\">Fiat Topolino<\/a> va ben oltre la meccanica. Essa rappresenta lo <strong>spirito di rinascita<\/strong> del Bel Paese. Ha attraversato indenne un conflitto mondiale, diventando \u201cun pezzo di casa mobile\u201d e un rifugio per le famiglie in un\u2019Italia lacerata e impoverita. Con circa <strong>520.000 esemplari venduti<\/strong>, la Topolino ha assolto la sua missione di motorizzazione di massa, congedandosi nel 1955 per lasciare il posto alla <a href=\"https:\/\/www.virgilio.it\/motori\/auto\/fiat-600-70-anni-auto-moto-turin-show\/274021\/\" rel=\"nofollow noopener\" target=\"_blank\">600<\/a> e al boom economico. Ancora oggi, vedere sfilare queste vetture a 80 km\/h senza i moderni sistemi di sicurezza ricorda un\u2019epoca in cui \u201cbastavano 13 CV per muovere il mondo\u201d. La sua eredit\u00e0 vive nel design delle moderne utilitarie, confermandosi come la prima vera auto per tutti gli italiani.<\/p>\n","protected":false},"excerpt":{"rendered":"Torino si \u00e8 trasformata, nei giorni scorsi, in un museo a cielo aperto per celebrare un traguardo storico:&hellip;\n","protected":false},"author":3,"featured_media":541242,"comment_status":"","ping_status":"","sticky":false,"template":"","format":"standard","meta":{"footnotes":"","_share_on_mastodon":"0"},"categories":[79],"tags":[8902,14,93,94,1537,90,89,7,15,11,84,91,12,85,92],"class_list":["post-541241","post","type-post","status-publish","format-standard","has-post-thumbnail","category-italia","tag-auto-depoca","tag-cronaca","tag-cronaca-italiana","tag-cronacaitaliana","tag-it","tag-italia","tag-italy","tag-news","tag-notizie","tag-ultime-notizie","tag-ultime-notizie-e-news-di-oggi","tag-ultime-notizie-italia","tag-ultimenotizie","tag-ultimenotizieenewsdioggi","tag-ultimenotizieitalia"],"share_on_mastodon":{"url":"https:\/\/pubeurope.com\/@it\/116758244761156582","error":""},"_links":{"self":[{"href":"https:\/\/www.europesays.com\/it\/wp-json\/wp\/v2\/posts\/541241","targetHints":{"allow":["GET"]}}],"collection":[{"href":"https:\/\/www.europesays.com\/it\/wp-json\/wp\/v2\/posts"}],"about":[{"href":"https:\/\/www.europesays.com\/it\/wp-json\/wp\/v2\/types\/post"}],"author":[{"embeddable":true,"href":"https:\/\/www.europesays.com\/it\/wp-json\/wp\/v2\/users\/3"}],"replies":[{"embeddable":true,"href":"https:\/\/www.europesays.com\/it\/wp-json\/wp\/v2\/comments?post=541241"}],"version-history":[{"count":0,"href":"https:\/\/www.europesays.com\/it\/wp-json\/wp\/v2\/posts\/541241\/revisions"}],"wp:featuredmedia":[{"embeddable":true,"href":"https:\/\/www.europesays.com\/it\/wp-json\/wp\/v2\/media\/541242"}],"wp:attachment":[{"href":"https:\/\/www.europesays.com\/it\/wp-json\/wp\/v2\/media?parent=541241"}],"wp:term":[{"taxonomy":"category","embeddable":true,"href":"https:\/\/www.europesays.com\/it\/wp-json\/wp\/v2\/categories?post=541241"},{"taxonomy":"post_tag","embeddable":true,"href":"https:\/\/www.europesays.com\/it\/wp-json\/wp\/v2\/tags?post=541241"}],"curies":[{"name":"wp","href":"https:\/\/api.w.org\/{rel}","templated":true}]}}