{"id":541315,"date":"2026-06-16T07:05:14","date_gmt":"2026-06-16T07:05:14","guid":{"rendered":"https:\/\/www.europesays.com\/it\/541315\/"},"modified":"2026-06-16T07:05:14","modified_gmt":"2026-06-16T07:05:14","slug":"stazione-termini-gli-architetti-il-piazzale-un-non-luogo-e-stato-tradito-lo-spirito-del-progetto-iniziale","status":"publish","type":"post","link":"https:\/\/www.europesays.com\/it\/541315\/","title":{"rendered":"Stazione Termini, gli architetti: \u00abIl piazzale? Un non luogo, \u00e8 stato tradito lo spirito del progetto iniziale\u00bb"},"content":{"rendered":"<p>    di<br \/>\n    Andrea Arzilli<\/p>\n<p class=\"summary-art is-line-h-12\">Lorenzo Busnengo, vicepresidente dell\u2019Ordine degli architetti di Roma (Oar): \u00ab\u00c8 qui che spesso si incagliano le opere pubbliche a Roma, trasformando le buone intenzioni in cantieri infiniti\u00bb<\/p>\n<p class=\"chapter-paragraph\">A Termini un <b>\u00abprogetto stravolto\u00bb<\/b> nel merito, al momento<b><a href=\"https:\/\/roma.corriere.it\/notizie\/cronaca\/26_giugno_09\/termini-il-cantiere-infinito-lo-slalom-tra-le-transenne-e-quei-lavori-gia-da-rifare-810ee7ea-0fdc-4d1a-a6ac-5b9f99786xlk.shtml\" rel=\"nofollow noopener\" target=\"_blank\"> ancora avvolto nei teloni dei cantieri loggati Giubileo 2025 <\/a><\/b>anche se siamo abbondantemente nell\u2019anno successivo. \u00abLavori conclusi entro l\u2019estate\u00bb, conferma<b> l\u2019Anas <\/b>che li sta portando avanti e che, probabilmente, in <b>alcune aree gi\u00e0 molto usurate<\/b> della piazza antistante alla stazione, dovr\u00e0 ricominciare a delimitare gli spazi per montare<b> nuovi cantieri<\/b>. Il problema, per\u00f2, sembra al di l\u00e0 dei teloni di oggi. Perch\u00e9, osservando oltre le reti, si tratta di \u00abun <b>progetto completamente diverso da quello che aveva vinto il concorso<\/b> \u2014 dice <b>Lorenzo Busnengo, vicepresidente dell\u2019Ordine degli architetti di Roma <\/b>(Oar) \u2014. \u00c8 qui che spesso si incagliano le opere pubbliche a Roma, <b>trasformando le buone intenzioni in cantieri infiniti<\/b>\u00bb.<\/p>\n<p>    L&#8217;appello dell&#8217;Oar: \u00abIl Comune non sprechi un&#8217;occasione storica\u00bb<\/p>\n<p class=\"chapter-paragraph\">Il rischio, cio\u00e8, che la citt\u00e0 si ritrovi diversa da come, in termini di nuova vivibilit\u00e0, l\u2019aveva pensata chi l\u2019amministra. Come se, a un certo punto, le <b>cose sfuggissero di mano<\/b>, e i progetti cambiassero direzione <b>perdendo il filo concettuale e filologico <\/b>con sui sono stati ricamati. Termini, in questo senso, potrebbe essere l\u2019esempio di cui tener conto, per dimensioni e spesa pubblica, ma anche perch\u00e9 <b><a href=\"https:\/\/roma.corriere.it\/notizie\/cronaca\/26_giugno_09\/termini-il-cantiere-infinito-lo-slalom-tra-le-transenne-e-quei-lavori-gia-da-rifare-810ee7ea-0fdc-4d1a-a6ac-5b9f99786xlk.shtml\" rel=\"nofollow noopener\" target=\"_blank\">i cantieri sono sempre l\u00ec sulla piazza<\/a><\/b> e, forse, si fa ancora in tempo a recuperare il tiro. \u00abChiediamo all\u2019amministrazione attenzione e rispetto dell\u2019idea progettuale originaria per <b>non sprecare un\u2019occasione storica<\/b>\u00bb, l\u2019appello dell\u2019Oar.    &#13;<br \/>\n&#13;<br \/>\n&#13;<br \/>\n&#13;<br \/>\n&#13;<br \/>\n&#13;<br \/>\n&#13;<br \/>\n&#13;<br \/>\n&#13;<br \/>\n&#13;<br \/>\n&#13;<br \/>\n&#13;<br \/>\n&#13;<br \/>\n&#13;<br \/>\n&#13;<br \/>\n&#13;<br \/>\n&#13;<br \/>\n&#13;<br \/>\n&#13;<br \/>\n&#13;<br \/>\n&#13;<br \/>\n&#13;<br \/>\n&#13;<br \/>\n&#13;<br \/>\n&#13;<br \/>\n&#13;<br \/>\n&#13;<br \/>\n&#13;<br \/>\n&#13;<br \/>\n&#13;<br \/>\n&#13;<br \/>\n&#13;<br \/>\n&#13;<br \/>\n&#13;<br \/>\n&#13;<br \/>\n&#13;<br \/>\n&#13;<br \/>\n&#13;<br \/>\n&#13;<br \/>\n&#13;<br \/>\n&#13;<br \/>\n&#13;<br \/>\n&#13;<br \/>\n&#13;<br \/>\n&#13;<br \/>\n&#13;<br \/>\n&#13;<br \/>\n&#13;<br \/>\n&#13;<br \/>\n&#13;<br \/>\n&#13;<br \/>\n&#13;<br \/>\n&#13;\n<\/p>\n<p>    Il metodo della gara internazionale<\/p>\n<p class=\"chapter-paragraph\">Perch\u00e9 evidentemente, come sostengono gli architetti, <b>qualcosa \u00e8 andato storto<\/b>. E ci\u00f2 nonostante un metodo consolidato, \u00absostenuto dall\u2019Ordine per garantire la massima qualit\u00e0\u00bb, e dal respiro mondiale, ovvero calibrato sulle dimensioni, sull\u2019occasione del Giubileo e sulla storia della Capitale. La <b>via della gara internazionale<\/b> \u2014 bandita nel 2020 da <b>GS Rail  con FS Sistemi Urbani e Comune di Roma<\/b>, vinta nel 2021 da un team composto da It\u2019s, TVK, Artelia, Net engineering, Latitude Platform e Rustici \u2014 era quella che sembrava dare<b> maggiori garanzie per la trasformazione di piazza dei Cinquecento<\/b> in relazione alla marea di milioni \u2014 circa <b>45 tra fondi giubilari e risorse del Mit<\/b> \u2014 stanziata per il maxi intervento, il pi\u00f9 importante  del Giubileo.\u00a0<\/p>\n<p>    Il progetto nato dalla matita degli architetti<\/p>\n<p class=\"chapter-paragraph\">C\u2019era da affrontare il tema della<b> ricostruzione filologica del luogo<\/b> per proiettarlo nell\u2019era moderna dandogli il <b>significato giubilare dell\u2019accoglienza<\/b>, ma tenendo ferme le coordinate della sostenibilit\u00e0 ambientale, dell\u2019aumento dei flussi  e dell\u2019avanzata della tecnologia. Giunte le <b>proposte preliminari uscite  dalla matita dei architetti<\/b>, le migliori erano state selezionate per conoscerne anche i requisiti di fattibilit\u00e0 tecnica ed economica. Quindi la scelta del vincitore e l\u2019<b>affidamento dell\u2019incarico per la progettazione<\/b>.\u00a0<\/p>\n<p>    \u00abOra non \u00e8 una piazza, \u00e8 un non luogo\u00bb<\/p>\n<p class=\"chapter-paragraph\">Dopodich\u00e9, sul piano puramente esecutivo, la cosa sembra aver preso un\u2019altra strada. \u00ab\u00c8 la porta d\u2019ingresso di Roma, ma <b>ora non \u00e8 una piazza<\/b><a href=\"https:\/\/roma.corriere.it\/notizie\/cronaca\/26_marzo_01\/stazione-termini-un-mese-di-operazione-sicurezza-agenti-e-militari-hanno-blindato-tutto-92b89d7c-8b2f-408f-bb20-b972f1658xlk.shtml\" title=\"Stazione Termini, un mese di operazione sicurezza. Agenti e militari hanno blindato tutto\" rel=\"nofollow noopener\" target=\"_blank\">. \u00c8 un <b>non-luogo che necessita disperatamente di una riqualificazione virtuosa<\/b> <\/a>\u2014 dice ancora Busnego \u2014. Nonostante le criticit\u00e0 attuali, il metodo del concorso rimane l\u2019unico virtuoso per trasformare la citt\u00e0, come dimostrano i <b>progetti del Museo della Scienza<\/b> o la rigenerazione di zone complesse: solo la visione  dell\u2019architetto pu\u00f2 ricucire il tessuto sociale e urbanistico restituendo spazi di  identitari e a misura di cittadino\u00bb.<\/p>\n<p class=\"is-mr-t-20 is-mr-b-20\"><b><br \/>\n                    <a href=\"https:\/\/roma.corriere.it\/?intcmp=Notizielocali_nd_010623_corriere_ss_roma\" target=\"_blank\" rel=\"nofollow noopener\">Vai a tutte le notizie di Roma<\/a><br \/>\n            <\/b><\/p>\n<p class=\"chapter-paragraph\"><b><a href=\"https:\/\/www.corriere.it\/newsletter\/?theme=52&amp;intcmp=NL-artic_nd_050624_corriere_ss_roma\" target=\"_blank\" rel=\"nofollow noopener\">Iscriviti alla newsletter di Corriere Roma<\/a><\/b><\/p>\n<p class=\"is-last-update\" datetime=\"2026-06-16T06:56:58+02:00\">16 giugno 2026<\/p>\n<p class=\"is-copyright\">\n            \u00a9 RIPRODUZIONE RISERVATA\n        <\/p>\n","protected":false},"excerpt":{"rendered":"di Andrea Arzilli Lorenzo Busnengo, vicepresidente dell\u2019Ordine degli architetti di Roma (Oar): \u00ab\u00c8 qui che spesso si incagliano&hellip;\n","protected":false},"author":3,"featured_media":541316,"comment_status":"","ping_status":"","sticky":false,"template":"","format":"standard","meta":{"footnotes":"","_share_on_mastodon":"0"},"categories":[1446],"tags":[840,298261,14450,293072,298262,1615,1613,1614,1611,1610,17512,298263,298264,293073,298265,298266,318,298267,393,5274,1612,28332,203,629,35263,5987,298268,298269,298270,191212,2628,298271,298272,832,204,1537,90,89,3417,298273,298274,119372,298275,5950,298260,298276,298277,3205,6183,5543,2851,987,3425],"class_list":["post-541315","post","type-post","status-publish","format-standard","has-post-thumbnail","category-arte-e-design","tag-appello","tag-appello-oar","tag-architetti","tag-architetti-roma","tag-architetti-roma-oar","tag-arte","tag-arte-e-design","tag-arteedesign","tag-arts","tag-arts-and-design","tag-buone","tag-buone-intenzioni","tag-buone-intenzioni-cantieri","tag-busnengo","tag-busnengo-vicepresidente","tag-busnengo-vicepresidente-ordine","tag-cantieri","tag-cantieri-infiniti","tag-comune","tag-concorso","tag-design","tag-dimensioni","tag-entertainment","tag-gara","tag-gara-internazionale","tag-giubileo","tag-incagliano","tag-incagliano-opere","tag-incagliano-opere-pubbliche","tag-infiniti","tag-intenzioni","tag-intenzioni-cantieri","tag-intenzioni-cantieri-infiniti","tag-internazionale","tag-intrattenimento","tag-it","tag-italia","tag-italy","tag-lorenzo","tag-lorenzo-busnengo","tag-lorenzo-busnengo-vicepresidente","tag-matita","tag-matita-architetti","tag-metodo","tag-oar","tag-oar-incagliano","tag-oar-incagliano-opere","tag-occasione","tag-ordine","tag-piazza","tag-progetto","tag-roma","tag-termini"],"share_on_mastodon":{"url":"","error":"Validation failed: Text character limit of 500 exceeded"},"_links":{"self":[{"href":"https:\/\/www.europesays.com\/it\/wp-json\/wp\/v2\/posts\/541315","targetHints":{"allow":["GET"]}}],"collection":[{"href":"https:\/\/www.europesays.com\/it\/wp-json\/wp\/v2\/posts"}],"about":[{"href":"https:\/\/www.europesays.com\/it\/wp-json\/wp\/v2\/types\/post"}],"author":[{"embeddable":true,"href":"https:\/\/www.europesays.com\/it\/wp-json\/wp\/v2\/users\/3"}],"replies":[{"embeddable":true,"href":"https:\/\/www.europesays.com\/it\/wp-json\/wp\/v2\/comments?post=541315"}],"version-history":[{"count":0,"href":"https:\/\/www.europesays.com\/it\/wp-json\/wp\/v2\/posts\/541315\/revisions"}],"wp:featuredmedia":[{"embeddable":true,"href":"https:\/\/www.europesays.com\/it\/wp-json\/wp\/v2\/media\/541316"}],"wp:attachment":[{"href":"https:\/\/www.europesays.com\/it\/wp-json\/wp\/v2\/media?parent=541315"}],"wp:term":[{"taxonomy":"category","embeddable":true,"href":"https:\/\/www.europesays.com\/it\/wp-json\/wp\/v2\/categories?post=541315"},{"taxonomy":"post_tag","embeddable":true,"href":"https:\/\/www.europesays.com\/it\/wp-json\/wp\/v2\/tags?post=541315"}],"curies":[{"name":"wp","href":"https:\/\/api.w.org\/{rel}","templated":true}]}}