{"id":541384,"date":"2026-06-16T08:04:15","date_gmt":"2026-06-16T08:04:15","guid":{"rendered":"https:\/\/www.europesays.com\/it\/541384\/"},"modified":"2026-06-16T08:04:15","modified_gmt":"2026-06-16T08:04:15","slug":"de-roon-che-beffa-prendere-gol-di-testa-dal-giappone","status":"publish","type":"post","link":"https:\/\/www.europesays.com\/it\/541384\/","title":{"rendered":"De Roon: &#8220;Che beffa prendere gol di testa dal Giappone&#8221;"},"content":{"rendered":"<p>                                All&#8217;esordio l&#8217;atalantino non \u00e8 sceso in campo: &#8220;Potevamo fare meglio, \u00e8 stato un finale amaro per\u00f2 abbiamo buone aspettative per il torneo&#8221;.\u00a0<\/p>\n<p class=\"paragraph\" spellcheck=\"true\">La scena pi\u00f9 divertente, che rispecchia anche i timori dei giocatori nell\u2019esporsi, \u00e8 sentire Marten De Roon che racconta come \u00e8 stata accolta nello spogliatoio dell\u2019Olanda la notizia del passaggio di Denzel Dumfries dall\u2019Inter al Real Madrid, e dall\u2019altra parte della sala nello stadio di Dallas l\u2019interista che per due volte nega il trasferimento e si sente vicino ai tifosi dell\u2019Inter che per lui \u201csono una famiglia\u201d, ma adesso pensa \u201csolo al Mondiale\u201d. Come ci pensa l\u2019atalantino, che domenica nell\u2019esordio non \u00e8 stato utilizzato, ma il torneo \u00e8 lungo, e poi dall\u2019alto dei gradi pi\u00f9 anziano della rosa (batte di tre mesi Virgil van Dijk) non sfugge al ruolo di coscienza critica della sua nazionale: \u201cContro il Giappone potevamo fare meglio: \u00e8 stato un finale amaro\u201d.\u00a0<\/p>\n<p class=\"paragraph\" spellcheck=\"true\">\u201cPerch\u00e9 siamo andati due volte in vantaggio, poi alla fine pareggiare prendendo gol da corner contro il Giappone non \u00e8 il massimo. Per\u00f2 vabb\u00e8, partiamo con un pareggio, all&#8217;inizio abbiamo giocato abbastanza bene, credo che sia stata un po\u2019 una partita a scacchi, con tutti a turno molto bassi, per\u00f2 se vai due volte avanti, puoi portare i tre punti a casa\u201d.\u00a0<\/p>\n<p class=\"paragraph\" spellcheck=\"true\"><b>Non vi siete chiusi troppo?\u00a0<\/b><\/p>\n<p class=\"paragraph\" spellcheck=\"true\">\u201cNo, secondo me no, ma abbiamo continuato a giocare cos\u00ec come era andata bene per 85 minuti. Forse con l&#8217;entrata di Brobbey il ct ha provato a mettere il 5-3-2 perch\u00e9 loro hanno attaccato pi\u00f9 sulle fasce, \u00e8 l\u00ec che ci hanno messo un pochino in difficolt\u00e0, per\u00f2 ripeto che alla fine su corner con la nostra altezza non dobbiamo prendere gol\u201d.\u00a0\u00a0<\/p>\n<p class=\"paragraph\" spellcheck=\"true\"><b>Malen contro Suzuki, sembrava di stare in Serie A?\u00a0<\/b><\/p>\n<p class=\"paragraph\" spellcheck=\"true\">\u201cEsatto. Se quell\u2019occasione di Malen all\u2019inizio entra, diventa tutta un\u2019altra partita, per\u00f2 il portiere del Parma ha respinto, peccato. Abbiamo buone aspettative per il torneo, l\u2019ambiente \u00e8 ok, in questo bellissimo stadio non c\u2019era nemmeno il problema del caldo perch\u00e9 c\u2019\u00e8 l\u2019aria condizionata. Siamo in ritiro a Kansas, un&#8217;ora e mezza da qua, con strutture bellissime, \u00e8 organizzato tutto al top. L&#8217;unica cosa a cui non dobbiamo pensare \u00e8 a questa partita e andare avanti\u201d.\u00a0\u00a0<\/p>\n<p class=\"paragraph\" spellcheck=\"true\"><b>L\u2019Italia non c\u2019\u00e8, i tifosi atalantini tiferanno un po\u2019 per te?\u00a0<\/b><\/p>\n<p class=\"paragraph\" spellcheck=\"true\">\u201cE io gioco un po\u2019 anche per loro\u201d.\u00a0\u00a0<\/p>\n<p class=\"paragraph\" spellcheck=\"true\"><b>Ti sono arrivati messaggi dall\u2019Italia?\u00a0<\/b><\/p>\n<p class=\"paragraph\" spellcheck=\"true\">\u201cS\u00ec, tantissimi e da tantissimi amici di Bergamo. Pure dal mister Palladino, da Gasperini, da Tullio Gritti, il suo vice. Praticamente da tutta Italia, da tutti i compagni; tutta Bergamo \u00e8 dietro di me, allora spero di fare una bella figura\u201d.\u00a0<\/p>\n<p class=\"paragraph\" spellcheck=\"true\"><b>Cosa avete detto a Dumfries sul suo passaggio al Real Madrid?\u00a0<\/b><\/p>\n<p><a class=\"is-partner-link\" href=\"https:\/\/abbonamenti.gazzetta.it\/de-promo-mondiali\/?pwcmp=cta&amp;forceBrowser=true\" rel=\"nofollow noopener\" target=\"_blank\">Gazzetta Mondiale: ogni notte un\u2019edizione straordinaria esclusiva. Non perdertela, abbonati a 1\u20ac\/mese!<\/a><\/p>\n<p class=\"paragraph\" spellcheck=\"true\">\u201cSiamo contenti per lui, abbiamo fatto un applauso quando \u00e8 entrato dopo forse le visite mediche, secondo me \u00e8 quasi fatta.\u00a0\u00c8 un gran trasferimento, il Real Madrid \u00e8 uno dei pi\u00f9 grandi club nel mondo e Denzel l&#8217;ha meritato con le prestazioni degli ultimi anni\u201d.<\/p>\n<p class=\"is-copyright\">\u00a9 RIPRODUZIONE RISERVATA<\/p>\n","protected":false},"excerpt":{"rendered":"All&#8217;esordio l&#8217;atalantino non \u00e8 sceso in campo: &#8220;Potevamo fare meglio, \u00e8 stato un finale amaro per\u00f2 abbiamo buone&hellip;\n","protected":false},"author":3,"featured_media":541385,"comment_status":"","ping_status":"","sticky":false,"template":"","format":"standard","meta":{"footnotes":"","_share_on_mastodon":"0"},"categories":[176],"tags":[2537,3647,9707,298309,172181,1687,17512,298310,298311,57301,3255,277,57069,49392,2149,31512,11125,1426,175629,5941,1976,1302,350,1537,90,89,5382,130882,1290,2511,8176,11377,28270,245,244,6663],"class_list":["post-541384","post","type-post","status-publish","format-standard","has-post-thumbnail","category-sport","tag-altra","tag-amaro","tag-aspettative","tag-aspettative-torneo","tag-atalantino","tag-bergamo","tag-buone","tag-buone-aspettative","tag-buone-aspettative-torneo","tag-contenti","tag-corner","tag-de","tag-de-roon","tag-denzel","tag-dobbiamo","tag-dumfries","tag-esordio","tag-finale","tag-finale-amaro","tag-giappone","tag-gol","tag-inizio","tag-inter","tag-it","tag-italia","tag-italy","tag-madrid","tag-malen","tag-partita","tag-passaggio","tag-pensa","tag-real","tag-real-madrid","tag-sport","tag-sports","tag-torneo"],"share_on_mastodon":{"url":"https:\/\/pubeurope.com\/@it\/116758751965985442","error":""},"_links":{"self":[{"href":"https:\/\/www.europesays.com\/it\/wp-json\/wp\/v2\/posts\/541384","targetHints":{"allow":["GET"]}}],"collection":[{"href":"https:\/\/www.europesays.com\/it\/wp-json\/wp\/v2\/posts"}],"about":[{"href":"https:\/\/www.europesays.com\/it\/wp-json\/wp\/v2\/types\/post"}],"author":[{"embeddable":true,"href":"https:\/\/www.europesays.com\/it\/wp-json\/wp\/v2\/users\/3"}],"replies":[{"embeddable":true,"href":"https:\/\/www.europesays.com\/it\/wp-json\/wp\/v2\/comments?post=541384"}],"version-history":[{"count":0,"href":"https:\/\/www.europesays.com\/it\/wp-json\/wp\/v2\/posts\/541384\/revisions"}],"wp:featuredmedia":[{"embeddable":true,"href":"https:\/\/www.europesays.com\/it\/wp-json\/wp\/v2\/media\/541385"}],"wp:attachment":[{"href":"https:\/\/www.europesays.com\/it\/wp-json\/wp\/v2\/media?parent=541384"}],"wp:term":[{"taxonomy":"category","embeddable":true,"href":"https:\/\/www.europesays.com\/it\/wp-json\/wp\/v2\/categories?post=541384"},{"taxonomy":"post_tag","embeddable":true,"href":"https:\/\/www.europesays.com\/it\/wp-json\/wp\/v2\/tags?post=541384"}],"curies":[{"name":"wp","href":"https:\/\/api.w.org\/{rel}","templated":true}]}}