{"id":541401,"date":"2026-06-16T08:20:10","date_gmt":"2026-06-16T08:20:10","guid":{"rendered":"https:\/\/www.europesays.com\/it\/541401\/"},"modified":"2026-06-16T08:20:10","modified_gmt":"2026-06-16T08:20:10","slug":"lascesa-di-tommaso-dati-pronto-per-il-world-tour-sogno-le-olimpiadi-la-milano-sanremo-mi-affascina","status":"publish","type":"post","link":"https:\/\/www.europesays.com\/it\/541401\/","title":{"rendered":"L&#8217;ascesa di Tommaso Dati: &#8220;Pronto per il World Tour. Sogno le Olimpiadi, la Milano-Sanremo mi affascina&#8221;"},"content":{"rendered":"<p class=\"isSelectedEnd\">Dopo anni di crescita costante e senza bruciare le tappe, il 2026 sembra essere l\u2019anno della definitiva consacrazione per <strong>Tommaso Dati<\/strong>. Il corridore toscano, classe 2002, sta vivendo una stagione da protagonista con la maglia del Team Ukyo, formazione Continental giapponese che gli ha permesso di compiere un importante salto di qualit\u00e0. I risultati parlano chiaro: la prima vittoria tra i professionisti alla Settimana Coppi e Bartali, il successo di tappa al Tour of the Alps davanti a corridori del calibro di Tom Pidcock, oltre a tre vittorie conquistate al Giro del Giappone. Numeri che hanno attirato l\u2019attenzione di diverse squadre World Tour. In prima fila c\u2019\u00e8 la XDS Astana, ma sul talento toscano si sarebbero mosse anche Movistar e Jayco AlUla. Dopo due stagioni alla Biesse-Carrera-Premac e un\u2019esperienza da stagista con la Cofidis, Dati sembra finalmente pronto per il grande salto. Lo abbiamo intervistato per parlare della sua crescita, delle ambizioni future e dei sogni che ancora custodisce.<\/p>\n<p class=\"isSelectedEnd\"><strong>Stai disputando una stagione straordinaria: una tappa alla Coppi &amp; Bartali, una al Tour of the Alps battendo Pidcock e tre al Giro del Giappone. Come \u00e8 avvenuto questo salto di qualit\u00e0?<br \/><\/strong>\u201cSicuramente il lavoro svolto con Michele Bartoli ha avuto un ruolo fondamentale. Ci siamo incontrati alla fine della scorsa stagione e abbiamo costruito insieme un programma molto dettagliato per migliorare alcuni aspetti nei quali ero ancora carente, soprattutto la resistenza. Abbiamo lavorato in maniera specifica e i risultati stanno arrivando\u201d.\u00a0<\/p>\n<p class=\"isSelectedEnd\"><strong>Come il Team Ukyo ha rappresentato la svolta nella tua carriera?<br \/><\/strong>\u201cQui ho trovato un ambiente estremamente professionale e una grandissima attenzione ai dettagli. Senza togliere nulla alle squadre in cui ho corso in precedenza, al Team Ukyo ogni aspetto viene curato nel minimo particolare e nulla viene lasciato al caso. Questo mi ha aiutato molto a crescere come atleta\u201d.\u00a0<\/p>\n<p class=\"isSelectedEnd\"><strong>Il tuo caso \u00e8 eclatante. Non tutti esplodono necessariamente a 18 anni: ognuno necessita dei propri tempi. A luglio compirai 24 anni. \u00c8 una storia che dovrebbe far riflettere?<br \/><\/strong>\u201cCredo che nel ciclismo servirebbe un po\u2019 pi\u00f9 di pazienza, soprattutto con i giovani. Non \u00e8 semplice essere subito pronti e performanti ad altissimi livelli fin da giovanissimi. Io ho avuto una maturazione pi\u00f9 graduale e penso che sia importante ricordare che ogni corridore ha i propri tempi di crescita\u201d.\u00a0<\/p>\n<p class=\"isSelectedEnd\"><strong>Ti senti pronto per il salto nel WorldTour, con l\u2019XDS Astana che sembra bussare alla porta?<br \/><\/strong>\u201cOltre all\u2019Astana ci sono anche altre squadre interessate, come Movistar e Jayco AlUla. Personalmente mi sento pronto. Ho lavorato per tutta la vita con l\u2019obiettivo di diventare professionista e credo che il prossimo anno potrebbe essere quello giusto per compiere questo passo\u201d.\u00a0<\/p>\n<p class=\"isSelectedEnd\"><strong>Cosa prevede il tuo calendario per la seconda parte di stagione?<br \/><\/strong>\u201cSar\u00f2 al via del Campionato Italiano in Piemonte e poi del Medio Brenta. Per il resto non abbiamo ancora definito tutto con la squadra, ma dovrei partecipare anche al Memorial Pantani e al Trofeo Matteotti. Molto dipender\u00e0 dagli inviti che riceveremo come squadra\u201d.\u00a0<\/p>\n<p class=\"isSelectedEnd\"><strong>A che livello ti vedi tra cinque anni?<br \/><\/strong>\u201cMi vedo nel professionismo. Ho un grande sogno nel cassetto: vincere le Olimpiadi. \u00c8 un obiettivo molto ambizioso, ma spero davvero di poter avere l\u2019opportunit\u00e0 di inseguirlo e magari realizzarlo\u201d.\u00a0<\/p>\n<p class=\"isSelectedEnd\"><strong>C\u2019\u00e8 una corsa dei sogni, Olimpiadi a parte, che ti piacerebbe vincere e che ritieni adatta alle tue caratteristiche?<br \/><\/strong>\u201cLa Milano-Sanremo. \u00c8 una corsa che mi ha sempre affascinato e penso che, per le mie caratteristiche, possa essere una gara adatta a me\u201d.\u00a0<\/p>\n<p class=\"isSelectedEnd\"><strong>Chi \u00e8 Tommaso Dati nella vita di tutti i giorni? Quali sono i tuoi hobby?<br \/><\/strong>\u201cNegli ultimi anni ho riscoperto il mondo degli anime giapponesi, una passione che mi accompagna nel tempo libero. Inoltre sto coltivando sempre di pi\u00f9 l\u2019interesse per la lettura e per la musica\u201d.\u00a0<\/p>\n<p class=\"isSelectedEnd\"><strong>Che musica ascolti?<br \/><\/strong>\u201cNon ho un genere preferito in assoluto, ma ascolto soprattutto rock e cantautorato italiano\u201d.\u00a0<\/p>\n<p class=\"isSelectedEnd\"><strong>C\u2019\u00e8 un corridore a cui ti ispiri?<br \/><\/strong>\u201cNon direi che ci sia qualcuno a cui mi ispiro direttamente, per\u00f2 Peter Sagan \u00e8 stato il corridore che mi ha fatto innamorare di questo sport e che mi ha spinto ad avvicinarmi al ciclismo\u201d.\u00a0<\/p>\n","protected":false},"excerpt":{"rendered":"Dopo anni di crescita costante e senza bruciare le tappe, il 2026 sembra essere l\u2019anno della definitiva consacrazione&hellip;\n","protected":false},"author":3,"featured_media":541402,"comment_status":"","ping_status":"","sticky":false,"template":"","format":"standard","meta":{"footnotes":"","_share_on_mastodon":"0"},"categories":[1456],"tags":[1824,1825,1537,90,89,87377,245,244,86984],"class_list":["post-541401","post","type-post","status-publish","format-standard","has-post-thumbnail","category-ciclismo","tag-ciclismo","tag-cycling","tag-it","tag-italia","tag-italy","tag-peter-sagan","tag-sport","tag-sports","tag-tommaso-dati"],"share_on_mastodon":{"url":"https:\/\/pubeurope.com\/@it\/116758814885108760","error":""},"_links":{"self":[{"href":"https:\/\/www.europesays.com\/it\/wp-json\/wp\/v2\/posts\/541401","targetHints":{"allow":["GET"]}}],"collection":[{"href":"https:\/\/www.europesays.com\/it\/wp-json\/wp\/v2\/posts"}],"about":[{"href":"https:\/\/www.europesays.com\/it\/wp-json\/wp\/v2\/types\/post"}],"author":[{"embeddable":true,"href":"https:\/\/www.europesays.com\/it\/wp-json\/wp\/v2\/users\/3"}],"replies":[{"embeddable":true,"href":"https:\/\/www.europesays.com\/it\/wp-json\/wp\/v2\/comments?post=541401"}],"version-history":[{"count":0,"href":"https:\/\/www.europesays.com\/it\/wp-json\/wp\/v2\/posts\/541401\/revisions"}],"wp:featuredmedia":[{"embeddable":true,"href":"https:\/\/www.europesays.com\/it\/wp-json\/wp\/v2\/media\/541402"}],"wp:attachment":[{"href":"https:\/\/www.europesays.com\/it\/wp-json\/wp\/v2\/media?parent=541401"}],"wp:term":[{"taxonomy":"category","embeddable":true,"href":"https:\/\/www.europesays.com\/it\/wp-json\/wp\/v2\/categories?post=541401"},{"taxonomy":"post_tag","embeddable":true,"href":"https:\/\/www.europesays.com\/it\/wp-json\/wp\/v2\/tags?post=541401"}],"curies":[{"name":"wp","href":"https:\/\/api.w.org\/{rel}","templated":true}]}}