{"id":541403,"date":"2026-06-16T08:23:14","date_gmt":"2026-06-16T08:23:14","guid":{"rendered":"https:\/\/www.europesays.com\/it\/541403\/"},"modified":"2026-06-16T08:23:14","modified_gmt":"2026-06-16T08:23:14","slug":"napoli-basket-ci-vorra-un-team-lungo-per-il-doppio-impegno-campionato-ed-eurocup","status":"publish","type":"post","link":"https:\/\/www.europesays.com\/it\/541403\/","title":{"rendered":"Napoli Basket, ci vorr\u00e0 un team &#8220;lungo&#8221; per il doppio impegno campionato ed Eurocup"},"content":{"rendered":"<p style=\"text-align: justify;\"><strong>NAPOLI.<\/strong> Terminato il suo ultimo campionato in serie A al decimo posto della classifica, fallendo la qualificazione ai playoff, obiettivo dichiarato del club partenopeo e della nuova propriet\u00e0 americana ad inizio della scorsa stagione ormai in archivio,il Napoli Basketball, ha iniziato a programmare il futuro. Il presidente Matt Rizzetta ultimamente impegnato nell&#8217;acquisizione del club di calcio della Reggina (\u00e8 proprietario anche di quello del Campobasso con i suoi soci), in una conferenza stampa di qualche settimana fa, con coach Jasmin Repesa come punto fermo e di partenza, ha tracciato alcuni obiettivi importanti da centrare per la prossima stagione, come la composizione di un team pi\u00f9 competitivo e ambizioso e che possa riaccendere l&#8217;entusiasmo dei tifosi, abbastanza sopito per ora.<\/p>\n<p style=\"text-align: justify;\">Si \u00e8 iniziato con l&#8217;annuncio e dell&#8217;arrivo dell&#8217;italo-americano il quasi 34enne John Petrucelli, esterno, ex Brescia, Trapani e ultimamente al Galatasaray, con lo stesso Repesa a confermarlo e poi si dovrebbe proseguire anche successivamente con altri innesti al momento per\u00f2 da individuare con concretezza per un team quasi totalmente nuovo: si cercher\u00e0 ancora sul mercato giocatori motivati per il &#8220;parco&#8221; italiani e stranieri (ben sei forse da individuare), in grado di offrire un concreto contributo alla causa azzurra con le piu&#8217; che probabili conferme del pivot Tot\u00e8 e di capitan Caruso e forse di Faggian e Treier.<\/p>\n<p style=\"text-align: justify;\">E&#8217; arrivato anche l&#8217;annuncio della partecipazione da fine settembre alla prossima edizione della &#8220;Eurocup&#8221;, grazie all&#8217;ottenimento di una &#8220;wild card&#8221; conseguente all&#8217;allargamento a 32 squadre della competizione continentale alla quale parteciperanno per l&#8217;Italia anche Venezia, Tortona, Trento e la nuova realt\u00e0 del Basketball Club Roma. Saranno formati 4 gironi di 8 squadre l&#8217;uno e si giocher\u00e0 il martedi&#8217; o mercoledi&#8217; al tardo pomeriggio o in serata, in modo continuo per parecchie settimane con un impegno notevole e alternativo al campionato e che prender\u00e0 molte energie fisiche e mentali con spostamenti anche di molti chilometri e trasferte lunghe e la necessit\u00e0 di creare un roster lungo e competitivo per una stagione sicuramente molto impegnativa anche per la societ\u00e0.<\/p>\n","protected":false},"excerpt":{"rendered":"NAPOLI. Terminato il suo ultimo campionato in serie A al decimo posto della classifica, fallendo la qualificazione ai&hellip;\n","protected":false},"author":3,"featured_media":541404,"comment_status":"","ping_status":"","sticky":false,"template":"","format":"standard","meta":{"footnotes":"","_share_on_mastodon":"0"},"categories":[1453],"tags":[1756,1757,51261,1537,90,89,54762,298334,245,244],"class_list":["post-541403","post","type-post","status-publish","format-standard","has-post-thumbnail","category-basket","tag-basket","tag-basketball","tag-eurocup","tag-it","tag-italia","tag-italy","tag-napolibasket","tag-rizzetta","tag-sport","tag-sports"],"share_on_mastodon":{"url":"https:\/\/pubeurope.com\/@it\/116758826751932782","error":""},"_links":{"self":[{"href":"https:\/\/www.europesays.com\/it\/wp-json\/wp\/v2\/posts\/541403","targetHints":{"allow":["GET"]}}],"collection":[{"href":"https:\/\/www.europesays.com\/it\/wp-json\/wp\/v2\/posts"}],"about":[{"href":"https:\/\/www.europesays.com\/it\/wp-json\/wp\/v2\/types\/post"}],"author":[{"embeddable":true,"href":"https:\/\/www.europesays.com\/it\/wp-json\/wp\/v2\/users\/3"}],"replies":[{"embeddable":true,"href":"https:\/\/www.europesays.com\/it\/wp-json\/wp\/v2\/comments?post=541403"}],"version-history":[{"count":0,"href":"https:\/\/www.europesays.com\/it\/wp-json\/wp\/v2\/posts\/541403\/revisions"}],"wp:featuredmedia":[{"embeddable":true,"href":"https:\/\/www.europesays.com\/it\/wp-json\/wp\/v2\/media\/541404"}],"wp:attachment":[{"href":"https:\/\/www.europesays.com\/it\/wp-json\/wp\/v2\/media?parent=541403"}],"wp:term":[{"taxonomy":"category","embeddable":true,"href":"https:\/\/www.europesays.com\/it\/wp-json\/wp\/v2\/categories?post=541403"},{"taxonomy":"post_tag","embeddable":true,"href":"https:\/\/www.europesays.com\/it\/wp-json\/wp\/v2\/tags?post=541403"}],"curies":[{"name":"wp","href":"https:\/\/api.w.org\/{rel}","templated":true}]}}