{"id":54188,"date":"2025-08-18T11:13:09","date_gmt":"2025-08-18T11:13:09","guid":{"rendered":"https:\/\/www.europesays.com\/it\/54188\/"},"modified":"2025-08-18T11:13:09","modified_gmt":"2025-08-18T11:13:09","slug":"firenze-ricorda-i-50-anni-di-fantozzi-ritorna-la-coppa-cobram","status":"publish","type":"post","link":"https:\/\/www.europesays.com\/it\/54188\/","title":{"rendered":"Firenze ricorda i 50 anni di Fantozzi. Ritorna la Coppa Cobram"},"content":{"rendered":"<p>Firenze, 18 agosto 2025 \u2013\u00a0Ci sono film che hanno segnato la storia del cinema italiano, diventati fenomeni di costume, tanto che a distanza di decenni anche le nuove generazioni citano a memoria interi passi della sceneggiatura. Poi in quei film ci sono in particolare momenti iconici. Ecco, il livello top degli appassionati \u00e8 quello della rievocazione: dal tour nei luoghi di <a rel=\"follow nofollow noopener\" href=\"https:\/\/www.lanazione.it\/cultura-e-spettacoli\/amici-miei-anniversario-yaec7lsh\" target=\"_blank\"><strong>Amici Miei <\/strong><\/a>al festival dedicato a <strong>Bud Spencer <\/strong>e <strong>Terence Hill<\/strong>. Ecco,\u00a0l\u2019appuntamento da segnare sul calendario a Firenze \u00e8 invece con il mito dei miti: <strong>Fantozzi<\/strong>, specificamente la <strong>Coppa Cobram<\/strong>.<\/p>\n<p>La <strong>rievocazione <\/strong>della leggendaria corsa ciclistica che il temuto visconte Cobram impose ai dipendenti della megaditta\u00a0si era gi\u00e0 tenuta a <strong>Firenze\u00a0<\/strong>nel <a rel=\"follow nofollow noopener\" href=\"https:\/\/www.lanazione.it\/firenze\/cronaca\/coppa-cobram-d068d8bd\" target=\"_blank\">2017 <\/a>e nel <a rel=\"follow nofollow noopener\" href=\"https:\/\/www.lanazione.it\/firenze\/cronaca\/coppa-cobram-fantozzi-a24a6684\" target=\"_blank\">2019<\/a>. La terza edizione \u00e8\u00a0in programma sabato 30 e domenica 31 agosto.<\/p>\n<p>Il\u00a0percorso <\/p>\n<p>La \u201ctemutissima gara ciclistica\u201d con <strong>abbigliamento a tema <\/strong>e <strong>biciclette storiche <\/strong>si svolger\u00e0 lungo un percorso di circa 10 chilometri, da percorrere tre\u00a0volte, che richiama l\u2019originale tracciato del film per celebrare i 50 anni dell\u2019uscita nei cinema di Fantozzi, primo capitolo della saga del ragioniere pi\u00f9 famoso d\u2019Italia. I \u201csottoposti\u201d infatti partendo dal <strong>piazzale Michelangelo <\/strong>percorreranno a velocit\u00e0 moderata il percorso che li porter\u00e0 verso <strong>piazza\u00a0Ferrucci <\/strong>e proseguire poi lungo l\u2019<strong>Arno<\/strong>, \u201csfiorando\u201d il <strong>Ponte Vecchio<\/strong>, giungendo a <strong>Porta Romana <\/strong>per poi salire verso lungo <strong>via Machiavelli <\/strong>(gi\u00e0 ribattezzata Cima del Diavolo) per un panorama mozzafiato.<\/p>\n<p>Lungo il percorso e\u00a0alla partenza non mancheranno i richiami al film: dalla <strong>Bomba <\/strong>(metredina, simpamina, aspirina, franceschina, cocaina e peperoncino di cayenne) alla <strong>Trattoria al Curvone<\/strong>, dalla tempesta al gran premio della montagna ai tifosi mossi a compassione fino al mitico rifornimento, con tanto di ospiti dell\u2019alta aristocrazia borghese (come direbbe <strong>Calboni<\/strong>) e\u00a0anche pare la <strong>Contessa Serbelloni Vien dal Mare <\/strong>il tutto in uno stile vintage e goliardico. Ai partecipanti infatti sar\u00e0 richiesto di presentarsi in abiti originali, scimmiottando alla perfezione il personaggio scelto tutto perfettamente orchestrato insomma per ricreare al meglio la \u201ctragica gara\u201d e, nel contempo divertirsi come i matti.<\/p>\n<p>L\u2019ospite <\/p>\n<p>Anche se non c\u2019entra nulla con Fantozzi, c\u2019\u00e8 un ospite d\u2019eccezione di questa edizione, che per gli amanti del genere \u00e8 davvero un personaggio indimenticabile:\u00a0il \u201cSignor Giancarlo\u201d, il concorrente della\u00a0<strong>Ruota della Fortuna<\/strong>\u00a0che 30 anni fa fu protagonista di un momento assurdo del programma di <strong>Mike Bongiorno<\/strong>, quando \u2013\u00a0come dicono i suoi \u201cfan\u201d \u2013\u00a0decise di passare alla storia dando la risposta alla frase quasi completamente scritta davanti ai suoi occhi. Per\u00f2 cambiando una vocale. La\u00a0risposta esatta al tema \u201cLe Amazzoni\u201d era \u201cVinsero battaglie grazie alla loro foga\u201d. Lui decise di diventare il re della trash tv con una risposta leggermente diversa&#8230;<\/p>\n<p>Sar\u00e0 lui a\u00a0dare il via alla corsa ed effettuare la premiazione ai pi\u00f9 meritevoli: dall\u2019abbigliamento pi\u00f9 divertente a quello che viene da pi\u00f9 lontano, da Miss IV Piano alla bici pi\u00f9 bella e tanti altri.<\/p>\n<p>Il programma <\/p>\n<p>Sabato 30 agosto<\/p>\n<p><strong>18\u201324\u00a0<\/strong><\/p>\n<p>Apertura iscrizioni, punzonatura e consegna pacchi gara<\/p>\n<p>Mostra mercato t-shirt Coppa Cobram, magliette vintage, biciclette e accessori<\/p>\n<p>Musica con deejay delle colonne sonore della commedia italiana<\/p>\n<p>Esposizione Bianchina<\/p>\n<p>Barbieri Vintage per acconciare barba, baffi e capelli gratuitamente per tutti<\/p>\n<p>Trattoria al Curvone con piatti fantozziani<\/p>\n<p><strong>22.00 <\/strong><\/p>\n<p>Proiezione a\u00a0ingresso libero del film &#8220;Fantozzi\u201d<\/p>\n<p>Domenica 31 agosto<\/p>\n<p><strong>8\u201310,30 <\/strong><\/p>\n<p>Termine iscrizioni, punzonatura e consegna pacchi gara<\/p>\n<p>Colazione dei Campioni<\/p>\n<p>Mostra mercato t-shirt Coppa Cobram, magliette vintage, biciclette e accessori<\/p>\n<p>Musica con deejay delle colonne sonore della commedia italiana<\/p>\n<p>Esposizione Bianchina<\/p>\n<p>Foto e saluti con l\u2019ospite il Signor Giancarlo della Ruota della Fortuna<\/p>\n<p><strong>11.00 <\/strong><\/p>\n<p>Partenza dal Piazzale Michelangelo con foto ricordo<\/p>\n<p><strong>12.30 <\/strong><\/p>\n<p>Premiazione partecipanti<\/p>\n<p><strong>13\u201315<\/strong><\/p>\n<p>\u00a0Pranzo alla Trattoria al Curvone con l\u2019intrattenimento della Maestro Canello band<\/p>\n<p><strong>16.00 <\/strong><\/p>\n<p>Conclusione manifestazione, ringraziamenti, saluti<\/p>\n<p>Per informazioni <a rel=\"nofollow noopener\" target=\"_blank\" href=\"https:\/\/www.coppacobram.net\">www.coppacobram.net<\/a><\/p>\n","protected":false},"excerpt":{"rendered":"Firenze, 18 agosto 2025 \u2013\u00a0Ci sono film che hanno segnato la storia del cinema italiano, diventati fenomeni di&hellip;\n","protected":false},"author":3,"featured_media":54189,"comment_status":"","ping_status":"","sticky":false,"template":"","format":"standard","meta":{"footnotes":"","_share_on_mastodon":"0"},"categories":[1442],"tags":[44865,4297,203,24429,454,2266,204,1537,90,89,1521,9452,36914],"class_list":["post-54188","post","type-post","status-publish","format-standard","has-post-thumbnail","category-film","tag-cobram","tag-coppa","tag-entertainment","tag-fantozzi","tag-film","tag-firenze","tag-intrattenimento","tag-it","tag-italia","tag-italy","tag-movies","tag-ricorda","tag-ritorna"],"share_on_mastodon":{"url":"","error":""},"_links":{"self":[{"href":"https:\/\/www.europesays.com\/it\/wp-json\/wp\/v2\/posts\/54188","targetHints":{"allow":["GET"]}}],"collection":[{"href":"https:\/\/www.europesays.com\/it\/wp-json\/wp\/v2\/posts"}],"about":[{"href":"https:\/\/www.europesays.com\/it\/wp-json\/wp\/v2\/types\/post"}],"author":[{"embeddable":true,"href":"https:\/\/www.europesays.com\/it\/wp-json\/wp\/v2\/users\/3"}],"replies":[{"embeddable":true,"href":"https:\/\/www.europesays.com\/it\/wp-json\/wp\/v2\/comments?post=54188"}],"version-history":[{"count":0,"href":"https:\/\/www.europesays.com\/it\/wp-json\/wp\/v2\/posts\/54188\/revisions"}],"wp:featuredmedia":[{"embeddable":true,"href":"https:\/\/www.europesays.com\/it\/wp-json\/wp\/v2\/media\/54189"}],"wp:attachment":[{"href":"https:\/\/www.europesays.com\/it\/wp-json\/wp\/v2\/media?parent=54188"}],"wp:term":[{"taxonomy":"category","embeddable":true,"href":"https:\/\/www.europesays.com\/it\/wp-json\/wp\/v2\/categories?post=54188"},{"taxonomy":"post_tag","embeddable":true,"href":"https:\/\/www.europesays.com\/it\/wp-json\/wp\/v2\/tags?post=54188"}],"curies":[{"name":"wp","href":"https:\/\/api.w.org\/{rel}","templated":true}]}}