{"id":541984,"date":"2026-06-16T16:19:16","date_gmt":"2026-06-16T16:19:16","guid":{"rendered":"https:\/\/www.europesays.com\/it\/541984\/"},"modified":"2026-06-16T16:19:16","modified_gmt":"2026-06-16T16:19:16","slug":"roberto-vannacci-il-generale-allattacco-salvini-vuole-zaia-come-mio-antagonista-tanti-auguri-a-nordest-sono-stato-votato-io-non-la-lega-che-e-sovranista-a-giorni-alterni","status":"publish","type":"post","link":"https:\/\/www.europesays.com\/it\/541984\/","title":{"rendered":"Roberto Vannacci, il Generale all&#8217;attacco: \u00abSalvini vuole Zaia come mio antagonista? Tanti auguri. A Nordest sono stato votato io, non la Lega che \u00e8 sovranista a giorni alterni\u00bb"},"content":{"rendered":"<p>    di<br \/>\n    Martina Zambon<\/p>\n<p class=\"summary-art is-line-h-12\">Intervista all&#8217;eurodeputato dopo l&#8217;assemblea di Futuro Nazionale: \u00abServe pi\u00f9 cultura patriarcale per fermare i femminicidi. Ma su questo noi siamo tra i Paesi pi\u00f9 virtuosi, in Nord Europa, dove l&#8217;educazione sessuale viene fatta da anni a scuola, ci sono pi\u00f9 donne uccise rispetto all&#8217;Italia\u00bb<\/p>\n<p class=\"chapter-paragraph\"><b><a href=\"https:\/\/corrieredibologna.corriere.it\/notizie\/politica\/26_giugno_15\/vannacci-futura-dalla-canzone-c128f374-e363-4ad1-bb9c-1e33275e4xlk.shtml\" title=\"Vannacci usa \u00abFutura\u00bb di Lucio Dalla. I parenti e gli amici del cantautore protestano: \u00abSpiacevole, lui non aveva bandiere. Forse non ha capito il testo\u00bb\" rel=\"nofollow noopener\" target=\"_blank\">Roberto Vannacci<\/a> \u00e8 reduce dall\u2019assemblea fondativa di  Futuro Nazionale.<br \/>\u00abIl  femminicidio  \u00e8 un omicidio come tutti gli altri\u00bb. La sua affermazione suscita scalpore nel Veneto di Giulia Cecchettin&#8230;   <\/b><br \/>\u00abLo scopo del diritto penale \u00e8 conferire una pena da scontare al colpevole, non rieducare la societ\u00e0. Creo un allarmismo, faccio credere che l\u2019uccisione delle donne \u00e8 un\u2019emergenza sociale. Ma non \u00e8 cos\u00ec, lo dicono le statistiche europee, noi  siamo tra i Paesi pi\u00f9 virtuosi in Europa  per  uccisione di donne. Sono molto pi\u00f9 frequenti nei Paesi del Nord Europa. Se tipizzo questi reati in base alla vittima, dovr\u00f2 creare il reato di cristianicidio. Si sta cercando di inserire l\u2019omofobia come se compiere un reato contro un omosessuale sia pi\u00f9 grave che contro un eterosessuale. Non pu\u00f2 essere\u00bb.<\/p>\n<p class=\"chapter-paragraph\"><b>Ma allora la \u00abrieducazione della societ\u00e0\u00bb non dovrebbe passare dall\u2019educazione affettivo-sessuale a scuola?<br \/><\/b>\u00abNo, in Nord Europa dove l\u2019educazione sessuale viene fatta da anni, gli omicidi di donne sono pi\u00f9 numerosi che in Italia\u00bb.    &#13;<br \/>\n&#13;<br \/>\n&#13;<br \/>\n&#13;<br \/>\n&#13;<br \/>\n&#13;<br \/>\n&#13;<br \/>\n&#13;<br \/>\n&#13;<br \/>\n&#13;<br \/>\n&#13;<br \/>\n&#13;<br \/>\n&#13;<br \/>\n&#13;<br \/>\n&#13;<br \/>\n&#13;<br \/>\n&#13;<br \/>\n&#13;<br \/>\n&#13;<br \/>\n&#13;<br \/>\n&#13;<br \/>\n&#13;<br \/>\n&#13;<br \/>\n&#13;<br \/>\n&#13;<br \/>\n&#13;<br \/>\n&#13;<br \/>\n&#13;<br \/>\n&#13;<br \/>\n&#13;<br \/>\n&#13;<br \/>\n&#13;<br \/>\n&#13;<br \/>\n&#13;<br \/>\n&#13;<br \/>\n&#13;<br \/>\n&#13;<br \/>\n&#13;<br \/>\n&#13;<br \/>\n&#13;<br \/>\n&#13;<br \/>\n&#13;<br \/>\n&#13;<br \/>\n&#13;<br \/>\n&#13;<br \/>\n&#13;<br \/>\n&#13;<br \/>\n&#13;<br \/>\n&#13;<br \/>\n&#13;<br \/>\n&#13;<br \/>\n&#13;<br \/>\n&#13;\n<\/p>\n<p class=\"chapter-paragraph\"><b>Lei non sembra ritenerlo un problema, ma le donne muoiono anche qui, come si prevengono i femminicidi, allora?<br \/><\/b>\u00abCrescendo uomini forti e non deboli. Per me la cultura patriarcale \u00e8 l\u2019uomo che si prende carico della famiglia, che la protegge, che protegge le donne in quanto esseri fisicamente pi\u00f9 deboli rispetto all\u2019uomo\u00bb.<\/p>\n<p class=\"chapter-paragraph\"><b>Le donne, anche a queste latitudini, non sembrano aver bisogno di protezione da tempo&#8230; Ma di preciso che intende per \u00abcrescere uomini forti\u00bb?<br \/><\/b>\u00abUomini educati a reggere la frustrazione, capaci di cadere e rialzarsi. Uccidere una persona \u00e8 sempre sbagliato. Poi ci sono tante caratteristiche che vengono a essere prese in considerazione: il movente, lo stato d\u2019animo  passionale dell\u2019assassino ecc&#8230; Tant\u2019\u00e8 vero che in Italia, per l\u2019infanticidio, la pena \u00e8 pi\u00f9 lieve perch\u00e9 si prende in considerazione la debolezza della madre che arriva a tanto\u00bb.<\/p>\n<p class=\"chapter-paragraph\"><b>Il 2 luglio sar\u00e0 a cena al ristorante \u00abDa Domenico alle Grave\u00bb, Lovadina, Treviso, con imprenditori veneti. Come spiegher\u00e0 la remigrazione agli imprenditori che da tempo chiedono invece di implementare gli arrivi, gestendo al meglio le politiche di integrazione, per placare la fame di manodopera? Qui c\u2019\u00e8 qualche imprenditore che \u00e8 arrivato a costruire alloggi per i suoi dipendenti stranieri&#8230;<br \/><\/b>\u00abLa remigrazione non \u00e8 riferita a chi viene da noi a lavorare onestamente e si integra nella nostra societ\u00e0.   Alla fine della prestazione lavorativa torneranno presso i propri Paesi di origine\u00bb.<\/p>\n<p class=\"chapter-paragraph\"><b>Scusi ma ci sono immigrati che vivono qui quarant\u2019anni, lavorando, pagando le nostre pensioni&#8230;<br \/><\/b>\u00abNo, veramente non pagano le nostre pensioni, pagano le loro. E a chi non si \u00e8 assimilato alla societ\u00e0 nella quale \u00e8 stato ospite per 40 anni non verr\u00e0 rinnovato il permesso di soggiorno e torner\u00e0 nel suo  Paese d\u2019origine. Che poi \u00e8 la speranza di ogni emigrato\u00bb.<\/p>\n<p class=\"chapter-paragraph\"><b>Permesso di soggiorno? Quindi niente cittadinanza?<br \/><\/b>\u00abNon c\u2019\u00e8 un diritto acquisito per il semplice fatto di avere lavorato in uno Stato di diventare parte integrante del popolo di quello Stato. Quanto alla  cittadinanza,  noi proporremo un allungamento dei tempi e l\u2019esame di alcuni indicatori che non si basino solamente sul tempo passato in uno Stato\u00bb.<\/p>\n<p class=\"chapter-paragraph\"><b>A quella cena gli imprenditori chiederanno di pi\u00f9 sul fronte economico&#8230;<br \/><\/b>\u00abE avranno risposte, pensiamo a un\u2019aliquota fiscale unica per le Pmi, come per le Partite Iva. E poi sburocratizzare  la bilancia fra debiti e crediti delle Pmi. Quanto al commercio, defiscalizzazione per gli esercizi commerciali nei borghi di meno di 1000 abitanti. Poi defiscalizzare degli investimenti nell\u2019impresa e ripartizione del capitale dell\u2019impresa nei confronti dei dipendenti\u00bb.<\/p>\n<p class=\"chapter-paragraph\"><b>La cena trevigiana sembra quasi una provocazione a Zaia&#8230;<br \/><\/b>\u00abNon chiedo mai il permesso a nessuno\u00bb.<\/p>\n<p class=\"chapter-paragraph\"><b>Con l\u2019ex governatore non vi siete mai pigliati, perch\u00e9?<br \/><\/b>\u00abLo chieda a lui, io ho espresso apprezzamento nei suoi confronti, non \u00e8 successo il contrario. Anzi, tolto Salvini, sono stato trattato a pesci in faccia dalla dirigenza della Lega&#8230;\u00bb.<\/p>\n<p class=\"chapter-paragraph\"><b>Ora <a href=\"https:\/\/corrieredelveneto.corriere.it\/notizie\/belluno\/politica\/26_giugno_15\/matteo-salvini-da-300-milioni-al-veneto-i-fondi-del-mit-per-completare-le-opere-stradali-olimpiche-in-montagna-a3c4f28f-db44-49a3-87ed-697b75c5bxlk.shtml\" title=\"Matteo Salvini d\u00e0 300 milioni al Veneto: i fondi del Mit per completare le opere stradali \u00abolimpiche\u00bb in montagna\" rel=\"nofollow noopener\" target=\"_blank\">Salvini<\/a> lo vuole vice come \u00abanti Vannacci\u00bb&#8230;<br \/><\/b>\u00abAuguri!\u00bb.<\/p>\n<p class=\"chapter-paragraph\"><b>I leghisti veneti  non l\u2019hanno mai amata dicendo che avrebbe tradito la Lega, che risponde?<br \/><\/b>\u00abChe non ho tradito nessuno, sono sempre stato coerente, in Veneto ho preso 73 mila preferenze alle Europee, triplicando i voti di Paolo Borchia, sono stato votato io, non la Lega. Che, peraltro, \u00e8 sovranista a settimane alterne\u00bb.<\/p>\n<p class=\"chapter-paragraph\"><b>Non teme chi passa con lei sperando in una poltrona?<br \/><\/b>\u00abPu\u00f2 essere ma la nostra struttura gerarchico-funzionale sar\u00e0 in grado di verificare l\u2019adesione al progetto di Futuro Nazionale\u00bb.<\/p>\n<p class=\"chapter-paragraph\"><b>L\u2019accostano a Gentilini, lusingato?<br \/><\/b>\u00abS\u00ec, \u00e8 stato un uomo capace di fare ci\u00f2 che ci dicono non si pu\u00f2 fare sulla sicurezza che sarebbe solo una funzione del governo, ebbene il sindaco Gentilini \u00e8 riuscito a incrementare in maniera stratosferica ed esponenziale la sicurezza della propria citt\u00e0\u00bb.<\/p>\n<p class=\"is-mr-t-20 is-mr-b-20\"><b><br \/>\n                                    <a href=\"https:\/\/corrieredelveneto.corriere.it\/venezia-mestre\/?intcmp=Notizielocali_nd_010623_corriere_ss_venezia\" target=\"_blank\" rel=\"nofollow noopener\">Vai a tutte le notizie di Venezia Mestre<\/a><br \/>\n                        <\/b><\/p>\n<p class=\"chapter-paragraph\"><b><a href=\"https:\/\/www.corriere.it\/newsletter\/?theme=39&amp;intcmp=NL-artic_nd_060624_corriere_ss_veneto\" target=\"_blank\" rel=\"nofollow noopener\">Iscriviti alla newsletter del Corriere del Veneto<\/a><\/b><\/p>\n<p class=\"is-last-update\" datetime=\"2026-06-16T15:57:42+02:00\">16 giugno 2026 ( modifica il 16 giugno 2026 | 15:57)<\/p>\n<p class=\"is-copyright\">\n            \u00a9 RIPRODUZIONE RISERVATA\n        <\/p>\n","protected":false},"excerpt":{"rendered":"di Martina Zambon Intervista all&#8217;eurodeputato dopo l&#8217;assemblea di Futuro Nazionale: \u00abServe pi\u00f9 cultura patriarcale per fermare i femminicidi.&hellip;\n","protected":false},"author":3,"featured_media":541985,"comment_status":"","ping_status":"","sticky":false,"template":"","format":"standard","meta":{"footnotes":"","_share_on_mastodon":"0"},"categories":[6],"tags":[10147,9522,14257,6657,4539,23442,14,1644,48421,37886,11795,2588,806,2429,4938,39296,298589,3085,298590,298591,3766,7216,2459,435,298592,830,8,4942,3264,1537,90,89,109,7,101,297672,298593,15,82,9,83,10,1694,857,298594,45198,222435,7041,7711,6857,14929,131059,2893,69768,2426,125696,1270,9638,68426,116,17053,1359,13,11,80,84,12,81,85,4412,18099,2529],"class_list":["post-541984","post","type-post","status-publish","format-standard","has-post-thumbnail","category-ultime-notizie","tag-assemblea","tag-auguri","tag-cena","tag-cittadinanza","tag-confronti","tag-considerazione","tag-cronaca","tag-cultura","tag-cultura-patriarcale","tag-deboli","tag-dicono","tag-dipendenti","tag-diritto","tag-donne","tag-educazione","tag-educazione-sessuale","tag-educazione-sessuale-viene","tag-europa","tag-europa-educazione","tag-europa-educazione-sessuale","tag-europee","tag-fatta","tag-femminicidi","tag-forti","tag-gentilini","tag-grave","tag-headlines","tag-imprenditori","tag-impresa","tag-it","tag-italia","tag-italy","tag-lega","tag-news","tag-nord","tag-nord-europa","tag-nord-europa-educazione","tag-notizie","tag-notizie-di-cronaca","tag-notizie-principali","tag-notiziedicronaca","tag-notizieprincipali","tag-origine","tag-paesi","tag-paesi-virtuosi","tag-pagano","tag-patriarcale","tag-pena","tag-pensioni","tag-permesso","tag-permesso-soggiorno","tag-pmi","tag-prende","tag-protegge","tag-reato","tag-remigrazione","tag-rispetto","tag-roberto","tag-roberto-vannacci","tag-salvini","tag-sessuale","tag-societa","tag-titoli","tag-ultime-notizie","tag-ultime-notizie-di-cronaca","tag-ultime-notizie-e-news-di-oggi","tag-ultimenotizie","tag-ultimenotiziedicronaca","tag-ultimenotizieenewsdioggi","tag-uomini","tag-vannacci","tag-viene"],"share_on_mastodon":{"url":"","error":"Validation failed: Text character limit of 500 exceeded"},"_links":{"self":[{"href":"https:\/\/www.europesays.com\/it\/wp-json\/wp\/v2\/posts\/541984","targetHints":{"allow":["GET"]}}],"collection":[{"href":"https:\/\/www.europesays.com\/it\/wp-json\/wp\/v2\/posts"}],"about":[{"href":"https:\/\/www.europesays.com\/it\/wp-json\/wp\/v2\/types\/post"}],"author":[{"embeddable":true,"href":"https:\/\/www.europesays.com\/it\/wp-json\/wp\/v2\/users\/3"}],"replies":[{"embeddable":true,"href":"https:\/\/www.europesays.com\/it\/wp-json\/wp\/v2\/comments?post=541984"}],"version-history":[{"count":0,"href":"https:\/\/www.europesays.com\/it\/wp-json\/wp\/v2\/posts\/541984\/revisions"}],"wp:featuredmedia":[{"embeddable":true,"href":"https:\/\/www.europesays.com\/it\/wp-json\/wp\/v2\/media\/541985"}],"wp:attachment":[{"href":"https:\/\/www.europesays.com\/it\/wp-json\/wp\/v2\/media?parent=541984"}],"wp:term":[{"taxonomy":"category","embeddable":true,"href":"https:\/\/www.europesays.com\/it\/wp-json\/wp\/v2\/categories?post=541984"},{"taxonomy":"post_tag","embeddable":true,"href":"https:\/\/www.europesays.com\/it\/wp-json\/wp\/v2\/tags?post=541984"}],"curies":[{"name":"wp","href":"https:\/\/api.w.org\/{rel}","templated":true}]}}