{"id":542080,"date":"2026-06-16T17:39:13","date_gmt":"2026-06-16T17:39:13","guid":{"rendered":"https:\/\/www.europesays.com\/it\/542080\/"},"modified":"2026-06-16T17:39:13","modified_gmt":"2026-06-16T17:39:13","slug":"daniele-non-ce-lha-fatta-e-la-quarta-vittima-del-tremendo-schianto-in-superstrada-a-macerata","status":"publish","type":"post","link":"https:\/\/www.europesays.com\/it\/542080\/","title":{"rendered":"Daniele non ce l\u2019ha fatta: \u00e8 la quarta vittima del tremendo schianto in superstrada a Macerata"},"content":{"rendered":"<p>Macerata, 16 giugno 2026 \u2013\u00a0<strong>Daniele Francalancia<\/strong> non ce l\u2019ha fatta. Il giovane che viaggiava a bordo della <strong>Fiat Punto<\/strong> coinvolta nel <a rel=\"follow nofollow noopener\" href=\"https:\/\/www.ilrestodelcarlino.it\/macerata\/cronaca\/scontro-in-superstrada-morti-20enne-0509de64\" target=\"_blank\"><strong>terribile incidente stradale<\/strong><\/a> sulla <strong>superstrada Val di Chienti <\/strong>domenica mattina <strong>\u00e8 morto<\/strong> all\u2019ospedale regionale di Torrette dove era ricoverato.<\/p>\n<p>Il ventenne, che era <strong>alla guida della macchina<\/strong>, \u00e8 stato sottoposto a un delicato <strong>intervento chirurgico<\/strong> e le sue condizioni purtroppo sono peggiorate ora dopo ora.<\/p>\n<p><strong>E\u2019 la quarta vittima della strage avvenuta sulla superstrada<\/strong> <\/p>\n<p>E\u2019\u00a0la <strong>quarta vittima<\/strong> dello schianto avvenuto tra la macchina in cui viaggiavano <strong>i cinque amici<\/strong>, tutti coetanei, e una Lancia Musa guidata\u00a0<strong>dal 41enne Christian Perugini<\/strong>, di Trodica di Morrovalle, anche lui <strong>morto sul colpo<\/strong>.<\/p>\n<p>L\u2019incidente \u00e8 avvenuto\u00a0alle 5.45 di domenica,\u00a0lungo la superstrada Val di Chienti. La comitiva di maceratesi, tutti studenti e sportivi tra i <strong>20 e i 21 anni, <\/strong>stava rientrando a casa dopo aver passato la serata in compagnia a Civitanova. Erano a bordo di una Fiat Grande Punto. Nel tratto tra Morrovalle e Corridonia, dove in una corsia si transita nei due sensi di marcia per via dei lavori in corso, addosso a loro \u00e8 piombata una Lancia Musa a forte velocit\u00e0, alla guida c\u2019era Perugini.\u00a0<\/p>\n<p>La citt\u00e0 \u00e8 sprofondata nel dolore pi\u00f9 assoluto.<\/p>\n<p> <img alt=\"Francalancia\" loading=\"lazy\" width=\"1792\" height=\"2048\" decoding=\"async\" data-nimg=\"1\" style=\"color:transparent;max-width:100%;height:auto\"   src=\"https:\/\/www.europesays.com\/it\/wp-content\/uploads\/2026\/06\/francalancia.webp\"\/><\/p>\n<p>Daniele Francalancia<\/p>\n<p>Approfondisci:<\/p>\n<p><a href=\"https:\/\/www.ilrestodelcarlino.it\/marche\/cronaca\/chi-soni-morti-incidenti-bc3eed05\" class=\"ArticleEmbed_article__embed__content__Jzqnz\" rel=\"nofollow noopener\" target=\"_blank\">I calciatori, il falegname, gli studenti, il disoccupato: chi sono i 6 morti degli incidenti nelle Marche<img alt=\"I calciatori, il falegname, gli studenti, il disoccupato: chi sono i 6 morti degli incidenti nelle Marche\" loading=\"lazy\" width=\"140\" height=\"78\" decoding=\"async\" data-nimg=\"1\" style=\"color:transparent\"  src=\"https:\/\/www.europesays.com\/it\/wp-content\/uploads\/2026\/06\/giorgio-franceschini-christian-perugini-daniele-francalancia-pietro-borsini-nicolas-calabrese-e-davi.webp\"\/><\/a><br \/>\n<strong>La veglia di preghiera per i ragazzi e le loro famiglie<\/strong> <\/p>\n<p>Ieri sera a Piediripa in centinaia hanno partecipato <strong>alla veglia di preghiera<\/strong> per i cinque ragazzi e le loro famiglie. Due sono ancora ricoverati a Torrette, ma le loro condizioni, per fortuna, non sarebbero gravi.<\/p>\n<p>La preghiera celebrata, da Juan Carlos Munoz, coordinatore dell\u2019unit\u00e0 pastorale 3 di Macerata, \u00e8 stata illuminata dai lumini consegnati all\u2019entrata e dalla fiamma dei cinque ceri vicini all\u2019altare. Non \u00e8 mancato il sindaco, <strong>Sandro Parcaroli,<\/strong> che ha voluto far sentire la vicinanza della comunit\u00e0, cos\u00ec come i compagni di squadra di Nicolas, della Vr Macerata.<\/p>\n<p><strong>Daniele Francalancia era alla guida della Punto<\/strong> <\/p>\n<p>Francalancia si trovava alla guida della Punto, seduto accanto <a rel=\"follow nofollow noopener\" href=\"https:\/\/www.ilrestodelcarlino.it\/macerata\/cronaca\/nicolas-calabrese-christian-perugini-morti-incidente-jztxs2rb\" target=\"_blank\"><strong>Nicolas Calabrese<\/strong><\/a>, morto sul colpo. Dietro tre amici tra cui <a rel=\"follow nofollow noopener\" href=\"https:\/\/www.ilrestodelcarlino.it\/macerata\/cronaca\/chi-era-giorgio-franceschini-morto-incidente-a9r8puaf\" target=\"_blank\"><strong>Giorgio Franceschini<\/strong><\/a>, deceduto anche lui per colpa delle gravi ferite riportate. La citt\u00e0, il mondo dello sport e della scuola sono stretti nel dolore alle famiglie dei ragazzi.\u00a0<\/p>\n<p> <img alt=\"Daniele non ce l\u2019ha fatta: \u00e8 la quarta vittima del tremendo schianto in superstrada a Macerata\" loading=\"lazy\" width=\"762\" height=\"429\" decoding=\"async\" data-nimg=\"1\" style=\"color:transparent\"  src=\"https:\/\/www.europesays.com\/it\/wp-content\/uploads\/2026\/06\/xaflf76.jpeg\"\/><br \/>\nI<strong>l pensiero di Nelia: \u201cCari genitori, il distacco \u00e8 immenso, ma l\u2019amore di un figlio non si spegne mai\u201d<\/strong> <\/p>\n<p>Continuano ad arrivare messaggi di affetto e vicinanza, dopo la tragedia. Gli amici, i compagni di squadra, gli insegnanti si sono stretti in questi giorni alle famiglie straziate.\u00a0<\/p>\n<p><strong>Nelia Calvigioni<\/strong>, vice sindaca di Corridonia e mamma di Laura, scomparsa il 13 agosto 2006, a 21 anni, da passeggera in un incidente stradale, ha rivolto un pensiero ai genitori travolti da un dolore immenso. \u201cQuesta notizia ha riaperto una ferita che porto nel cuore da vent\u2019anni. Mia figlia Laura aveva la stessa et\u00e0 quando perse la vita in un incidente stradale, da passeggera, in una notte di sabato. Non esistono parole capaci di colmare un <strong>dolore cos\u00ec grande<\/strong>. So per\u00f2 che, in momenti come questi, \u00e8 importante ricordare che non ci sono colpe che possano alleviare la mancanza di un figlio. Cari genitori,\u00a0vi sono vicina con tutto il cuore. Conservate ogni ricordo, ogni sorriso, ogni sogno dei vostri figli. Continuate a farli vivere attraverso l\u2019amore che vi hanno donato e attraverso ci\u00f2 che loro avrebbero voluto realizzare. Il distacco \u00e8 immenso e nulla sar\u00e0 pi\u00f9 come prima. Ma l\u2019amore di un figlio non si spegne\u201d.<\/p>\n","protected":false},"excerpt":{"rendered":"Macerata, 16 giugno 2026 \u2013\u00a0Daniele Francalancia non ce l\u2019ha fatta. Il giovane che viaggiava a bordo della Fiat&hellip;\n","protected":false},"author":3,"featured_media":542081,"comment_status":"","ping_status":"","sticky":false,"template":"","format":"standard","meta":{"footnotes":"","_share_on_mastodon":"0"},"categories":[79],"tags":[6969,14,93,94,3163,7216,1537,90,89,11804,7,15,14384,22469,27022,46157,11,84,91,12,85,92,548],"class_list":["post-542080","post","type-post","status-publish","format-standard","has-post-thumbnail","category-italia","tag-ce","tag-cronaca","tag-cronaca-italiana","tag-cronacaitaliana","tag-daniele","tag-fatta","tag-it","tag-italia","tag-italy","tag-macerata","tag-news","tag-notizie","tag-quarta","tag-schianto","tag-superstrada","tag-tremendo","tag-ultime-notizie","tag-ultime-notizie-e-news-di-oggi","tag-ultime-notizie-italia","tag-ultimenotizie","tag-ultimenotizieenewsdioggi","tag-ultimenotizieitalia","tag-vittima"],"share_on_mastodon":{"url":"https:\/\/pubeurope.com\/@it\/116761013718978820","error":""},"_links":{"self":[{"href":"https:\/\/www.europesays.com\/it\/wp-json\/wp\/v2\/posts\/542080","targetHints":{"allow":["GET"]}}],"collection":[{"href":"https:\/\/www.europesays.com\/it\/wp-json\/wp\/v2\/posts"}],"about":[{"href":"https:\/\/www.europesays.com\/it\/wp-json\/wp\/v2\/types\/post"}],"author":[{"embeddable":true,"href":"https:\/\/www.europesays.com\/it\/wp-json\/wp\/v2\/users\/3"}],"replies":[{"embeddable":true,"href":"https:\/\/www.europesays.com\/it\/wp-json\/wp\/v2\/comments?post=542080"}],"version-history":[{"count":0,"href":"https:\/\/www.europesays.com\/it\/wp-json\/wp\/v2\/posts\/542080\/revisions"}],"wp:featuredmedia":[{"embeddable":true,"href":"https:\/\/www.europesays.com\/it\/wp-json\/wp\/v2\/media\/542081"}],"wp:attachment":[{"href":"https:\/\/www.europesays.com\/it\/wp-json\/wp\/v2\/media?parent=542080"}],"wp:term":[{"taxonomy":"category","embeddable":true,"href":"https:\/\/www.europesays.com\/it\/wp-json\/wp\/v2\/categories?post=542080"},{"taxonomy":"post_tag","embeddable":true,"href":"https:\/\/www.europesays.com\/it\/wp-json\/wp\/v2\/tags?post=542080"}],"curies":[{"name":"wp","href":"https:\/\/api.w.org\/{rel}","templated":true}]}}