{"id":542133,"date":"2026-06-16T18:28:10","date_gmt":"2026-06-16T18:28:10","guid":{"rendered":"https:\/\/www.europesays.com\/it\/542133\/"},"modified":"2026-06-16T18:28:10","modified_gmt":"2026-06-16T18:28:10","slug":"motogp-2026-gp-della-repubblica-ceca-alex-marquez-sara-presente-a-brno-giovedi-ultimo-controllo-per-ricevere-il-fit-motogp","status":"publish","type":"post","link":"https:\/\/www.europesays.com\/it\/542133\/","title":{"rendered":"MotoGP 2026. GP della Repubblica Ceca. Alex Marquez sar\u00e0 presente a Brno! Gioved\u00ec ultimo controllo per ricevere il fit &#8211; MotoGP"},"content":{"rendered":"<p>\n            Dopo aver saltato i Gran Premi del Mugello e d&#8217;Ungheria per l&#8217;infortunio rimediato in Catalogna, il 73 voler\u00e0 a Brno per la visita medica che potrebbe consentirgli di tornare in pista gi\u00e0 questo weekend\n        <\/p>\n<p>              16 giugno 2026<\/p>\n<p><strong>Alex Marquez<\/strong> si prepara a tornare nel paddock della MotoGP <strong>dopo aver saltato gli<\/strong> <strong>ultimi due appuntamenti<\/strong> della stagione. Il pilota del team Gresini sar\u00e0 infatti presente a Brno, dove <strong>gioved\u00ec si sottoporr\u00e0 alla visita medica<\/strong> definitiva che\u00a0potrebbe dargli il <strong>fit<\/strong>.<\/p>\n<p>Lo spagnolo era stato costretto allo stop in seguito all&#8217;infortunio riportato durante il <strong>GP di Catalunya<\/strong>. Dopo l&#8217;incidente avvenuto nella gara della domenica, Marquez si \u00e8 <a href=\"https:\/\/www.moto.it\/MotoGP\/motogp-2026-gp-di-catalunya-le-prime-parole-di-alex-marquez-e-johann-zarco-dopo-i-due-terribili-incidenti.html\" rel=\"nofollow noopener\" target=\"_blank\">sottoposto a un intervento chirurgico<\/a> e ha iniziato il <strong>percorso di recupero<\/strong> che lo ha tenuto lontano dalla pista.<\/p>\n<p>Nelle ultime settimane il pilota Gresini ha continuato a lavorare sulla riabilitazione e gli ultimi controlli effettuati in Spagna hanno dato segnali positivi. Per questo motivo, il team ha confermato la sua presenza in Repubblica Ceca con l&#8217;obiettivo di ottenere il via libera dei medici.<\/p>\n<p>&#8220;Dopo gli ultimi controlli medici effettuati in Spagna, Alex Marquez voler\u00e0 in Repubblica Ceca questo fine settimana con l&#8217;obiettivo di essere dichiarato idoneo. Aggiornamenti in arrivo gioved\u00ec direttamente dal circuito di Brno&#8221;, si legge nel post diffuso dalla squadra.<\/p>\n<p>La decisione finale arriver\u00e0 quindi alla vigilia del weekend. In caso di esito positivo della visita, Marquez potrebbe essere autorizzato a disputare l&#8217;intero Gran Premio oppure ricevere <strong>un&#8217;idoneit\u00e0 provvisoria per scendere in pista nelle FP1<\/strong> (come successo al fratello al rientro al Mugello) e sottoporsi successivamente a un <strong>nuovo controllo medico<\/strong>.<\/p>\n","protected":false},"excerpt":{"rendered":"Dopo aver saltato i Gran Premi del Mugello e d&#8217;Ungheria per l&#8217;infortunio rimediato in Catalogna, il 73 voler\u00e0&hellip;\n","protected":false},"author":3,"featured_media":542134,"comment_status":"","ping_status":"","sticky":false,"template":"","format":"standard","meta":{"footnotes":"","_share_on_mastodon":"0"},"categories":[176],"tags":[6772,3677,3438,12234,1537,90,89,1785,1806,245,244],"class_list":["post-542133","post","type-post","status-publish","format-standard","has-post-thumbnail","category-sport","tag-6772","tag-alex-marquez","tag-ducati","tag-gresini-racing","tag-it","tag-italia","tag-italy","tag-motogp","tag-motomondiale","tag-sport","tag-sports"],"share_on_mastodon":{"url":"https:\/\/pubeurope.com\/@it\/116761205945888113","error":""},"_links":{"self":[{"href":"https:\/\/www.europesays.com\/it\/wp-json\/wp\/v2\/posts\/542133","targetHints":{"allow":["GET"]}}],"collection":[{"href":"https:\/\/www.europesays.com\/it\/wp-json\/wp\/v2\/posts"}],"about":[{"href":"https:\/\/www.europesays.com\/it\/wp-json\/wp\/v2\/types\/post"}],"author":[{"embeddable":true,"href":"https:\/\/www.europesays.com\/it\/wp-json\/wp\/v2\/users\/3"}],"replies":[{"embeddable":true,"href":"https:\/\/www.europesays.com\/it\/wp-json\/wp\/v2\/comments?post=542133"}],"version-history":[{"count":0,"href":"https:\/\/www.europesays.com\/it\/wp-json\/wp\/v2\/posts\/542133\/revisions"}],"wp:featuredmedia":[{"embeddable":true,"href":"https:\/\/www.europesays.com\/it\/wp-json\/wp\/v2\/media\/542134"}],"wp:attachment":[{"href":"https:\/\/www.europesays.com\/it\/wp-json\/wp\/v2\/media?parent=542133"}],"wp:term":[{"taxonomy":"category","embeddable":true,"href":"https:\/\/www.europesays.com\/it\/wp-json\/wp\/v2\/categories?post=542133"},{"taxonomy":"post_tag","embeddable":true,"href":"https:\/\/www.europesays.com\/it\/wp-json\/wp\/v2\/tags?post=542133"}],"curies":[{"name":"wp","href":"https:\/\/api.w.org\/{rel}","templated":true}]}}