{"id":542303,"date":"2026-06-16T20:48:20","date_gmt":"2026-06-16T20:48:20","guid":{"rendered":"https:\/\/www.europesays.com\/it\/542303\/"},"modified":"2026-06-16T20:48:20","modified_gmt":"2026-06-16T20:48:20","slug":"soule-la-roma-studia-la-cessione-puo-servire-per-fare-cassa","status":"publish","type":"post","link":"https:\/\/www.europesays.com\/it\/542303\/","title":{"rendered":"Soul\u00e8, la Roma studia la cessione. Pu\u00f2 servire per fare cassa"},"content":{"rendered":"<p>                                Esattamente come successe due anni fa per aiutare a sistemare i conti del bilancio bianconero, anche oggi l&#8217;esterno potrebbe essere venduto proprio per questioni economiche<\/p>\n<p class=\"paragraph\" spellcheck=\"true\">Prima la Juventus, adesso la Roma. Sempre con un minimo comun denominatore, quello delle plusvalenze. Cos\u00ec, esattamente come successe due anni fa per aiutare a sistemare i conti del bilancio bianconero, anche oggi Matias Soul\u00e9 potrebbe essere venduto proprio per questioni di cassa. Stavolta quelle giallorosse, per\u00f2, che hanno bisogno entro il 30 giugno di mettere dentro circa 60 milioni di ulteriori ricavi. E tra i sacrifici messi in preventivo dalle parti di Trigoria c\u2019\u00e8, appunto, l\u2019addio all\u2019attaccante argentino.<\/p>\n<p>    in bianconero\u2014 \u00a0<\/p>\n<p class=\"paragraph is-inline\" spellcheck=\"true\">Due estati fa Matias Soul\u00e9 pass\u00f2 dalla Juventus alla Roma per una cifra pari a 25,6 milioni pi\u00f9 4 di bonus, quasi tutti successivamente maturati. Una cessione quindi di circa 30 milioni (a cui aggiungere a favore dei bianconeri il 10% sulla futura rivendita), una cessione che alla Juventus benedirono, considerando che gener\u00f2 un impatto positivo su quell\u2019esercizio finanziario di 22,4 milioni di euro, al netto dei vari oneri accessori. Tutto questo nonostante il giocatore venisse da una stagione molto buona vissuta al Frosinone, dove al suo primo vero anno di Serie A aveva messo insieme ben 11 reti (che per\u00f2 non valsero la salvezza ai ciociari). Quelle 11 gemme non bastarono per\u00f2 a convincere la Juventus a puntarci su ancora, nonostante anche la presenza di Massimiliano Allegri alla guida della squadra bianconera, lui che lo aveva gi\u00e0 valorizzato e fatto esordire in Serie A l\u2019anno prima. Soul\u00e9 venne sacrificato per questioni economiche, appunto. E perch\u00e9, probabilmente, non tutti a Torino erano convinti delle sue qualit\u00e0 fino in fondo.<\/p>\n<p><a class=\"is-partner-link\" href=\"https:\/\/abbonamenti.gazzetta.it\/de-promo-mondiali\/?pwcmp=cta&amp;forceBrowser=true\" rel=\"nofollow noopener\" target=\"_blank\">Gazzetta Mondiale: ogni notte un\u2019edizione straordinaria esclusiva. Non perdertela, abbonati a 1\u20ac\/mese!<\/a><\/p>\n<p>    in giallorosso\u2014 \u00a0<\/p>\n<p class=\"paragraph is-inline\" spellcheck=\"true\">Ora la storia si sta per ripetere anche nella Capitale, dopo due stagioni vissute in altalena con la maglia della Roma. Arrivato nel 2024 per prendere il posto di Paulo Dybala (che sarebbe dovuto andare in Arabia, all\u2019Al-Qadsiah), Soul\u00e9 nel primo anno ha faticato a carburare, per poi volare alto sotto la gestione di Claudio Ranieri. Nella stagione invece appena conclusa l\u2019argentino ha vissuto un andamento inverso: molto bene nella prima parte, assai meno nella seconda, anche perch\u00e9 condizionato da una pubalgia che lo ha tormentato a lungo. Sta di fatto che negli ultimi sei mesi Soul\u00e9 non ha inciso e nonostante Gasperini lo stimi come giocatore, potrebbe salutare tutti. Anche per il suo modo di giocare, spesso pi\u00f9 individualista che di squadra. Sarebbe un sacrificio, \u00e8 evidente, ma se poi dovesse portare allo sbarco di Mason Greenwood in giallorosso allora sarebbe anche ben accetto. Di certo c\u2019\u00e8 che il destino di Soul\u00e9 sembra essere sempre legato a questioni economiche. Con lui si aggiustano i bilanci, la speranza \u00e8 che presto si possano aggiustare anche le squadre.<\/p>\n<p class=\"is-copyright\">\u00a9 RIPRODUZIONE RISERVATA<\/p>\n","protected":false},"excerpt":{"rendered":"Esattamente come successe due anni fa per aiutare a sistemare i conti del bilancio bianconero, anche oggi l&#8217;esterno&hellip;\n","protected":false},"author":3,"featured_media":534196,"comment_status":"","ping_status":"","sticky":false,"template":"","format":"standard","meta":{"footnotes":"","_share_on_mastodon":"0"},"categories":[176],"tags":[4240,287807,298766,10948,11611,391,10575,1033,298767,571,1411,298768,298769,4937,32017,298770,298771,5288,564,1537,90,89,558,157185,129605,4570,298765,987,13635,245,244],"class_list":["post-542303","post","type-post","status-publish","format-standard","has-post-thumbnail","category-sport","tag-aiutare","tag-aiutare-sistemare","tag-aiutare-sistemare-conti","tag-appunto","tag-argentino","tag-ben","tag-bianconero","tag-bilancio","tag-bilancio-bianconero","tag-cessione","tag-conti","tag-conti-bilancio","tag-conti-bilancio-bianconero","tag-economiche","tag-esattamente","tag-esattamente-successe","tag-esattamente-successe-aiutare","tag-giallorosso","tag-giocatore","tag-it","tag-italia","tag-italy","tag-juventus","tag-juventus-roma","tag-matias","tag-questioni","tag-questioni-economiche","tag-roma","tag-soule","tag-sport","tag-sports"],"share_on_mastodon":{"url":"https:\/\/pubeurope.com\/@it\/116761756168881330","error":""},"_links":{"self":[{"href":"https:\/\/www.europesays.com\/it\/wp-json\/wp\/v2\/posts\/542303","targetHints":{"allow":["GET"]}}],"collection":[{"href":"https:\/\/www.europesays.com\/it\/wp-json\/wp\/v2\/posts"}],"about":[{"href":"https:\/\/www.europesays.com\/it\/wp-json\/wp\/v2\/types\/post"}],"author":[{"embeddable":true,"href":"https:\/\/www.europesays.com\/it\/wp-json\/wp\/v2\/users\/3"}],"replies":[{"embeddable":true,"href":"https:\/\/www.europesays.com\/it\/wp-json\/wp\/v2\/comments?post=542303"}],"version-history":[{"count":0,"href":"https:\/\/www.europesays.com\/it\/wp-json\/wp\/v2\/posts\/542303\/revisions"}],"wp:featuredmedia":[{"embeddable":true,"href":"https:\/\/www.europesays.com\/it\/wp-json\/wp\/v2\/media\/534196"}],"wp:attachment":[{"href":"https:\/\/www.europesays.com\/it\/wp-json\/wp\/v2\/media?parent=542303"}],"wp:term":[{"taxonomy":"category","embeddable":true,"href":"https:\/\/www.europesays.com\/it\/wp-json\/wp\/v2\/categories?post=542303"},{"taxonomy":"post_tag","embeddable":true,"href":"https:\/\/www.europesays.com\/it\/wp-json\/wp\/v2\/tags?post=542303"}],"curies":[{"name":"wp","href":"https:\/\/api.w.org\/{rel}","templated":true}]}}