{"id":542351,"date":"2026-06-16T21:31:14","date_gmt":"2026-06-16T21:31:14","guid":{"rendered":"https:\/\/www.europesays.com\/it\/542351\/"},"modified":"2026-06-16T21:31:14","modified_gmt":"2026-06-16T21:31:14","slug":"giro-next-gen-terza-tappa-e-maglia-rosa-per-il-belga-schoofs","status":"publish","type":"post","link":"https:\/\/www.europesays.com\/it\/542351\/","title":{"rendered":"Giro Next Gen, terza tappa e maglia rosa per il belga Schoofs"},"content":{"rendered":"<p>                                A Villa d\u2019Agri di Marsicovetere secondo posto per Simone Zanini, nipote d\u2019arte. Finn in classifica \u00e8 a 13 secondi<\/p>\n<p class=\"paragraph\" spellcheck=\"true\">Una fuga lunga 149 chilometri regala a Jasper Schoofs il primo successo di tappa al Giro Next Gen Carta Giovani Nazionale e la maglia rosa, la terza diversa in altrettanti giorni di corsa. Schoofs faceva parte di un tentativo a quattro insieme a Diego Casagrande, Matteo Vanhuffel e Simone Zanini, il nipote dell\u2019ex pro\u2019 Stefano. L\u2019azione ha raggiunto un vantaggio massimo di 3&#8217;33&#8221; ed \u00e8 stata gestita anche quando, dopo l&#8217;accelerazione del gruppo sull&#8217;ascesa di Viggiano, il margine si \u00e8 ridotto a meno di 40&#8243;. Proprio l&#8217;ultima salita di giornata \u00e8 stata fatale al leader Davide Donati, che ha perso contatto dal gruppo a 15 chilometri all&#8217;arrivo ed \u00e8 poi caduto nel successivo tratto di discesa. Nonostante la forte rimonta del gruppo, i battistrada, rimasti in tre dopo il cedimento di Casagrande, sono riusciti a giocarsi il successo a Villa d\u2019Agri di Marsicovetere. Nel finale Schoofs ha avuto la meglio su Zanini e Vanhuffel mentre Daan Dijkman ha regolato la volata del gruppo inseguitore, giunto sul traguardo con lo stesso tempo del vincitore. Nella generale, da segnalare che l\u2019iridato Lorenzo Finn \u00e8 34\u00b0 a 13\u201d. Mercoled\u00ec la tappa numero quattro, Matera-Corato (Molino Casillo), 152 chilometri. Conclusione domenica a cronometro, a L&#8217;Aquila.\u00a0<\/p>\n","protected":false},"excerpt":{"rendered":"A Villa d\u2019Agri di Marsicovetere secondo posto per Simone Zanini, nipote d\u2019arte. Finn in classifica \u00e8 a 13&hellip;\n","protected":false},"author":3,"featured_media":542352,"comment_status":"","ping_status":"","sticky":false,"template":"","format":"standard","meta":{"footnotes":"","_share_on_mastodon":"0"},"categories":[1456],"tags":[298835,298836,158176,2225,1824,1825,16273,7531,3369,270172,260374,1537,90,89,2219,162858,298837,298833,245,244,2218,298834],"class_list":["post-542351","post","type-post","status-publish","format-standard","has-post-thumbnail","category-ciclismo","tag-agri","tag-agri-marsicovetere","tag-casagrande","tag-chilometri","tag-ciclismo","tag-cycling","tag-finn","tag-gen","tag-giro","tag-giro-next","tag-giro-next-gen","tag-it","tag-italia","tag-italy","tag-maglia","tag-maglia-rosa","tag-marsicovetere","tag-schoofs","tag-sport","tag-sports","tag-tappa","tag-zanini"],"share_on_mastodon":{"url":"https:\/\/pubeurope.com\/@it\/116761925173437500","error":""},"_links":{"self":[{"href":"https:\/\/www.europesays.com\/it\/wp-json\/wp\/v2\/posts\/542351","targetHints":{"allow":["GET"]}}],"collection":[{"href":"https:\/\/www.europesays.com\/it\/wp-json\/wp\/v2\/posts"}],"about":[{"href":"https:\/\/www.europesays.com\/it\/wp-json\/wp\/v2\/types\/post"}],"author":[{"embeddable":true,"href":"https:\/\/www.europesays.com\/it\/wp-json\/wp\/v2\/users\/3"}],"replies":[{"embeddable":true,"href":"https:\/\/www.europesays.com\/it\/wp-json\/wp\/v2\/comments?post=542351"}],"version-history":[{"count":0,"href":"https:\/\/www.europesays.com\/it\/wp-json\/wp\/v2\/posts\/542351\/revisions"}],"wp:featuredmedia":[{"embeddable":true,"href":"https:\/\/www.europesays.com\/it\/wp-json\/wp\/v2\/media\/542352"}],"wp:attachment":[{"href":"https:\/\/www.europesays.com\/it\/wp-json\/wp\/v2\/media?parent=542351"}],"wp:term":[{"taxonomy":"category","embeddable":true,"href":"https:\/\/www.europesays.com\/it\/wp-json\/wp\/v2\/categories?post=542351"},{"taxonomy":"post_tag","embeddable":true,"href":"https:\/\/www.europesays.com\/it\/wp-json\/wp\/v2\/tags?post=542351"}],"curies":[{"name":"wp","href":"https:\/\/api.w.org\/{rel}","templated":true}]}}