{"id":542487,"date":"2026-06-16T23:17:12","date_gmt":"2026-06-16T23:17:12","guid":{"rendered":"https:\/\/www.europesays.com\/it\/542487\/"},"modified":"2026-06-16T23:17:12","modified_gmt":"2026-06-16T23:17:12","slug":"pride-come-cambia-la-viabilita","status":"publish","type":"post","link":"https:\/\/www.europesays.com\/it\/542487\/","title":{"rendered":"Pride, come cambia la viabilit\u00e0"},"content":{"rendered":"<p>Un lungo tratto di via Sacro cuore chiuso durante l\u2019evento che seguir\u00e0 il corteo. E durante la parata, divieto di transito in tutte le strade che ospiteranno il passaggio della marcia arcobaleno. Sono questi i due principali provvedimenti contenuti nell\u2019ordinanza di <strong>modifica della viabilit\u00e0<\/strong> varata marted\u00ec dall\u2019amministrazione comunale in vista del primo Pride rodigino, sabato 20 giugno. Firmata dal comandante della polizia locale Luca Sattin, lo stesso che ha fornito il parere tecnico negativo all\u2019occupazione di piazza Matteotti che era stata, invece, la destinazione del corteo richiesta dal comitato Rovigo Pride, l\u2019ordinanza, nella <strong>fascia oraria che va dalle 16 alla mezzanotte<\/strong>, impone il <b>divieto di transito<\/b>, strada chiusa con deviazione alle ultime intersezioni utili in piazza Cervi, nelle vie Regina Margherita, Fiume, Magro, Trieste, Silvestri, Gattinara, Boscolo, piazza Merlin, via Ponte Roda, Corso del Popolo nel tratto compreso tra via Ponte Roda e piazza Matteotti, via Grimani fino a raggiungere piazza Tien An Men. Istituito anche il <b>divieto di sosta<\/b> con rimozione coatta in piazza Cervi, viale Regina Margherita, nelle vie Fiume, Magro, Boscolo, piazza Merlin, nelle vie Ponte Roda e Grimani e in piazza Tien An Men. Infine, una volta conclusa la parata quando i partecipanti si raduneranno in piazza Tien An Men per l\u2019evento finale, \u00e8 stata disposta la <b>chiusura di via Sacro cuore<\/b> con divieto di transito nel tratto compreso tra via Porta San Giovanni e via Castiglioni, la temporanea istituzione dell\u2019area pedonale con il limite di 30 chilometri orari per il transito dei residenti e frontisti. Disposta inoltre la sorveglianza di ogni incrocio con la presenza di movieri durante il corteo e durante l\u2019evento finale anche perch\u00e9, come rileva l\u2019ordinanza, il percorso \u201cin gran parte risulta essere contrario al normale senso di marcia istituito nelle aree\u201d.<\/p>\n<p>Certo che, se il diniego di utilizzare piazza Matteotti \u00e8 stato motivato dal comandante Sattin con la necessit\u00e0 di \u201cpreservare la piena funzionalit\u00e0 di piazza Matteotti quale area di transito e distribuzione dei flussi pedonali diretti verso il centro storico e verso gli eventi programmati nella medesima giornata\u201d, <strong>appare alquanto singolare arrivare alla chiusura di via Sacro cuore a partire dalla zona del parcheggio di piazzale Di Vittorio per le medesime motivazioni<\/strong>. Ma tant\u2019\u00e8: ormai \u00e8 deciso che il Pride sar\u00e0 \u201cconfinato\u201d in piazza Tien An Men e indietro non si torna.<\/p>\n<p>Nel frattempo, sul Pride continua ad infuriare la polemica con la presa di posizione a favore della \u201cmarcia per i diritti ed uguaglianze\u201d di Roberta Denanni, segretaria della <b>Fp Cgil<\/b>, di <strong>Rifondazione comunista<\/strong> e di <strong>Mediterranea Rovigo centro<\/strong>. \u201cIn queste settimane abbiamo assistito a parole sbagliate, giudizi pesanti, tentativi di spostare il Pride lontano dal cuore della citt\u00e0 &#8211; afferma Denanni &#8211; Poi il diniego all\u2019arrivo in piazza Matteotti. Ci \u00e8 stato detto, in sostanza, che quella piazza sarebbe troppo fragile. Ecco, da Segretaria Fp Cgil Rovigo con delega alle politiche di genere, penso che la vera fragilit\u00e0 non sia quella delle piazze. La vera fragilit\u00e0 \u00e8 quella di una politica che ha paura dei corpi, delle storie, delle famiglie, delle identit\u00e0, della libert\u00e0 delle persone\u201d. Dal canto suo, Rifondazione comunista sottolinea: \u201c\u00c8 inaccettabile che si neghi uno spazio dedicato a Giacomo Matteotti, martire assassinato dal fascismo, proprio a chi oggi lotta per libert\u00e0, dignit\u00e0 e autodeterminazione. \u00c8 un paradosso doloroso e rivelatore: mentre si chiudono le porte al Pride, in quella stessa piazza si \u00e8 visto svolgere di tutto\u201d. Infine Mediterranea Rovigo centro: \u201cSabato \u00e8 una data doppiamente importante perch\u00e9 coincider\u00e0 con la Giornata mondiale del rifugiato. Aver scelto di essere presenti al Pride proprio in questa precisa data non \u00e8, per noi, una coincidenza o un semplice invito formale, ma una necessit\u00e0 politica fondamentale\u201d.<\/p>\n","protected":false},"excerpt":{"rendered":"Un lungo tratto di via Sacro cuore chiuso durante l\u2019evento che seguir\u00e0 il corteo. E durante la parata,&hellip;\n","protected":false},"author":3,"featured_media":542488,"comment_status":"","ping_status":"","sticky":false,"template":"","format":"standard","meta":{"footnotes":"","_share_on_mastodon":"0"},"categories":[1458],"tags":[10494,130894,626,1537,90,89,274723,1840,245,244,20991],"class_list":["post-542487","post","type-post","status-publish","format-standard","has-post-thumbnail","category-rugby","tag-centro-storico","tag-estate-2026","tag-eventi","tag-it","tag-italia","tag-italy","tag-rovigo-pride","tag-rugby","tag-sport","tag-sports","tag-viabilita"],"share_on_mastodon":{"url":"https:\/\/pubeurope.com\/@it\/116762341872363372","error":""},"_links":{"self":[{"href":"https:\/\/www.europesays.com\/it\/wp-json\/wp\/v2\/posts\/542487","targetHints":{"allow":["GET"]}}],"collection":[{"href":"https:\/\/www.europesays.com\/it\/wp-json\/wp\/v2\/posts"}],"about":[{"href":"https:\/\/www.europesays.com\/it\/wp-json\/wp\/v2\/types\/post"}],"author":[{"embeddable":true,"href":"https:\/\/www.europesays.com\/it\/wp-json\/wp\/v2\/users\/3"}],"replies":[{"embeddable":true,"href":"https:\/\/www.europesays.com\/it\/wp-json\/wp\/v2\/comments?post=542487"}],"version-history":[{"count":0,"href":"https:\/\/www.europesays.com\/it\/wp-json\/wp\/v2\/posts\/542487\/revisions"}],"wp:featuredmedia":[{"embeddable":true,"href":"https:\/\/www.europesays.com\/it\/wp-json\/wp\/v2\/media\/542488"}],"wp:attachment":[{"href":"https:\/\/www.europesays.com\/it\/wp-json\/wp\/v2\/media?parent=542487"}],"wp:term":[{"taxonomy":"category","embeddable":true,"href":"https:\/\/www.europesays.com\/it\/wp-json\/wp\/v2\/categories?post=542487"},{"taxonomy":"post_tag","embeddable":true,"href":"https:\/\/www.europesays.com\/it\/wp-json\/wp\/v2\/tags?post=542487"}],"curies":[{"name":"wp","href":"https:\/\/api.w.org\/{rel}","templated":true}]}}