{"id":542714,"date":"2026-06-17T02:43:23","date_gmt":"2026-06-17T02:43:23","guid":{"rendered":"https:\/\/www.europesays.com\/it\/542714\/"},"modified":"2026-06-17T02:43:23","modified_gmt":"2026-06-17T02:43:23","slug":"donnarumma-fs-viaggio-prova-sulla-av-brescia-verona","status":"publish","type":"post","link":"https:\/\/www.europesays.com\/it\/542714\/","title":{"rendered":"Donnarumma FS, viaggio prova sulla AV Brescia-Verona"},"content":{"rendered":"<p><a href=\"https:\/\/www.ferrovie.it\/portale\/articoli\/17995\/pdf\" rel=\"nofollow noopener\" target=\"_blank\"><img decoding=\"async\" src=\"https:\/\/www.ferrovie.it\/portale\/images\/icone\/file_pdf.svg\" style=\"width: 32px; height: 32px;\" alt=\"Scarica in PDF\" title=\"Scarica in PDF\"\/><\/a><\/p>\n<p>da <a href=\"https:\/\/www.ferrovie.it\/portale\/rubrica.php?id=N\" rel=\"nofollow noopener\" target=\"_blank\">News ferroviarie<\/a> del 16 giugno 2026di Redazione<\/p>\n<p>BRESCIA &#8211; L&#8217;Amministratore Delegato e Direttore Generale del Gruppo FS Italiane, Stefano Antonio Donnarumma, ha viaggiato oggi a bordo dell&#8217;ETR.521-031 di Trenitalia, il convoglio impegnato nelle corse prova sulla nuova linea Alta Velocit\u00e0\/Alta Capacit\u00e0 Brescia Est-Verona.<\/p>\n<p>Le prove dinamiche lungo l&#8217;intera tratta sono in corso dallo scorso 3 giugno (vedi <a href=\"https:\/\/www.ferrovie.it\/portale\/articoli\/17964\" target=\"_blank\" rel=\"nofollow noopener\">News ferroviarie del 03\/06\/2026<\/a>) e rappresentano uno dei passaggi conclusivi prima del collaudo tecnico e dell&#8217;attivazione commerciale della linea, che dovrebbe entrare in esercizio nel primo trimestre del 2027. La nuova infrastruttura, lunga circa 48 chilometri, costituisce un tassello fondamentale del collegamento AV Milano-Venezia e del Corridoio Mediterraneo della rete TEN-T.<\/p>\n<p>&#8220;La fase che stiamo vivendo rappresenta un passaggio fondamentale nel percorso di sviluppo e potenziamento del sistema ferroviario italiano&#8221;, ha dichiarato Donnarumma. &#8220;Stiamo lavorando per ampliare in modo significativo l&#8217;accessibilit\u00e0 al sistema Alta Velocit\u00e0, portando l&#8217;estensione della rete dagli attuali 1.100 a oltre 2.000 chilometri. Con il completamento di questo asse strategico rafforziamo la connessione tra i principali corridoi europei e proseguiamo nel disegno di un&#8217;infrastruttura sempre pi\u00f9 integrata&#8221;.<\/p>\n<p><a name=\"i1\"\/><br \/>\n<a class=\"gallery-img\" data-fancybox-group=\"gallery-grp\" title=\"Foto Gruppo FS\" href=\"https:\/\/www.europesays.com\/it\/wp-content\/uploads\/2026\/06\/17995101.jpg\" target=\"_blank\"><img decoding=\"async\" src=\"https:\/\/www.europesays.com\/it\/wp-content\/uploads\/2026\/06\/17995101.jpg\" class=\"fotosingola\" alt=\"\" title=\"\" style=\"max-width: 55%;\"\/><\/a><\/p>\n<p>Foto Gruppo FS<\/p>\n<p>Secondo il Gruppo FS Italiane, la Brescia Est-Verona ha raggiunto un avanzamento complessivo superiore al 90%. L&#8217;opera, del valore di circa 3,2 miliardi di euro e finanziata anche con fondi PNRR, consentir\u00e0 di separare i flussi di traffico tra treni veloci, regionali e merci, incrementando la capacit\u00e0 della rete e migliorando regolarit\u00e0 e puntualit\u00e0 dell&#8217;esercizio ferroviario.<\/p>\n<p>La nuova linea si sviluppa prevalentemente in affiancamento all&#8217;autostrada A4 Milano-Venezia e alla linea ferroviaria storica, attraversando complessivamente undici comuni tra Lombardia e Veneto. Insieme alle tratte Milano-Treviglio e Treviglio-Brescia, gi\u00e0 in esercizio, rappresenta un elemento chiave per il completamento dell&#8217;asse AV verso il Nord-Est.<\/p>\n<p>Con l&#8217;attivazione della Brescia-Verona e, successivamente, della Verona-Vicenza, proseguir\u00e0 l&#8217;estensione della rete Alta Velocit\u00e0 verso est, rafforzando i collegamenti tra i principali poli economici italiani e le direttrici ferroviarie europee.<\/p>\n<p><a class=\"gallery-img\" data-fancybox-group=\"gallery-grp\" href=\"https:\/\/www.europesays.com\/it\/wp-content\/uploads\/2026\/06\/17964101.jpg\" target=\"_blank\"><img decoding=\"async\" src=\"https:\/\/www.europesays.com\/it\/wp-content\/uploads\/2026\/06\/17964101.jpg\" class=\"fotosingola\" style=\"max-width: 55%;\"\/><\/a><\/p>\n<p>Redazione &#8211; 16 giugno 2026<\/p>\n<p class=\"noprint\"><b><a href=\"http:\/\/forum.ferrovie.it\/viewtopic.php?f=3&amp;t=54852\" target=\"_blank\" rel=\"nofollow noopener\">Commenta questa notizia sul forum&#8230;<\/a><\/b><\/p>\n<p><strong>\ud83d\udc49 Iscriviti alla <a href=\"https:\/\/www.ferrovie.it\/portale\/newsletter.php\" target=\"_blank\" rel=\"nofollow noopener\">newsletter quotidiana gratuita di FERROVIE.IT<\/a> per ricevere tutte le mattine le ultime notizie.<\/strong><\/p>\n<p><strong>\ud83d\udc49 Unisciti al nostro <a href=\"https:\/\/www.whatsapp.com\/channel\/0029VaCB3KuKbYMRSvJ8de0E\" target=\"_blank\" rel=\"nofollow noopener\">canale WhatsApp<\/a> per aggiornamenti in tempo reale.<\/strong><\/p>\n<p><img decoding=\"async\" src=\"https:\/\/www.europesays.com\/it\/wp-content\/uploads\/2026\/04\/171.jpeg\" alt=\"Composizioni ferroviarie anni '90\" title=\"Composizioni ferroviarie anni '90\" style=\"cursor: pointer;\" onclick=\"window.open('https:\/\/www.ferrovie.it\/portale\/bc.php?b=171','_blank');\"\/><\/p>\n","protected":false},"excerpt":{"rendered":"da News ferroviarie del 16 giugno 2026di Redazione BRESCIA &#8211; L&#8217;Amministratore Delegato e Direttore Generale del Gruppo FS&hellip;\n","protected":false},"author":3,"featured_media":542715,"comment_status":"","ping_status":"","sticky":false,"template":"","format":"standard","meta":{"footnotes":"","_share_on_mastodon":"0"},"categories":[172],"tags":[178,40949,40953,177,40951,40952,17802,39028,29149,1537,90,21870,89,7803,40947,40948,40950,40946,40954,17650,14019],"class_list":["post-542714","post","type-post","status-publish","format-standard","has-post-thumbnail","category-affari","tag-affari","tag-arenaways","tag-bahn","tag-business","tag-db","tag-deutsche-bahn","tag-ferrovia","tag-ferroviario","tag-ferrovie","tag-it","tag-italia","tag-italo","tag-italy","tag-modellismo","tag-ntv","tag-nuovo-trasporto-viaggiatori","tag-obb","tag-orario-treni","tag-railway","tag-treni","tag-treno"],"share_on_mastodon":{"url":"https:\/\/pubeurope.com\/@it\/116763152785069473","error":""},"_links":{"self":[{"href":"https:\/\/www.europesays.com\/it\/wp-json\/wp\/v2\/posts\/542714","targetHints":{"allow":["GET"]}}],"collection":[{"href":"https:\/\/www.europesays.com\/it\/wp-json\/wp\/v2\/posts"}],"about":[{"href":"https:\/\/www.europesays.com\/it\/wp-json\/wp\/v2\/types\/post"}],"author":[{"embeddable":true,"href":"https:\/\/www.europesays.com\/it\/wp-json\/wp\/v2\/users\/3"}],"replies":[{"embeddable":true,"href":"https:\/\/www.europesays.com\/it\/wp-json\/wp\/v2\/comments?post=542714"}],"version-history":[{"count":0,"href":"https:\/\/www.europesays.com\/it\/wp-json\/wp\/v2\/posts\/542714\/revisions"}],"wp:featuredmedia":[{"embeddable":true,"href":"https:\/\/www.europesays.com\/it\/wp-json\/wp\/v2\/media\/542715"}],"wp:attachment":[{"href":"https:\/\/www.europesays.com\/it\/wp-json\/wp\/v2\/media?parent=542714"}],"wp:term":[{"taxonomy":"category","embeddable":true,"href":"https:\/\/www.europesays.com\/it\/wp-json\/wp\/v2\/categories?post=542714"},{"taxonomy":"post_tag","embeddable":true,"href":"https:\/\/www.europesays.com\/it\/wp-json\/wp\/v2\/tags?post=542714"}],"curies":[{"name":"wp","href":"https:\/\/api.w.org\/{rel}","templated":true}]}}