{"id":542801,"date":"2026-06-17T04:19:19","date_gmt":"2026-06-17T04:19:19","guid":{"rendered":"https:\/\/www.europesays.com\/it\/542801\/"},"modified":"2026-06-17T04:19:19","modified_gmt":"2026-06-17T04:19:19","slug":"final-eight-2026-a-torino-impatto-economico-da-record","status":"publish","type":"post","link":"https:\/\/www.europesays.com\/it\/542801\/","title":{"rendered":"Final Eight 2026 a Torino, impatto economico da record"},"content":{"rendered":"<p>\nLa Final Eight di basket 2026 si conferma un successo non solo sportivo, ma anche economico per Torino e il Piemonte. Con oltre <strong>40mila spettatori<\/strong> presenti all&#8217;Inalpi Arena e una ricaduta economica sul territorio superiore ai <strong>12,5 milioni di euro<\/strong>, l&#8217;evento organizzato dalla Lega Basket Serie A ha generato risultati che superano quelli delle precedenti edizioni.\n<\/p>\n<p>\nI dati sono stati presentati durante una conferenza stampa nel corso della quale \u00e8 stato illustrato lo studio realizzato da StageUp, societ\u00e0 specializzata nell&#8217;analisi dell&#8217;impatto economico degli eventi sportivi.\n<\/p>\n<p>Impatto economico in crescita del 30%<\/p>\n<p>\nSecondo Giovanni Palazzi, presidente di StageUp, l&#8217;edizione 2026 ha registrato una crescita significativa rispetto al 2024.\n<\/p>\n<blockquote>\n<p>\n&#8220;Rispetto al 2024 l&#8217;impatto diretto \u00e8 cresciuto del 30%, mentre \u00e8 salita di 21 punti percentuali la ricaduta sul territorio&#8221;.\n<\/p>\n<\/blockquote>\n<p>\nLo studio evidenzia un dato particolarmente significativo: per ogni 100 euro investiti dalle istituzioni pubbliche sono stati generati oltre 1.700 euro di ritorno economico sul territorio, con un moltiplicatore pari a <strong>17,1<\/strong>, ben superiore alla media nazionale che si attesta intorno a 12.\n<\/p>\n<p>Torino sempre pi\u00f9 citt\u00e0 dei grandi eventi<\/p>\n<p>\nNumeri che confermano la capacit\u00e0 del capoluogo piemontese di valorizzare i grandi appuntamenti sportivi e di trasformarli in strumenti di promozione territoriale e sviluppo economico.\n<\/p>\n<p>\nL&#8217;assessore allo Sport e ai Grandi Eventi del Comune di Torino, Domenico Carretta, ha sottolineato come il successo della manifestazione sia legato anche alla capacit\u00e0 della citt\u00e0 di coinvolgere visitatori e appassionati.\n<\/p>\n<blockquote>\n<p>\n&#8220;Sono dati straordinari che sottolineano la crescita dell&#8217;entusiasmo. La nostra \u00e8 una citt\u00e0 che si lascia scoprire e si fa coinvolgere perch\u00e9 durante i grandi eventi diventa una sorta di grande village. Noi non ci limitiamo a ospitare un evento, noi lo organizziamo&#8221;.\n<\/p>\n<\/blockquote>\n<p>Un&#8217;opportunit\u00e0 per la promozione del Piemonte<\/p>\n<p>\nAnche la Regione Piemonte guarda con soddisfazione ai risultati ottenuti. Per l&#8217;assessore regionale allo Sport e al Turismo Paolo Bongioanni, eventi di questo livello rappresentano una vetrina strategica per l&#8217;intero territorio.\n<\/p>\n<blockquote>\n<p>\n&#8220;Sono questi eventi che permettono di far conoscere il Piemonte e l&#8217;eccezionalit\u00e0 del nostro territorio&#8221;.\n<\/p>\n<\/blockquote>\n<p>\nL&#8217;afflusso di tifosi e visitatori provenienti da tutta Italia ha infatti generato benefici per alberghi, ristoranti, attivit\u00e0 commerciali e servizi turistici, confermando il valore dello sport come leva economica e promozionale.\n<\/p>\n<p>La soddisfazione della Lega Basket<\/p>\n<p>\nI risultati ottenuti hanno soddisfatto anche la Lega Basket Serie A. Maurizio Gherardini ha evidenziato il successo della formula Final Eight, caratterizzata da partite a eliminazione diretta che aumentano spettacolo e coinvolgimento.\n<\/p>\n<blockquote>\n<p>\n&#8220;Venendo da vent&#8217;anni fuori dall&#8217;Italia, non pensavo che avremmo raggiunto risultati del genere. Sono dati confortanti e dimostrano quanto piaccia questa formula con partite senza domani. Ora stiamo ragionando su cosa aggiungere a qualcosa che \u00e8 gi\u00e0 un successo&#8221;.\n<\/p>\n<\/blockquote>\n<p>La Final Eight resta a Torino anche nel 2027<\/p>\n<p>\nNel corso dell&#8217;incontro \u00e8 arrivata anche la conferma ufficiale per il futuro della manifestazione. Il sindaco di Torino Stefano Lo Russo e il presidente della Regione Piemonte Alberto Cirio, intervenuti in videocollegamento, hanno annunciato che la <strong>Final Eight 2027<\/strong> si disputer\u00e0 ancora una volta all&#8217;<strong>Inalpi Arena<\/strong>, dal <strong>17 al 21 febbraio 2027<\/strong>.\n<\/p>\n<p>\nNon solo basket: il Piemonte continuer\u00e0 a essere protagonista del calendario cestistico nazionale anche con la <strong>Supercoppa Italiana<\/strong>, che si svolger\u00e0 a <strong>Tortona il 19 e 20 settembre<\/strong>.\n<\/p>\n<p>\nLa conferma degli eventi consolida ulteriormente il ruolo del Piemonte come uno dei principali hub italiani per l&#8217;organizzazione di grandi manifestazioni sportive, capaci di generare valore economico, visibilit\u00e0 internazionale e sviluppo territoriale.\n<\/p>\n<p>&#8220;`<\/p>\n","protected":false},"excerpt":{"rendered":"La Final Eight di basket 2026 si conferma un successo non solo sportivo, ma anche economico per Torino&hellip;\n","protected":false},"author":3,"featured_media":542802,"comment_status":"","ping_status":"","sticky":false,"template":"","format":"standard","meta":{"footnotes":"","_share_on_mastodon":"0"},"categories":[1453],"tags":[1756,1757,177,207863,11138,6272,1537,90,89,14225,15,3398,245,244],"class_list":["post-542801","post","type-post","status-publish","format-standard","has-post-thumbnail","category-basket","tag-basket","tag-basketball","tag-business","tag-diritto-sportivo","tag-finanza","tag-interviste","tag-it","tag-italia","tag-italy","tag-marketing","tag-notizie","tag-sponsorizzazioni","tag-sport","tag-sports"],"share_on_mastodon":{"url":"https:\/\/pubeurope.com\/@it\/116763529611544195","error":""},"_links":{"self":[{"href":"https:\/\/www.europesays.com\/it\/wp-json\/wp\/v2\/posts\/542801","targetHints":{"allow":["GET"]}}],"collection":[{"href":"https:\/\/www.europesays.com\/it\/wp-json\/wp\/v2\/posts"}],"about":[{"href":"https:\/\/www.europesays.com\/it\/wp-json\/wp\/v2\/types\/post"}],"author":[{"embeddable":true,"href":"https:\/\/www.europesays.com\/it\/wp-json\/wp\/v2\/users\/3"}],"replies":[{"embeddable":true,"href":"https:\/\/www.europesays.com\/it\/wp-json\/wp\/v2\/comments?post=542801"}],"version-history":[{"count":0,"href":"https:\/\/www.europesays.com\/it\/wp-json\/wp\/v2\/posts\/542801\/revisions"}],"wp:featuredmedia":[{"embeddable":true,"href":"https:\/\/www.europesays.com\/it\/wp-json\/wp\/v2\/media\/542802"}],"wp:attachment":[{"href":"https:\/\/www.europesays.com\/it\/wp-json\/wp\/v2\/media?parent=542801"}],"wp:term":[{"taxonomy":"category","embeddable":true,"href":"https:\/\/www.europesays.com\/it\/wp-json\/wp\/v2\/categories?post=542801"},{"taxonomy":"post_tag","embeddable":true,"href":"https:\/\/www.europesays.com\/it\/wp-json\/wp\/v2\/tags?post=542801"}],"curies":[{"name":"wp","href":"https:\/\/api.w.org\/{rel}","templated":true}]}}