{"id":542918,"date":"2026-06-17T06:11:21","date_gmt":"2026-06-17T06:11:21","guid":{"rendered":"https:\/\/www.europesays.com\/it\/542918\/"},"modified":"2026-06-17T06:11:21","modified_gmt":"2026-06-17T06:11:21","slug":"13-sale-da-pranzo-moderne-che-vi-convinceranno-a-riarredare-la-vostra","status":"publish","type":"post","link":"https:\/\/www.europesays.com\/it\/542918\/","title":{"rendered":"13 sale da pranzo moderne che vi convinceranno a riarredare la vostra"},"content":{"rendered":"<p>Con un bovindo<\/p>\n<p>Nell\u2019elegante quartiere berlinese di Charlottenburg, lo studio guidato da J\u00fcrgen Mayer H. ha scelto di creare un autentico <strong>Big Bang cromatico e architettonico che ci trasporta ai confini di un\u2019altra galassia<\/strong>. Nel caso del bovindo della cucina, che funge anche da sala da pranzo, si tratta di un ambiente molto accogliente, con una panca su misura sormontata dalle sedie Onkel, disegnate da Franz West. <strong>Un\u2019oasi di comfort e colori caldi<\/strong> che \u00e8 puro 2026.<\/p>\n<p><img decoding=\"async\" alt=\"Tavolo di metallo e sedie rosse poltrona in velluto senza braccioli pareti e soffitto in cemento grezzo\" loading=\"lazy\" class=\"ResponsiveImageContainer-dkeESL cQPiWi responsive-image__image\"   src=\"https:\/\/www.europesays.com\/it\/wp-content\/uploads\/2026\/06\/IMG_9296.jpeg\"\/><\/p>\n<p>El hormig\u00f3n visto marca el tono en este espacio donde una mesa de l\u00edneas limpias convive con piezas mid-century y acentos en rojo, en un equilibrio entre crudeza industrial y calidez dom\u00e9stica.\u00a9Eric de Thoisy<\/p>\n<p>La sala da pranzo in stile industriale<\/p>\n<p><strong>\u00c8 un ufficio, uno studio, una <a href=\"https:\/\/www.ad-italia.it\/article\/sala-da-pranzo-moderna-2026-tendenze-consigli\/\" target=\"_blank\" rel=\"nofollow noopener\">sala da pranzo<\/a>&#8230;? Non importa: \u00e8 tutte queste cose allo stesso tempo.<\/strong> Quando lo spazio \u00e8 limitato, ha senso. Infatti, la prima decisione degli architetti \u00e8 stata quella di modificare la disposizione eliminando il maggior numero possibile di pareti divisorie da questo appartamento degli anni \u201960, ottenendo una pianta semplificata. \u201cEravamo alla ricerca di un progetto quasi perfetto, perch\u00e9 anche in uno spazio <a href=\"https:\/\/www.ad-italia.it\/article\/appartamento-65-metri-quadri-milano-colore-blu-rosso-piccolo-spazio\/\" target=\"_blank\" rel=\"nofollow noopener\">piccolo<\/a> \u00e8 importante trovare la linea giusta. Una pianta semplice offre molta pi\u00f9 libert\u00e0 di decorazione\u201d.. Intorno al tavolo Atrium di The Good Living, sgabelli Casalino di Alexander Begge. A sinistra, un tavolino italiano trovato in un mercatino delle pulci, risalente agli anni \u201860 o \u201970, e una libreria Mac Gee di Philippe Starck.<\/p>\n<p><img decoding=\"async\" alt=\"Area giochi con tavolo blu e sedie marrone scuro.\" loading=\"lazy\" class=\"ResponsiveImageContainer-dkeESL cQPiWi responsive-image__image\"   src=\"https:\/\/www.europesays.com\/it\/wp-content\/uploads\/2026\/06\/01-31-25-Nicola-Harding067.jpg\"\/><\/p>\n<p>La zona de juegos, con la mesa Raconteur lacada de NiX by Nicola Harding, y taburetes y sillas vintage de mercadillo. El techo est\u00e1 pintado en Dix Blue, de Farrow &amp; Ball.\u00a9 Dean Hearne<\/p>\n","protected":false},"excerpt":{"rendered":"Con un bovindo Nell\u2019elegante quartiere berlinese di Charlottenburg, lo studio guidato da J\u00fcrgen Mayer H. ha scelto di&hellip;\n","protected":false},"author":3,"featured_media":542919,"comment_status":"","ping_status":"","sticky":false,"template":"","format":"standard","meta":{"footnotes":"","_share_on_mastodon":"0"},"categories":[1446],"tags":[1615,1613,1614,1611,1610,1612,203,16916,204,1537,90,89,16915],"class_list":["post-542918","post","type-post","status-publish","format-standard","has-post-thumbnail","category-arte-e-design","tag-arte","tag-arte-e-design","tag-arteedesign","tag-arts","tag-arts-and-design","tag-design","tag-entertainment","tag-how-to","tag-intrattenimento","tag-it","tag-italia","tag-italy","tag-tendenze"],"share_on_mastodon":{"url":"https:\/\/pubeurope.com\/@it\/116763970183087368","error":""},"_links":{"self":[{"href":"https:\/\/www.europesays.com\/it\/wp-json\/wp\/v2\/posts\/542918","targetHints":{"allow":["GET"]}}],"collection":[{"href":"https:\/\/www.europesays.com\/it\/wp-json\/wp\/v2\/posts"}],"about":[{"href":"https:\/\/www.europesays.com\/it\/wp-json\/wp\/v2\/types\/post"}],"author":[{"embeddable":true,"href":"https:\/\/www.europesays.com\/it\/wp-json\/wp\/v2\/users\/3"}],"replies":[{"embeddable":true,"href":"https:\/\/www.europesays.com\/it\/wp-json\/wp\/v2\/comments?post=542918"}],"version-history":[{"count":0,"href":"https:\/\/www.europesays.com\/it\/wp-json\/wp\/v2\/posts\/542918\/revisions"}],"wp:featuredmedia":[{"embeddable":true,"href":"https:\/\/www.europesays.com\/it\/wp-json\/wp\/v2\/media\/542919"}],"wp:attachment":[{"href":"https:\/\/www.europesays.com\/it\/wp-json\/wp\/v2\/media?parent=542918"}],"wp:term":[{"taxonomy":"category","embeddable":true,"href":"https:\/\/www.europesays.com\/it\/wp-json\/wp\/v2\/categories?post=542918"},{"taxonomy":"post_tag","embeddable":true,"href":"https:\/\/www.europesays.com\/it\/wp-json\/wp\/v2\/tags?post=542918"}],"curies":[{"name":"wp","href":"https:\/\/api.w.org\/{rel}","templated":true}]}}