{"id":543072,"date":"2026-06-17T08:24:15","date_gmt":"2026-06-17T08:24:15","guid":{"rendered":"https:\/\/www.europesays.com\/it\/543072\/"},"modified":"2026-06-17T08:24:15","modified_gmt":"2026-06-17T08:24:15","slug":"adani-esplode-in-rai-al-gol-del-re-mbappe-poi-sviene-in-albergo-dopo-la-tripletta-da-record-di-messi","status":"publish","type":"post","link":"https:\/\/www.europesays.com\/it\/543072\/","title":{"rendered":"Adani esplode in Rai al gol del \u00abRe\u00bb Mbapp\u00e8, poi \u00absviene\u00bb in albergo dopo la tripletta da record di Messi"},"content":{"rendered":"<p>Il commentatore Rai torner\u00e0 a essere la voce narrante dell&#8217;Argentina luned\u00ec nella partita contro l&#8217;Austria, che verr\u00e0 trasmessa anche \u00abin chiaro\u00bb.<\/p>\n<p class=\"chapter-paragraph\"><b>La sua telecronaca in Francia-Senegal ha fatto discutere i social<\/b>, che si sono divisi &#8211; di consueto, anche se sulla competenza del professionista c&#8217;\u00e8 poco da obiettare &#8211; tra chi lo ama e chi lo odia. <b>Daniele Adani, al Mondiale, fa sempre parlare<\/b>. Come quattro anni fa, quando divennero celebri e virali le sue esplosioni in Rai ai gol di <b>Lionel Messi<\/b>, che in Qatar trascin\u00f2 l&#8217;Argentina alla vittoria quando ormai sembrava gi\u00e0 spacciata nel girone (per la cronaca, l&#8217;ex difensore del Brescia, dell&#8217;Inter e della Fiorentina comment\u00f2 tutte le partite dei campioni del mondo tranne la prima, persa con l&#8217;Arabia Saudita, e l&#8217;ultima, la finale con la Francia). <b>Stavolta \u00e8 stato il gol di Mbapp\u00e8, per il 3-1 definitivo della Francia con il Senegal, a mandarlo in visibilio in diretta.<\/b> Adani, catturato dalla doppietta del francese e dalla bellezza della seconda rete in pieno recupero, <b>lo ha chiamato &#8220;Il Re&#8221;<\/b>: in precedenza, si era detto convinto che ci fosse anche un rigore ai danni dell&#8217;attaccante del Real Madrid (per fallo di Man\u00e8), che invece \u00e8 stato ignorato dall&#8217;arbitro australiano Alireza Faghani, definito \u00abil peggior arbitro dei Mondiali sino a qui\u00bb.<\/p>\n<p class=\"chapter-paragraph\"><a href=\"https:\/\/www.corriere.it\/sport\/calcio\/mondiali\/diretta-live\/26_giugno_16\/mondiali-2026-partite-oggi-risultato-diretta-francia-argentina-norvegia.shtml\" title=\"Mondiali 2026, le partite di oggi in diretta| La tripletta di Messi all\u2019Algeria fa volare l&#039;Argentina. La Francia batte il Senegal e la Norvegia supera l&#039;Iraq, Mbapp\u00e9 e Haaland subito show con due doppiette\" rel=\"nofollow noopener\" target=\"_blank\">La gara del &#8220;suo&#8221; Messi, che ha consacrato ulteriormente il numero 10<\/a> elevandolo al primo posto &#8211; a pari merito con Miroslav Klose &#8211; tra i cannonieri nella storia del Mondiale (16 reti, ma attenzione a Mbapp\u00e8 che si \u00e8 issato a 14), l&#8217;ha vissuta invece in albergo a New York e <b>ha documentato tutto attraverso le storie Instagram<\/b> del suo profilo social. La prima rete all&#8217;Algeria l&#8217;ha vista mentre cenava, la seconda e la terza nella sua camera. <b>Adani \u00e8 rimasto in silenzio, con uno sguardo che raccontava tutto: poi al tris di Messi \u00e8 &#8220;svenuto&#8221; a terra<\/b> per le gesta del suo idolo, che torner\u00e0 a commentare nelle prossime partite, non appena la Rai &#8211; che trasmette una gara al giorno, mentre Dazn ha i diritti su tutto il torneo &#8211; trasmetter\u00e0 una partita dell&#8217;Argentina. <b>L&#8217;attesa sar\u00e0 breve: l&#8217;appuntamento \u00e8 per luned\u00ec 22, alle ore 19 italiane, contro l&#8217;Austria. E potrebbe essere il giorno del sorpasso definitivo a Klose<\/b>. Poi, dai sedicesimi, si valuter\u00e0 in base agli accoppiamenti della fase a eliminazione diretta.\u00a0\u00a0    &#13;<br \/>\n&#13;<br \/>\n&#13;<br \/>\n&#13;<br \/>\n&#13;<br \/>\n&#13;<br \/>\n&#13;<br \/>\n&#13;<br \/>\n&#13;<br \/>\n&#13;<br \/>\n&#13;<br \/>\n&#13;<br \/>\n&#13;<br \/>\n&#13;<br \/>\n&#13;<br \/>\n&#13;<br \/>\n&#13;<br \/>\n&#13;<br \/>\n&#13;<br \/>\n&#13;<br \/>\n&#13;<br \/>\n&#13;<br \/>\n&#13;<br \/>\n&#13;<br \/>\n&#13;<br \/>\n&#13;<br \/>\n&#13;<br \/>\n&#13;<br \/>\n&#13;<br \/>\n&#13;<br \/>\n&#13;<br \/>\n&#13;<br \/>\n&#13;<br \/>\n&#13;<br \/>\n&#13;<br \/>\n&#13;<br \/>\n&#13;<br \/>\n&#13;<br \/>\n&#13;<br \/>\n&#13;<br \/>\n&#13;<br \/>\n&#13;<br \/>\n&#13;<br \/>\n&#13;<br \/>\n&#13;<br \/>\n&#13;<br \/>\n&#13;<br \/>\n&#13;<br \/>\n&#13;<br \/>\n&#13;<br \/>\n&#13;<br \/>\n&#13;<br \/>\n&#13;\n<\/p>\n<p class=\"is-last-update\" datetime=\"2026-06-17T08:43:42+02:00\">17 giugno 2026<\/p>\n<p class=\"is-copyright\">\n            \u00a9 RIPRODUZIONE RISERVATA\n        <\/p>\n","protected":false},"excerpt":{"rendered":"Il commentatore Rai torner\u00e0 a essere la voce narrante dell&#8217;Argentina luned\u00ec nella partita contro l&#8217;Austria, che verr\u00e0 trasmessa&hellip;\n","protected":false},"author":3,"featured_media":543073,"comment_status":"","ping_status":"","sticky":false,"template":"","format":"standard","meta":{"footnotes":"","_share_on_mastodon":"0"},"categories":[1452],"tags":[53691,13029,13146,2648,8236,721,595,5631,1740,4300,298431,629,1976,1537,90,89,299045,1691,56030,59,1353,1290,4283,2848,299263,2516,2518,2521,36860,1739,1686,245,244],"class_list":["post-543072","post","type-post","status-publish","format-standard","has-post-thumbnail","category-calcio","tag-adani","tag-albergo","tag-arbitro","tag-argentina","tag-austria","tag-calcio","tag-definitivo","tag-diretta","tag-football","tag-francia","tag-francia-senegal","tag-gara","tag-gol","tag-it","tag-italia","tag-italy","tag-klose","tag-lunedi","tag-mbappe","tag-messi","tag-mondiale","tag-partita","tag-partite","tag-rai","tag-rai-gol","tag-re","tag-rete","tag-seconda","tag-senegal","tag-soccer","tag-social","tag-sport","tag-sports"],"share_on_mastodon":{"url":"https:\/\/pubeurope.com\/@it\/116764493030206226","error":""},"_links":{"self":[{"href":"https:\/\/www.europesays.com\/it\/wp-json\/wp\/v2\/posts\/543072","targetHints":{"allow":["GET"]}}],"collection":[{"href":"https:\/\/www.europesays.com\/it\/wp-json\/wp\/v2\/posts"}],"about":[{"href":"https:\/\/www.europesays.com\/it\/wp-json\/wp\/v2\/types\/post"}],"author":[{"embeddable":true,"href":"https:\/\/www.europesays.com\/it\/wp-json\/wp\/v2\/users\/3"}],"replies":[{"embeddable":true,"href":"https:\/\/www.europesays.com\/it\/wp-json\/wp\/v2\/comments?post=543072"}],"version-history":[{"count":0,"href":"https:\/\/www.europesays.com\/it\/wp-json\/wp\/v2\/posts\/543072\/revisions"}],"wp:featuredmedia":[{"embeddable":true,"href":"https:\/\/www.europesays.com\/it\/wp-json\/wp\/v2\/media\/543073"}],"wp:attachment":[{"href":"https:\/\/www.europesays.com\/it\/wp-json\/wp\/v2\/media?parent=543072"}],"wp:term":[{"taxonomy":"category","embeddable":true,"href":"https:\/\/www.europesays.com\/it\/wp-json\/wp\/v2\/categories?post=543072"},{"taxonomy":"post_tag","embeddable":true,"href":"https:\/\/www.europesays.com\/it\/wp-json\/wp\/v2\/tags?post=543072"}],"curies":[{"name":"wp","href":"https:\/\/api.w.org\/{rel}","templated":true}]}}