{"id":543246,"date":"2026-06-17T10:46:10","date_gmt":"2026-06-17T10:46:10","guid":{"rendered":"https:\/\/www.europesays.com\/it\/543246\/"},"modified":"2026-06-17T10:46:10","modified_gmt":"2026-06-17T10:46:10","slug":"fiorentina-kean-primo-incontro-per-continuare-insieme","status":"publish","type":"post","link":"https:\/\/www.europesays.com\/it\/543246\/","title":{"rendered":"Fiorentina-Kean, primo incontro per continuare insieme"},"content":{"rendered":"<p>                                La punta azzurra \u00e8 il primo nodo da sciogliere: incontro con l\u2019agente per convincerlo a restare, Moise non spinge per andare via\u00a0<\/p>\n<p class=\"paragraph\" spellcheck=\"true\">L\u2019 estate di Moise Kean prosegue in giro per il mondo tra relax e allenamenti, spesso documentati attraverso i social. Il centravanti della Fiorentina ha chiuso la stagione da spettatore per colpa del solito problema alla tibia che ha condizionato buona parte della sua stagione. L\u2019obiettivo \u00e8 presentarsi allo start della nuova stagione senza pi\u00f9 dolore e in una condizione fisica ottimale. Nel frattempo il suo procuratore, Alessandro Lucci, incontrer\u00e0 la Fiorentina per definire il suo futuro, che sia il giocatore sia il club s\u2019immaginano ancora a tinte viola.\u00a0<\/p>\n<p>    desideri\u2014 \u00a0<\/p>\n<p class=\"paragraph is-inline\" spellcheck=\"true\">Il mercato \u00e8 lungo e imprevedibile ma al momento i desideri delle due parti in causa sembrano coincidere. Oggi ci sar\u00e0 un primo appuntamento per definire le linee guida della prossima stagione. La situazione \u00e8 la seguente: Kean ha una clausola da 62 milioni esercitabile dal 1\u00b0 al 15 luglio, alzata un\u2019estate fa dopo la stagione monstre dell\u2019attaccante (25 centri stagionali), che per\u00f2 non ha concesso il bis. Difficile immaginare che qualcuno sia disposto a pagare quella cifra dopo un\u2019annata deludente, difficile anche che sul tavolo della Fiorentina arrivino offerte talmente importanti (dai 40 milioni in su) da far vacillare il club. In pi\u00f9 lo sbarco a Firenze di Fabio Grosso, allenatore con cui Moise ha condiviso un periodo nelle giovanili della Juventus, lo ha reso ancora pi\u00f9 intoccabile: il tecnico campione del Mondo vuole ripartire dall\u2019attaccante titolare della Nazionale ed \u00e8 convinto che nel suo 4-3-3 possa esaltarsi e tornare il giocatore esplosivo e decisivo di cui il popolo della Viola si \u00e8 innamorato subito.\u00a0<\/p>\n<p><a class=\"is-partner-link\" href=\"https:\/\/abbonamenti.gazzetta.it\/de-promo-mondiali\/?pwcmp=cta&amp;forceBrowser=true\" rel=\"nofollow noopener\" target=\"_blank\">Gazzetta Mondiale: ogni notte un\u2019edizione straordinaria esclusiva. Non perdertela, abbonati a 1\u20ac\/mese!<\/a><\/p>\n<p>    ripartenza\u2014 \u00a0<\/p>\n<p class=\"paragraph is-inline\" spellcheck=\"true\">Perci\u00f2 il diesse Fabio Paratici \u2014 che domani parler\u00e0 in conferenza stampa insieme al dg Alessandro Ferrari, per fare un consuntivo della stagione trascorsa e introdurre la prossima \u2014 proporr\u00e0 a Lucci (che con il club dei Commisso ha ottimi rapporti) di andare avanti insieme. Kean \u00e8 la stella e il giocatore pi\u00f9 pagato (stipendio da 4,5 milioni annui), a Firenze sta bene e non scalpita per cambiare aria. Ci sono tutti i presupposti perch\u00e9 il matrimonio continui.<\/p>\n<p class=\"is-copyright\">\u00a9 RIPRODUZIONE RISERVATA<\/p>\n","protected":false},"excerpt":{"rendered":"La punta azzurra \u00e8 il primo nodo da sciogliere: incontro con l\u2019agente per convincerlo a restare, Moise non&hellip;\n","protected":false},"author":3,"featured_media":543247,"comment_status":"","ping_status":"","sticky":false,"template":"","format":"standard","meta":{"footnotes":"","_share_on_mastodon":"0"},"categories":[176],"tags":[7169,299332,299333,2535,32,562,554,2583,37154,6927,1533,15504,2263,2266,564,1537,90,89,11505,299331,100807,8159,245,244,577,7004],"class_list":["post-543246","post","type-post","status-publish","format-standard","has-post-thumbnail","category-sport","tag-agente","tag-agente-convincerlo","tag-agente-convincerlo-restare","tag-alessandro","tag-andare","tag-attaccante","tag-club","tag-definire","tag-desideri","tag-difficile","tag-estate","tag-fabio","tag-fiorentina","tag-firenze","tag-giocatore","tag-it","tag-italia","tag-italy","tag-kean","tag-lucci","tag-moise","tag-prossima","tag-sport","tag-sports","tag-stagione","tag-viola"],"share_on_mastodon":{"url":"https:\/\/pubeurope.com\/@it\/116765051434056004","error":""},"_links":{"self":[{"href":"https:\/\/www.europesays.com\/it\/wp-json\/wp\/v2\/posts\/543246","targetHints":{"allow":["GET"]}}],"collection":[{"href":"https:\/\/www.europesays.com\/it\/wp-json\/wp\/v2\/posts"}],"about":[{"href":"https:\/\/www.europesays.com\/it\/wp-json\/wp\/v2\/types\/post"}],"author":[{"embeddable":true,"href":"https:\/\/www.europesays.com\/it\/wp-json\/wp\/v2\/users\/3"}],"replies":[{"embeddable":true,"href":"https:\/\/www.europesays.com\/it\/wp-json\/wp\/v2\/comments?post=543246"}],"version-history":[{"count":0,"href":"https:\/\/www.europesays.com\/it\/wp-json\/wp\/v2\/posts\/543246\/revisions"}],"wp:featuredmedia":[{"embeddable":true,"href":"https:\/\/www.europesays.com\/it\/wp-json\/wp\/v2\/media\/543247"}],"wp:attachment":[{"href":"https:\/\/www.europesays.com\/it\/wp-json\/wp\/v2\/media?parent=543246"}],"wp:term":[{"taxonomy":"category","embeddable":true,"href":"https:\/\/www.europesays.com\/it\/wp-json\/wp\/v2\/categories?post=543246"},{"taxonomy":"post_tag","embeddable":true,"href":"https:\/\/www.europesays.com\/it\/wp-json\/wp\/v2\/tags?post=543246"}],"curies":[{"name":"wp","href":"https:\/\/api.w.org\/{rel}","templated":true}]}}