{"id":543272,"date":"2026-06-17T11:11:19","date_gmt":"2026-06-17T11:11:19","guid":{"rendered":"https:\/\/www.europesays.com\/it\/543272\/"},"modified":"2026-06-17T11:11:19","modified_gmt":"2026-06-17T11:11:19","slug":"eminem-i-giudici-autorizzano-il-suo-editore-musicale-a-proseguire-nella-maxi-causa-contro-meta","status":"publish","type":"post","link":"https:\/\/www.europesays.com\/it\/543272\/","title":{"rendered":"Eminem, i giudici autorizzano il suo editore musicale a proseguire nella maxi causa contro Meta"},"content":{"rendered":"<p>Al centro del contenzioso c&#8217;\u00e8 la richiesta di Eight Mile Style di ottenere il massimo indennizzo previsto dalla normativa sul copyright. La societ\u00e0 ha quantificato il risarcimento in 109,4 milioni di dollari, corrispondenti a circa 150 mila dollari per ognuna delle presunte violazioni contestate. Secondo l&#8217;accusa, Meta avrebbe archiviato senza autorizzazione 243 composizioni tutelate dal diritto d&#8217;autore all&#8217;interno delle librerie musicali disponibili su Facebook, Instagram e WhatsApp<\/p>\n<p>Si apre una nuova fase della disputa giudiziaria che vede contrapposte Meta ed Eight Mile Style, la societ\u00e0 che amministra i diritti editoriali di una parte consistente del repertorio di <a data-intcmp=\"skytg24_foglia articolo_interlink_text\" href=\"https:\/\/tg24.sky.it\/argomenti\/eminem\" target=\"_self\" rel=\"nofollow noopener\">Eminem<\/a>. <\/p>\n<p>Un giudice federale degli Stati Uniti ha infatti respinto la richiesta avanzata dal gruppo proprietario di Facebook, Instagram e WhatsApp di chiudere anticipatamente il procedimento, consentendo cos\u00ec alla causa per presunta violazione del diritto d&#8217;autore di andare avanti.<\/p>\n<p>\u00a0<\/p>\n<p>Al centro del contenzioso c&#8217;\u00e8 la richiesta di Eight Mile Style di ottenere il massimo indennizzo previsto dalla normativa sul copyright. La societ\u00e0 ha quantificato il risarcimento in 109,4 milioni di dollari, corrispondenti a circa 150 mila dollari per ognuna delle presunte violazioni contestate.<\/p>\n<p>Secondo l&#8217;accusa, Meta avrebbe archiviato senza autorizzazione 243 composizioni tutelate dal diritto d&#8217;autore all&#8217;interno delle librerie musicali disponibili su Facebook, Instagram e WhatsApp.<\/p>\n<p>\t\t \tLe accuse di Eight Mile Style e la difesa di Meta<\/p>\n<p>La societ\u00e0 che gestisce i diritti editoriali di parte del catalogo di Eminem aveva avviato l&#8217;azione legale nei confronti della casa madre di Facebook lo scorso anno, sostenendo che le proprie opere fossero presenti sulle piattaforme digitali senza una licenza valida.<\/p>\n<p>\u00a0<\/p>\n<p>I legali di Meta avevano contestato con decisione le pretese economiche avanzate dalla controparte, definendo la richiesta di risarcimento \u201cspropositata\u201d e qualificando l&#8217;intera causa come \u201cfantasiosa\u201d. Secondo la difesa del gruppo tecnologico, le contestazioni formulate da Eight Mile Style sarebbero state eccessivamente generiche e, pertanto, insufficienti a superare la fase preliminare del procedimento.<\/p>\n<p>\t\t\t<a class=\"c-inline-card j-inline-card c-inline-card--with-image\" href=\"https:\/\/tg24.sky.it\/spettacolo\/musica\/2025\/11\/20\/eminem-causa-swim-shady\" rel=\"follow nofollow noopener\" data-intcmp=\"skytg24_articolo_approfondimenti_inline\" target=\"_blank\"><\/p>\n<p>\t\t\t         <img decoding=\"async\" crossorigin=\"anonymous\" alt=\"\" src=\"https:\/\/www.europesays.com\/it\/wp-content\/uploads\/2026\/06\/eminem-g.jpg\"  loading=\"lazy\"  bad-src=\"https:\/\/www.europesays.com\/it\/wp-content\/uploads\/2026\/06\/eminem-g.jpg\"\/><\/p>\n<p>\n\t\t\t         Approfondimento<br \/>\n\t\t\t         Eminem fa causa a un&#8217;azienda che vende costumi da bagno\n\t\t\t      <\/p>\n<p>\t\t\t<\/a><\/p>\n<p>\t\t \tLa decisione della giudice Brandy R. McMillion<\/p>\n<p>La giudice Brandy R. McMillion ha per\u00f2 espresso una valutazione differente. Nel provvedimento ha stabilito che il ricorso \u201ccontiene elementi sufficienti per sostenere in modo plausibile atti di violazione da parte di Meta\u201d.<\/p>\n<p>Nel motivare la decisione, la giudice ha scritto: \u201cEight Mile sostiene che Meta abbia inserito tutte le 243 opere citate nelle librerie musicali delle sue tre piattaforme. Se considerato vero, questo fatto pu\u00f2 ragionevolmente essere interpretato come una riproduzione delle opere protette da copyright\u201d.<\/p>\n<p> La stessa decisione aggiunge: \u201cPoich\u00e9 la legge sul copyright attribuisce ai titolari il diritto esclusivo di riprodurre le proprie opere, l&#8217;archiviazione delle composizioni di Eight Mile senza autorizzazione costituirebbe una riproduzione non autorizzata di materiale protetto\u201d.<\/p>\n<p>\t\t\t<a class=\"c-inline-card j-inline-card c-inline-card--with-image\" href=\"https:\/\/tg24.sky.it\/spettacolo\/musica\/2025\/08\/07\/eminem-stans-film\" rel=\"follow nofollow noopener\" data-intcmp=\"skytg24_articolo_approfondimenti_inline\" target=\"_blank\"><\/p>\n<p>\t\t\t         <img decoding=\"async\" crossorigin=\"anonymous\" alt=\"\" src=\"https:\/\/www.europesays.com\/it\/wp-content\/uploads\/2026\/06\/eminem_documentario_stan___GettyImages-2170703338.jpg\"  loading=\"lazy\"  bad-src=\"https:\/\/www.europesays.com\/it\/wp-content\/uploads\/2026\/06\/eminem_documentario_stan___GettyImages-2170703338.jpg\"\/><\/p>\n<p>\n\t\t\t         Approfondimento<br \/>\n\t\t\t         Stans, il documentario di Eminem che esplora l\u2019ossessione dei fan\n\t\t\t      <\/p>\n<p>\t\t\t<\/a><\/p>\n<p>\t\t \tRespinte le accuse di violazione indiretta<\/p>\n<p>La corte ha invece accolto la richiesta di Meta relativa a un&#8217;altra parte delle contestazioni. Eight Mile Style sosteneva infatti che il gruppo non si fosse limitato a conservare musica priva di licenza, ma avesse anche incoraggiato \u201cmiliardi\u201d di utenti a impiegare brani non autorizzati nei contenuti pubblicati sui social network.<\/p>\n<p>\u00a0<\/p>\n<p>Su questo punto, tuttavia, il tribunale ha ritenuto che le accuse non fossero accompagnate da elementi probatori sufficienti. Secondo la corte, Eight Mile Style non ha prodotto esempi concreti di contenuti che avrebbero effettivamente violato il copyright.<\/p>\n<p>Nel provvedimento si legge inoltre: \u201cSebbene Meta possa incoraggiare gli utenti a utilizzare gli strumenti delle proprie piattaforme, il tribunale non \u00e8 disposto a equiparare un invito a usare tali strumenti a un incoraggiamento alla violazione del copyright, soprattutto quando gli stessi strumenti possono essere utilizzati in modo perfettamente legittimo\u201d.<\/p>\n<p>\t\t\t<a class=\"c-inline-card j-inline-card c-inline-card--with-image\" href=\"https:\/\/tg24.sky.it\/spettacolo\/musica\/video\/2025\/08\/07\/eminem-stans-film-1028002\" rel=\"follow nofollow noopener\" data-intcmp=\"skytg24_articolo_approfondimenti_inline\" target=\"_blank\"><\/p>\n<p>\t\t\t         <img decoding=\"async\" crossorigin=\"anonymous\" alt=\"\" src=\"https:\/\/www.europesays.com\/it\/wp-content\/uploads\/2026\/06\/1028002_1754558363278_thumb_494.0000001_1754558638451.jpg\"  loading=\"lazy\"  bad-src=\"https:\/\/www.europesays.com\/it\/wp-content\/uploads\/2026\/06\/1028002_1754558363278_thumb_494.0000001_1754558638451.jpg\"\/><\/p>\n<p>\n\t\t\t         Approfondimento<br \/>\n\t\t\t         Uscito Stans, documentario di Eminem sui fan eccessivi\n\t\t\t      <\/p>\n<p>\t\t\t<\/a><\/p>\n<p>\t\t \tIl ruolo di Eminem e il contesto della vicenda<\/p>\n<p>Eminem non figura tra i querelanti e non \u00e8 coinvolto personalmente nel procedimento giudiziario. La battaglia legale \u00e8 portata avanti esclusivamente da Eight Mile Style, societ\u00e0 che da anni si occupa della gestione e della tutela dei diritti editoriali di una parte significativa delle sue opere.<\/p>\n<p>\u00a0<\/p>\n<p>La controversia si inserisce in un quadro pi\u00f9 ampio, caratterizzato da una crescente attenzione nei confronti dell&#8217;impiego della musica sulle piattaforme digitali e sui social network. Negli ultimi anni le grandi aziende tecnologiche si sono trovate ad affrontare numerose dispute riguardanti le licenze musicali, in un mercato nel quale video brevi, reel e contenuti generati dagli utenti dipendono in misura sempre maggiore dai cataloghi delle major e degli editori musicali.<\/p>\n<p>\t\t\t<a class=\"c-inline-card j-inline-card c-inline-card--with-image\" href=\"https:\/\/tg24.sky.it\/spettacolo\/musica\/2024\/10\/04\/eminem-nonno\" rel=\"follow nofollow noopener\" data-intcmp=\"skytg24_articolo_approfondimenti_inline\" target=\"_blank\"><\/p>\n<p>\t\t\t         <img decoding=\"async\" crossorigin=\"anonymous\" alt=\"\" src=\"https:\/\/www.europesays.com\/it\/wp-content\/uploads\/2026\/06\/eminem_nonno.jpg\"  loading=\"lazy\"  bad-src=\"https:\/\/www.europesays.com\/it\/wp-content\/uploads\/2026\/06\/eminem_nonno.jpg\"\/><\/p>\n<p>\n\t\t\t         Approfondimento<br \/>\n\t\t\t         Eminem diventa nonno: l&#8217;annuncio nel videoclip di Temporary. VIDEO\n\t\t\t      <\/p>\n<p>\t\t\t<\/a><\/p>\n<p>\t            TAG:<\/p>\n","protected":false},"excerpt":{"rendered":"Al centro del contenzioso c&#8217;\u00e8 la richiesta di Eight Mile Style di ottenere il massimo indennizzo previsto dalla&hellip;\n","protected":false},"author":3,"featured_media":543273,"comment_status":"","ping_status":"","sticky":false,"template":"","format":"standard","meta":{"footnotes":"","_share_on_mastodon":"0"},"categories":[1443],"tags":[1048,33605,203,204,1537,90,89,3334,1538,1539],"class_list":["post-543272","post","type-post","status-publish","format-standard","has-post-thumbnail","category-musica","tag-causa","tag-eminem","tag-entertainment","tag-intrattenimento","tag-it","tag-italia","tag-italy","tag-meta","tag-music","tag-musica"],"share_on_mastodon":{"url":"https:\/\/pubeurope.com\/@it\/116765150551183519","error":""},"_links":{"self":[{"href":"https:\/\/www.europesays.com\/it\/wp-json\/wp\/v2\/posts\/543272","targetHints":{"allow":["GET"]}}],"collection":[{"href":"https:\/\/www.europesays.com\/it\/wp-json\/wp\/v2\/posts"}],"about":[{"href":"https:\/\/www.europesays.com\/it\/wp-json\/wp\/v2\/types\/post"}],"author":[{"embeddable":true,"href":"https:\/\/www.europesays.com\/it\/wp-json\/wp\/v2\/users\/3"}],"replies":[{"embeddable":true,"href":"https:\/\/www.europesays.com\/it\/wp-json\/wp\/v2\/comments?post=543272"}],"version-history":[{"count":0,"href":"https:\/\/www.europesays.com\/it\/wp-json\/wp\/v2\/posts\/543272\/revisions"}],"wp:featuredmedia":[{"embeddable":true,"href":"https:\/\/www.europesays.com\/it\/wp-json\/wp\/v2\/media\/543273"}],"wp:attachment":[{"href":"https:\/\/www.europesays.com\/it\/wp-json\/wp\/v2\/media?parent=543272"}],"wp:term":[{"taxonomy":"category","embeddable":true,"href":"https:\/\/www.europesays.com\/it\/wp-json\/wp\/v2\/categories?post=543272"},{"taxonomy":"post_tag","embeddable":true,"href":"https:\/\/www.europesays.com\/it\/wp-json\/wp\/v2\/tags?post=543272"}],"curies":[{"name":"wp","href":"https:\/\/api.w.org\/{rel}","templated":true}]}}