{"id":543330,"date":"2026-06-17T12:00:16","date_gmt":"2026-06-17T12:00:16","guid":{"rendered":"https:\/\/www.europesays.com\/it\/543330\/"},"modified":"2026-06-17T12:00:16","modified_gmt":"2026-06-17T12:00:16","slug":"mercato-milan-ramos-il-sogno-di-amorim-scaricato-leao","status":"publish","type":"post","link":"https:\/\/www.europesays.com\/it\/543330\/","title":{"rendered":"Mercato Milan: Ramos il sogno di Amorim. Scaricato Leao"},"content":{"rendered":"<p>                                L\u2019arrivo del nuovo tecnico segna la linea sul mercato: occhi puntati su Trincao e gli altri suoi pupilli<\/p>\n<p>            <a class=\"image is-50x50\" href=\"https:\/\/www.gazzetta.it\/redazione\/marco-guidi\/\" rel=\"nofollow noopener\" target=\"_blank\"><br \/>\n                <img decoding=\"async\" class=\"is-rounded\" src=\"https:\/\/www.europesays.com\/it\/wp-content\/uploads\/2025\/11\/marco_guidi_avatar.png\" alt=\"Marco Guidi\"\/><br \/>\n            <\/a><\/p>\n<p>Giornalista<\/p>\n<p>                    17 giugno 2026 (modifica alle 11:17)  &#8211; MILANO<\/p>\n<p class=\"paragraph\" spellcheck=\"true\">Nel calcio, la matematica a volte diventa un\u2019opinione. Due pi\u00f9 due non fa sempre quattro e non \u00e8 che un allenatore portoghese deve per forza voler trattenere un connazionale in squadra. Lo sbarco di Ruben Amorim sulla panchina del Milan, ufficializzato ieri nel tardo pomeriggio sul sito del club rossonero, non \u00e8  di certo una mossa per trattenere Rafa Leao, che nelle scorse settimane ha comunicato pi\u00f9 volte urbi et orbi la sua voglia di lasciare Milano. In compenso, \u00e8 altrettanto vero che l\u2019ex tecnico del Manchester United possa avere un occhio di riguardo per i calciatori portoghesi che conosce da vicino. Come Gon\u00e7alo Ramos, affrontato da tecnico dello Sporting nei derby infuocati con il Benfica. Ecco, vista anche l\u2019atavica necessit\u00e0 di un centravanti per il Diavolo, qui due pi\u00f9 due pu\u00f2 fare davvero quattro, anche se far quadrare i conti di un\u2019eventuale operazione in estate non sarebbe facile.\u00a0<\/p>\n<p>        Chi viene\u2014 \u00a0<\/p>\n<p class=\"paragraph\" spellcheck=\"true\">Come detto, ieri Amorim ha firmato il suo contratto con il Milan, che a sorpresa sar\u00e0 un triennale con opzione per una quarta stagione insieme. Un anno in pi\u00f9 di quanto filtrato fino all\u2019ufficialit\u00e0 e chiaro segnale della fiducia riposta da Gerry Cardinale nell\u2019allenatore portoghese. &#8220;Ci sono ambizioni che ti accompagnano per tutta la carriera e, per me, allenare il Milan \u00e8 sempre stata una di queste&#8221;, il primo commento del tecnico. Che poi ha aggiunto: &#8220;So perfettamente cosa rappresenta questo club: storia, prestigio e una tifoseria straordinaria in tutto il mondo. \u00c8 una sfida che affronto con orgoglio ed entusiasmo, con la piena consapevolezza di ci\u00f2 che significano questi colori. Non vedo l\u2019ora di iniziare e di vivere ogni giorno la passione che anima il Milan&#8221;. Fin qui le parole, ma Amorim a breve passer\u00e0 ai fatti. A cominciare dal mercato, ovviamente in accordo con la visione della propriet\u00e0 e della nuova societ\u00e0, che presto potrebbe accogliere Markus Kr\u00f6sche come Ceo of football e Timmo Hardung da suo braccio destro.\u00a0<\/p>\n<p>        idee\u2014 \u00a0<\/p>\n<p class=\"paragraph\" spellcheck=\"true\">Il nuovo allenatore ha gi\u00e0 avuto modo di illustrare le proprie idee nei diversi colloqui con Cardinale. Amorim giudica la rosa del Milan all\u2019altezza del compito, ma naturalmente sarebbe ben felice di accogliere qualche rinforzo. In particolare un centravanti come Gon\u00e7alo Ramos, che compir\u00e0 25 anni sabato. Al Psg ha vinto quasi tutto nelle ultime due stagioni, ma da comprimario. Quasi mai titolare, spesso in seconda o terza fila, nonostante la stima di Luis Enrique. Per questo motivo il suo agente &#8211; il potentissimo Jorge Mendes &#8211; non disdegnerebbe un cambio di maglia in estate. Ramos un anno fa ha fatto sapere di stare bene a Parigi &#8211; anche per un ingaggio che con i bonus sfiora i 5 milioni di euro netti -, ma dopo mesi e mesi di panchina, potrebbe aver cambiato idea. Lo spera anche Amorim, che lo accoglierebbe a braccia aperte per farne il centravanti titolare del suo Milan. Come? Magari in prestito con diritto oppure obbligo condizionato di riscatto, sfruttando l\u2019abilit\u00e0 negoziale di Mendes. Il Psg valuta l\u2019attaccante portoghese 40 milioni, dopo averlo pagato nel 2023 65 + 15. Tanti soldi, forse troppi per un Diavolo senza Champions. Ma spostando il trasferimento a titolo definitivo nel 2027, le condizioni potrebbero essere diverse e pi\u00f9 accessibili.\u00a0<\/p>\n<p>        formula\u2014 \u00a0<\/p>\n<p class=\"paragraph\" spellcheck=\"true\">Una formula simile si potrebbe trovare pure per Manuel Ugarte, centrocampista del Manchester United e pupillo di Amorim dai tempi di Lisbona. Sempre allo Sporting gioca l\u2019ex Lecce Morten Hjulmand, che per\u00f2 ha una valutazione quasi proibitiva. In difesa, il preferito \u00e8 Inacio, probabilmente inaccessibile per il prezzo, cos\u00ec occhio ad Antonio Silva del Benfica. In avanti  ci sono due candidature: la prima \u00e8 quella di Francisco Trincao, altro uomo di Amorim allo Sporting; la seconda porta in Germania, all\u2019Eintracht &#8211; proprio il club dal quale si stanno liberando Kr\u00f6sche e Hardung &#8211; e si chiama Can Uzun, talentino classe 2005 che sogna l\u2019Italia, ma ha gi\u00e0 un\u2019offerta importante sul piatto dal Galatasaray.\u00a0<\/p>\n<p><a class=\"is-partner-link\" href=\"https:\/\/abbonamenti.gazzetta.it\/de-promo-mondiali\/?pwcmp=cta&amp;forceBrowser=true\" rel=\"nofollow noopener\" target=\"_blank\">Gazzetta Mondiale: ogni notte un\u2019edizione straordinaria esclusiva. Non perdertela, abbonati a 1\u20ac\/mese!<\/a><\/p>\n<p>        Chi va\u2014 \u00a0<\/p>\n<p class=\"paragraph\" spellcheck=\"true\">Per comprare, per\u00f2, il <a href=\"https:\/\/www.gazzetta.it\/calcio\/squadre\/milan\/notizie\/\" rel=\"nofollow noopener\" target=\"_blank\">Milan<\/a> deve anche vendere. Di Leao si \u00e8 gi\u00e0 detto, ma tra valutazione del cartellino e ingaggio alto, al momento nessuno ha bussato alla porta di via Aldo Rossi. Modric \u00e8 a un passo dall\u2019addio, mentre \u00e8 tutta da misurare la voglia di Milan senza  Champions di big come Maignan e Rabiot. Loftus-Cheek e Fofana sono in bilico, mentre Amorim valuter\u00e0 il futuro di Tomori, come di altri rossoneri.<\/p>\n<p class=\"is-copyright\">\u00a9 RIPRODUZIONE RISERVATA<\/p>\n","protected":false},"excerpt":{"rendered":"L\u2019arrivo del nuovo tecnico segna la linea sul mercato: occhi puntati su Trincao e gli altri suoi pupilli&hellip;\n","protected":false},"author":3,"featured_media":543331,"comment_status":"","ping_status":"","sticky":false,"template":"","format":"standard","meta":{"footnotes":"","_share_on_mastodon":"0"},"categories":[1452],"tags":[11756,299370,299371,55356,299372,299373,12788,1960,299369,50020,4432,721,843,12837,1969,554,8001,1533,1740,3341,39996,39997,297978,6108,7183,1537,90,89,296093,8007,5364,2923,14987,1412,553,8040,3484,98,13201,14393,24823,2521,1739,245,4815,244,3375,26462,286247,119588,5361,2847,6205],"class_list":["post-543330","post","type-post","status-publish","format-standard","has-post-thumbnail","category-calcio","tag-abilita","tag-abilita-negoziale","tag-abilita-negoziale-mendes","tag-accessibili","tag-accessibili-formula","tag-accessibili-formula-formula","tag-accogliere","tag-allenatore","tag-allenatore-portoghese","tag-amorim","tag-benfica","tag-calcio","tag-cardinale","tag-centravanti","tag-champions","tag-club","tag-diavolo","tag-estate","tag-football","tag-formula","tag-goncalo","tag-goncalo-ramos","tag-hardung","tag-idee","tag-ingaggio","tag-it","tag-italia","tag-italy","tag-krosche","tag-leao","tag-manchester","tag-manchester-united","tag-mendes","tag-mercato","tag-milan","tag-occhio","tag-panchina","tag-porta","tag-portoghese","tag-psg","tag-ramos","tag-seconda","tag-soccer","tag-sport","tag-sporting","tag-sports","tag-tecnico","tag-titolare","tag-trattenere","tag-trincao","tag-united","tag-valutazione","tag-voglia"],"share_on_mastodon":{"url":"","error":"Validation failed: Text character limit of 500 exceeded"},"_links":{"self":[{"href":"https:\/\/www.europesays.com\/it\/wp-json\/wp\/v2\/posts\/543330","targetHints":{"allow":["GET"]}}],"collection":[{"href":"https:\/\/www.europesays.com\/it\/wp-json\/wp\/v2\/posts"}],"about":[{"href":"https:\/\/www.europesays.com\/it\/wp-json\/wp\/v2\/types\/post"}],"author":[{"embeddable":true,"href":"https:\/\/www.europesays.com\/it\/wp-json\/wp\/v2\/users\/3"}],"replies":[{"embeddable":true,"href":"https:\/\/www.europesays.com\/it\/wp-json\/wp\/v2\/comments?post=543330"}],"version-history":[{"count":0,"href":"https:\/\/www.europesays.com\/it\/wp-json\/wp\/v2\/posts\/543330\/revisions"}],"wp:featuredmedia":[{"embeddable":true,"href":"https:\/\/www.europesays.com\/it\/wp-json\/wp\/v2\/media\/543331"}],"wp:attachment":[{"href":"https:\/\/www.europesays.com\/it\/wp-json\/wp\/v2\/media?parent=543330"}],"wp:term":[{"taxonomy":"category","embeddable":true,"href":"https:\/\/www.europesays.com\/it\/wp-json\/wp\/v2\/categories?post=543330"},{"taxonomy":"post_tag","embeddable":true,"href":"https:\/\/www.europesays.com\/it\/wp-json\/wp\/v2\/tags?post=543330"}],"curies":[{"name":"wp","href":"https:\/\/api.w.org\/{rel}","templated":true}]}}