{"id":543400,"date":"2026-06-17T13:01:30","date_gmt":"2026-06-17T13:01:30","guid":{"rendered":"https:\/\/www.europesays.com\/it\/543400\/"},"modified":"2026-06-17T13:01:30","modified_gmt":"2026-06-17T13:01:30","slug":"ravezzani-preoccupa-in-chiave-milan-che-vogliono-hardung-solo-per","status":"publish","type":"post","link":"https:\/\/www.europesays.com\/it\/543400\/","title":{"rendered":"Ravezzani: &#8220;Preoccupa in chiave Milan che vogliono Hardung solo per&#8230;&#8221;"},"content":{"rendered":"<p>Il punto del direttore di TL <\/p>\n<p><strong>Scegli Golssip come tuo sito preferito su Google:\u00a0<a href=\"https:\/\/www.google.com\/preferences\/source?q=golssip.it\" rel=\"nofollow noopener\" target=\"_blank\">clicca qui<\/a><\/strong><\/p>\n<p>A novembre la Gazzetta dello Sport aveva intervistato <strong>Hardung<\/strong>. Oggi le sue parole tornano di attualit\u00e0 in ottica <strong>Milan<\/strong>. Ecco cosa scriveva la Rosea: &#8220;In Italia, il nome di <strong>Timmo Hardung<\/strong> dir\u00e0 poco. Non ha fatto il calciatore professionista, non allena, \u00e8 ancora troppo giovane per essere considerato un guru. Eppure, se negli ultimi anni l\u2019Eintracht Francoforte ha messo in tasca centinaia e centinaia di milioni di euro, tra player trading e qualificazioni in Champions, lo deve anche a lui&#8221;. A Fabio Ravezzani non \u00e8 sfuggito un elemento, che considera non particolarmente positivo per i rossoneri.<\/p>\n<p>Il punto di Ravezzani\u2014 \u00a0<\/p>\n<p>&#8220;Intervista molto interessante. Quello che preoccupa, in chiave <strong>Milan<\/strong>, \u00e8 che <strong>Hardung<\/strong> non interessi perch\u00e9 ha vinto molto, ma solo perch\u00e9 \u00e8 bravo nel player trading. L\u2019unica cosa che interessa a <strong>Cardinale<\/strong> \u00e8 pagare poco un campione e poi rivenderlo appena si afferma. Tipo <strong>Atalanta<\/strong>&#8220;, ha commentato <strong>Fabio Ravezzani<\/strong> su X.<\/p>\n<p class=\"is-copyright\">\u00a9 RIPRODUZIONE RISERVATA<\/p>\n","protected":false},"excerpt":{"rendered":"Il punto del direttore di TL Scegli Golssip come tuo sito preferito su Google:\u00a0clicca qui A novembre la&hellip;\n","protected":false},"author":3,"featured_media":543401,"comment_status":"","ping_status":"","sticky":false,"template":"","format":"standard","meta":{"footnotes":"","_share_on_mastodon":"0"},"categories":[176],"tags":[843,3844,3845,299396,15504,155992,297978,18240,1537,90,89,553,14283,25566,245,244],"class_list":["post-543400","post","type-post","status-publish","format-standard","has-post-thumbnail","category-sport","tag-cardinale","tag-centinaia","tag-chiave","tag-chiave-milan","tag-fabio","tag-fabio-ravezzani","tag-hardung","tag-interessa","tag-it","tag-italia","tag-italy","tag-milan","tag-pagare","tag-ravezzani","tag-sport","tag-sports"],"share_on_mastodon":{"url":"https:\/\/pubeurope.com\/@it\/116765582059916106","error":""},"_links":{"self":[{"href":"https:\/\/www.europesays.com\/it\/wp-json\/wp\/v2\/posts\/543400","targetHints":{"allow":["GET"]}}],"collection":[{"href":"https:\/\/www.europesays.com\/it\/wp-json\/wp\/v2\/posts"}],"about":[{"href":"https:\/\/www.europesays.com\/it\/wp-json\/wp\/v2\/types\/post"}],"author":[{"embeddable":true,"href":"https:\/\/www.europesays.com\/it\/wp-json\/wp\/v2\/users\/3"}],"replies":[{"embeddable":true,"href":"https:\/\/www.europesays.com\/it\/wp-json\/wp\/v2\/comments?post=543400"}],"version-history":[{"count":0,"href":"https:\/\/www.europesays.com\/it\/wp-json\/wp\/v2\/posts\/543400\/revisions"}],"wp:featuredmedia":[{"embeddable":true,"href":"https:\/\/www.europesays.com\/it\/wp-json\/wp\/v2\/media\/543401"}],"wp:attachment":[{"href":"https:\/\/www.europesays.com\/it\/wp-json\/wp\/v2\/media?parent=543400"}],"wp:term":[{"taxonomy":"category","embeddable":true,"href":"https:\/\/www.europesays.com\/it\/wp-json\/wp\/v2\/categories?post=543400"},{"taxonomy":"post_tag","embeddable":true,"href":"https:\/\/www.europesays.com\/it\/wp-json\/wp\/v2\/tags?post=543400"}],"curies":[{"name":"wp","href":"https:\/\/api.w.org\/{rel}","templated":true}]}}