{"id":543480,"date":"2026-06-17T14:16:15","date_gmt":"2026-06-17T14:16:15","guid":{"rendered":"https:\/\/www.europesays.com\/it\/543480\/"},"modified":"2026-06-17T14:16:15","modified_gmt":"2026-06-17T14:16:15","slug":"lamara-lettera-del-figlio-di-oronzo-pugliese-a-fabio-capello-sono-rammaricato-ingeneroso-il-suo-giudizio-su-mio-padre","status":"publish","type":"post","link":"https:\/\/www.europesays.com\/it\/543480\/","title":{"rendered":"L&#8217;amara lettera del figlio di Oronzo Pugliese a Fabio Capello: \u00abSono rammaricato, ingeneroso il suo giudizio su mio padre\u00bb"},"content":{"rendered":"<p>    di<br \/>\n    Matteo Pugliese<\/p>\n<p class=\"summary-art is-line-h-12\">Nell&#8217;intervista al Corriere Capello aveva parlato cos\u00ec del suo allenatore ai tempi della Roma: \u00abOronzo Pugliese non capiva tanto di calcio\u00bb. La replica del figlio Matteo: \u00abSpero che in futuro vorr\u00e0 essere meno superficiale\u00bb<\/p>\n<p class=\"chapter-paragraph\">Questa lettera \u00e8 arrivata a <a href=\"https:\/\/www.corriere.it\/lodicoalcorriere\/\" rel=\"nofollow noopener\" target=\"_blank\">Lo dico al Corriere<\/a>, la pagina delle lettere curata da Aldo Cazzullo.<\/p>\n<p class=\"chapter-paragraph\">\u00abCaro Aldo, <a href=\"https:\/\/www.corriere.it\/cronache\/26_giugno_14\/fabio-capello-intervista-6ff41822-af14-4310-adfa-01292f02cxlk.shtml\" target=\"_blank\" rel=\"nofollow noopener\">ho letto l\u2019intervista a Fabio Capello<\/a>. Sono rammaricato per il giudizio ingeneroso che Capello d\u00e0 su mio padre, <b>Oronzo Pugliese,<\/b> affermando \u00ab<b>di calcio non capiva molto\u00bb<\/b>.  Vorrei ricordare  che mio padre lo volle alla <b>Roma <\/b>nel 1967\/68 (acquistandolo dalla Spal) e che in quell\u2019anno la Roma, fino a quando ebbe Capello in campo (il 26 novembre \u201867  Fabio si ruppe il menisco a Varese) rimase in testa alla classifica inanellando tra gli altri i seguenti risultati: Inter -Roma 1-1 , Roma-Napoli 2-1 , Roma Fiorentina 2-1 , Juventus &#8211; Roma 0-1 (con gol di Capello).\u00a0    &#13;<br \/>\n&#13;<br \/>\n&#13;<br \/>\n&#13;<br \/>\n&#13;<br \/>\n&#13;<br \/>\n&#13;<br \/>\n&#13;<br \/>\n&#13;<br \/>\n&#13;<br \/>\n&#13;<br \/>\n&#13;<br \/>\n&#13;<br \/>\n&#13;<br \/>\n&#13;<br \/>\n&#13;<br \/>\n&#13;<br \/>\n&#13;<br \/>\n&#13;<br \/>\n&#13;<br \/>\n&#13;<br \/>\n&#13;<br \/>\n&#13;<br \/>\n&#13;<br \/>\n&#13;<br \/>\n&#13;<br \/>\n&#13;<br \/>\n&#13;<br \/>\n&#13;<br \/>\n&#13;<br \/>\n&#13;<br \/>\n&#13;<br \/>\n&#13;<br \/>\n&#13;<br \/>\n&#13;<br \/>\n&#13;<br \/>\n&#13;<br \/>\n&#13;<br \/>\n&#13;<br \/>\n&#13;<br \/>\n&#13;<br \/>\n&#13;<br \/>\n&#13;<br \/>\n&#13;<br \/>\n&#13;<br \/>\n&#13;<br \/>\n&#13;<br \/>\n&#13;<br \/>\n&#13;<br \/>\n&#13;<br \/>\n&#13;<br \/>\n&#13;<br \/>\n&#13;\n<\/p>\n<p class=\"chapter-paragraph\"><b>Antonio Ghirelli<\/b>, al tempo direttore del Corriere dello Sport, dopo il successo sulla Juve, <b>defin\u00ec spettacolare il gioco dei giallorossi. <\/b>La Roma del 1967\/68 se non si fosse infortunato Capello (rientr\u00f2 in squadra solo nelle ultime partite) avrebbe dato molto filo da torcere anche alle grandi del Nord. Evidenzio <b>che all\u2019inizio della esperienza romana di Fabio Capello, mio pap\u00e0  lo difese<\/b> (non tutti capivano il gioco di Fabio) dicendo di lui \u00abun centrocampista che corre a testa alta, che gioca di prima, che passa la palla ai compagni sempre rasoterra, che possiede visione di gioco e che per giunta ha il fiuto del gol, \u00e8 un grande calciatore\u00bb.\u00a0<\/p>\n<p class=\"chapter-paragraph\">Credo che pochi abbiano descritto cos\u00ec bene Fabio Capello e che gi\u00e0 questo indichi quanto mio padre capisse di calcio.<b> Ricordo a Fabio che pap\u00e0  fu premiato nel 1964\/65 con il Seminatore d\u2019oro<\/b> (come l\u2019attuale Panchina d\u2019oro), titolo che prima di lui fu assegnato solo a <b>Helenio Herrera<\/b> e a <b>Nereo Rocco. <\/b>Permane la mia stima  per  Capello. Spero che in futuro vorr\u00e0 essere  meno superficiale nel giudicare mio padre, che nato  in un paesino del Sud  seppe giungere, grazie al carattere, ai vertici della serie A, allenando squadre prestigiose e conservando sempre l\u2019umilt\u00e0  e l\u2019umanit\u00e0 di chi si \u00e8 fatto da solo\u00bb.<\/p>\n<p>APPROFONDISCI CON IL PODCAST<\/p>\n<p class=\"is-last-update\" datetime=\"2026-06-17T15:16:20+02:00\">17 giugno 2026 ( modifica il 17 giugno 2026 | 15:16)<\/p>\n<p class=\"is-copyright\">\n            \u00a9 RIPRODUZIONE RISERVATA\n        <\/p>\n","protected":false},"excerpt":{"rendered":"di Matteo Pugliese Nell&#8217;intervista al Corriere Capello aveva parlato cos\u00ec del suo allenatore ai tempi della Roma: \u00abOronzo&hellip;\n","protected":false},"author":3,"featured_media":543481,"comment_status":"","ping_status":"","sticky":false,"template":"","format":"standard","meta":{"footnotes":"","_share_on_mastodon":"0"},"categories":[1451],"tags":[9639,721,30465,299409,214508,1621,1620,4864,203,15504,73744,299410,2716,2024,5538,1976,253808,1282,204,1537,90,89,2698,3206,153425,296722,3608,690,30709,299411,987,3462],"class_list":["post-543480","post","type-post","status-publish","format-standard","has-post-thumbnail","category-celebrita","tag-aldo","tag-calcio","tag-capello","tag-capello-rammaricato","tag-capiva","tag-celebrita","tag-celebrities","tag-corriere","tag-entertainment","tag-fabio","tag-fabio-capello","tag-fabio-capello-rammaricato","tag-figlio","tag-gioco","tag-giudizio","tag-gol","tag-ingeneroso","tag-intervista","tag-intrattenimento","tag-it","tag-italia","tag-italy","tag-lettera","tag-oro","tag-oronzo","tag-oronzo-pugliese","tag-padre","tag-papa","tag-pugliese","tag-rammaricato","tag-roma","tag-spero"],"share_on_mastodon":{"url":"https:\/\/pubeurope.com\/@it\/116765877179354861","error":""},"_links":{"self":[{"href":"https:\/\/www.europesays.com\/it\/wp-json\/wp\/v2\/posts\/543480","targetHints":{"allow":["GET"]}}],"collection":[{"href":"https:\/\/www.europesays.com\/it\/wp-json\/wp\/v2\/posts"}],"about":[{"href":"https:\/\/www.europesays.com\/it\/wp-json\/wp\/v2\/types\/post"}],"author":[{"embeddable":true,"href":"https:\/\/www.europesays.com\/it\/wp-json\/wp\/v2\/users\/3"}],"replies":[{"embeddable":true,"href":"https:\/\/www.europesays.com\/it\/wp-json\/wp\/v2\/comments?post=543480"}],"version-history":[{"count":0,"href":"https:\/\/www.europesays.com\/it\/wp-json\/wp\/v2\/posts\/543480\/revisions"}],"wp:featuredmedia":[{"embeddable":true,"href":"https:\/\/www.europesays.com\/it\/wp-json\/wp\/v2\/media\/543481"}],"wp:attachment":[{"href":"https:\/\/www.europesays.com\/it\/wp-json\/wp\/v2\/media?parent=543480"}],"wp:term":[{"taxonomy":"category","embeddable":true,"href":"https:\/\/www.europesays.com\/it\/wp-json\/wp\/v2\/categories?post=543480"},{"taxonomy":"post_tag","embeddable":true,"href":"https:\/\/www.europesays.com\/it\/wp-json\/wp\/v2\/tags?post=543480"}],"curies":[{"name":"wp","href":"https:\/\/api.w.org\/{rel}","templated":true}]}}