{"id":543628,"date":"2026-06-17T16:42:21","date_gmt":"2026-06-17T16:42:21","guid":{"rendered":"https:\/\/www.europesays.com\/it\/543628\/"},"modified":"2026-06-17T16:42:21","modified_gmt":"2026-06-17T16:42:21","slug":"honda-cb-750-r-last-lap-una-custom-che-rievoca-gli-anni-80-e-omaggia-freddie-spencer-gallery-news","status":"publish","type":"post","link":"https:\/\/www.europesays.com\/it\/543628\/","title":{"rendered":"Honda CB 750 R Last Lap: una custom che rievoca gli anni \u201880 e omaggia Freddie Spencer [GALLERY] &#8211; News"},"content":{"rendered":"<p>\n            Esposta durante il recente Wheels and Waves a Biarritz, offre una suggestione unica e meravigliosa. \u00c8 possibile votarla fino al 31 agosto su hondacustom.com, vincer\u00e0 lei?\n        <\/p>\n<p>              16 giugno 2026<\/p>\n<p><strong>Stilmoto<\/strong>, storico e grande <strong>rivenditore Honda spagnolo<\/strong>, ha trasformato una naked <strong>CB 750 Hornet in una esclusiva Retro-Racer <\/strong>denominata <strong>CB 750 R Last Lap<\/strong>. Il progetto \u00e8 stato realizzato per il Honda Garage Dreams Contest 2026 (svolto in Spagna e Portogallo) e per il festival <strong>Wheels and Waves 2026 di Biarritz<\/strong>, recentemente concluso in <strong>Francia<\/strong>. La moto non \u00e8 uno Scrambler n\u00e9 un Caf\u00e9 Racer, ma <strong>un vero Retro-Racer<\/strong> ispirato alle competizioni degli anni \u201880, in particolare alla mitica <strong>Honda NS 500 di Freddie Spencer<\/strong> con la classica colorazione tricolore rossa, bianca e blu.<\/p>\n<p>\n            Honda CB 750 R Last Lap: una custom che rievoca gli anni \u201880 e omaggia Freddie Spencer [GALLERY]\n        <\/p>\n<p>                    <a class=\"aimg-link app-gallery-opener\" data-index=\"0\" href=\"#\" aria-label=\"Apri gallery\"><\/p>\n<p>                        <img decoding=\"async\" class=\"img-fluid\" loading=\"lazy\" alt=\"\" src=\"https:\/\/www.europesays.com\/it\/wp-content\/uploads\/2026\/06\/honda1.jpg\" width=\"1920\" height=\"1296\"\/><\/p>\n<p>                                            <\/a><\/p>\n<p>                    <a class=\"aimg-link app-gallery-opener\" data-index=\"1\" href=\"#\" aria-label=\"Apri gallery\"><\/p>\n<p>                        <img decoding=\"async\" class=\"img-fluid\" loading=\"lazy\" alt=\"\" src=\"https:\/\/www.europesays.com\/it\/wp-content\/uploads\/2026\/06\/honda7.jpg\" width=\"1920\" height=\"1082\"\/><\/p>\n<p>                                            <\/a><\/p>\n<p>Il bello \u00e8 che la <strong>carenatura in fibra di vetro \u00e8 stata realizzata utilizzando uno stampo originale di 40 anni fa<\/strong> per riproduzione fedele dello stile sportivo d&#8217;epoca. Il look anni &#8217;80 \u00e8 completato da <strong>semimanubri bassi, serbatoio dalla linea piatta e codone squadrato capace di contenere il doppio terminale di scarico<\/strong>, proprio come avveniva per la celebre moto del campione americano. Abbiamo poi un<strong> forcellone posteriore monobraccio, <\/strong>che di fatto poco centra con la moto di <strong>Freddie Spencer<\/strong> ma che comunque non intacca lo spirito con cui \u00e8 stata affrontata questa preparazione.<\/p>\n<p>La <strong>CB 750 R Last Lap \u00e8 un pezzo unico<\/strong> e (per ora) non \u00e8 destinata alla vendita n\u00e9 all&#8217;uso stradale. Ma <strong>pu\u00f2 essere ancora votata all\u2019interno del concorso hondacustom.com<\/strong> al termine del quale sar\u00e0 premiata la preparazione che avr\u00e0 totalizzato il maggior numero di voti. Se vi piacciono le preparazioni su base Hornet e Transalp, <a href=\"https:\/\/www.hondacustoms.com\/it\" rel=\"nofollow noopener\" target=\"_blank\">cliccate qui <\/a>e non perdete l\u2019occasione di scoprire e votere la vostra preferita.<\/p>\n","protected":false},"excerpt":{"rendered":"Esposta durante il recente Wheels and Waves a Biarritz, offre una suggestione unica e meravigliosa. \u00c8 possibile votarla&hellip;\n","protected":false},"author":3,"featured_media":543629,"comment_status":"","ping_status":"","sticky":false,"template":"","format":"standard","meta":{"footnotes":"","_share_on_mastodon":"0"},"categories":[173],"tags":[299496,6548,299495,299494,1537,90,89,299498,195,198,199,197,200,201,79821,299497,194,196],"class_list":["post-543628","post","type-post","status-publish","format-standard","has-post-thumbnail","category-scienza-e-tecnologia","tag-freddie-spencer","tag-honda","tag-honda-cb-750-r-last-lap","tag-hondacustom-com","tag-it","tag-italia","tag-italy","tag-moto-custom","tag-science","tag-science-and-technology","tag-scienceandtechnology","tag-scienza","tag-scienza-e-tecnologia","tag-scienzaetecnologia","tag-special","tag-stilmoto","tag-technology","tag-tecnologia"],"share_on_mastodon":{"url":"https:\/\/pubeurope.com\/@it\/116766451528712708","error":""},"_links":{"self":[{"href":"https:\/\/www.europesays.com\/it\/wp-json\/wp\/v2\/posts\/543628","targetHints":{"allow":["GET"]}}],"collection":[{"href":"https:\/\/www.europesays.com\/it\/wp-json\/wp\/v2\/posts"}],"about":[{"href":"https:\/\/www.europesays.com\/it\/wp-json\/wp\/v2\/types\/post"}],"author":[{"embeddable":true,"href":"https:\/\/www.europesays.com\/it\/wp-json\/wp\/v2\/users\/3"}],"replies":[{"embeddable":true,"href":"https:\/\/www.europesays.com\/it\/wp-json\/wp\/v2\/comments?post=543628"}],"version-history":[{"count":0,"href":"https:\/\/www.europesays.com\/it\/wp-json\/wp\/v2\/posts\/543628\/revisions"}],"wp:featuredmedia":[{"embeddable":true,"href":"https:\/\/www.europesays.com\/it\/wp-json\/wp\/v2\/media\/543629"}],"wp:attachment":[{"href":"https:\/\/www.europesays.com\/it\/wp-json\/wp\/v2\/media?parent=543628"}],"wp:term":[{"taxonomy":"category","embeddable":true,"href":"https:\/\/www.europesays.com\/it\/wp-json\/wp\/v2\/categories?post=543628"},{"taxonomy":"post_tag","embeddable":true,"href":"https:\/\/www.europesays.com\/it\/wp-json\/wp\/v2\/tags?post=543628"}],"curies":[{"name":"wp","href":"https:\/\/api.w.org\/{rel}","templated":true}]}}