{"id":544025,"date":"2026-06-17T23:20:15","date_gmt":"2026-06-17T23:20:15","guid":{"rendered":"https:\/\/www.europesays.com\/it\/544025\/"},"modified":"2026-06-17T23:20:15","modified_gmt":"2026-06-17T23:20:15","slug":"versilia-calciatori-e-attori-ovunque-per-i-super-famosi-appuntamento-in-spiaggia-caccia-al-selfie","status":"publish","type":"post","link":"https:\/\/www.europesays.com\/it\/544025\/","title":{"rendered":"Versilia: calciatori (e attori) ovunque. Per i super famosi appuntamento in spiaggia. Caccia al selfie"},"content":{"rendered":"<p>Versilia, 17 giugno 2026 \u2013\u00a0Giorni roventi in <strong>Versilia<\/strong>, non solo per il meteo che porta giornate torride, nella pi\u00f9 classica tradizione delle ultime estati. Sono momenti frenetici anche per la incredibile concentrazione <strong>di volti famosi <\/strong>che si trovano in questa speciale parte della costa toscana. Gi\u00e0 chic di per s\u00e9, ma che sembra ancora pi\u00f9 sotto i riflettori in questa primavera-estate 2026. <strong>Tutti i brand vogliono esserci<\/strong>. Molte case presentano qui le loro novit\u00e0. Una potenza attrattiva notevole, forse anche per la particolare congiuntura internazionale.<\/p>\n<p><strong><a rel=\"follow nofollow noopener\" href=\"https:\/\/www.lanazione.it\/grosseto\/cronaca\/matrimonio-tommaso-paradiso-ob2shqmo-sck\" target=\"_blank\">Leggi anche: i look dei vip al matrimonio di Tommaso Paradiso<\/a><\/strong><\/p>\n","protected":false},"excerpt":{"rendered":"Versilia, 17 giugno 2026 \u2013\u00a0Giorni roventi in Versilia, non solo per il meteo che porta giornate torride, nella&hellip;\n","protected":false},"author":3,"featured_media":544026,"comment_status":"","ping_status":"","sticky":false,"template":"","format":"standard","meta":{"footnotes":"","_share_on_mastodon":"0"},"categories":[1451],"tags":[33,637,1952,1621,1620,203,22347,204,1537,90,89,25274,20975,13498,26549,113119],"class_list":["post-544025","post","type-post","status-publish","format-standard","has-post-thumbnail","category-celebrita","tag-appuntamento","tag-attori","tag-calciatori","tag-celebrita","tag-celebrities","tag-entertainment","tag-famosi","tag-intrattenimento","tag-it","tag-italia","tag-italy","tag-ovunque","tag-selfie","tag-spiaggia","tag-super","tag-versilia"],"share_on_mastodon":{"url":"https:\/\/pubeurope.com\/@it\/116768016330848227","error":""},"_links":{"self":[{"href":"https:\/\/www.europesays.com\/it\/wp-json\/wp\/v2\/posts\/544025","targetHints":{"allow":["GET"]}}],"collection":[{"href":"https:\/\/www.europesays.com\/it\/wp-json\/wp\/v2\/posts"}],"about":[{"href":"https:\/\/www.europesays.com\/it\/wp-json\/wp\/v2\/types\/post"}],"author":[{"embeddable":true,"href":"https:\/\/www.europesays.com\/it\/wp-json\/wp\/v2\/users\/3"}],"replies":[{"embeddable":true,"href":"https:\/\/www.europesays.com\/it\/wp-json\/wp\/v2\/comments?post=544025"}],"version-history":[{"count":0,"href":"https:\/\/www.europesays.com\/it\/wp-json\/wp\/v2\/posts\/544025\/revisions"}],"wp:featuredmedia":[{"embeddable":true,"href":"https:\/\/www.europesays.com\/it\/wp-json\/wp\/v2\/media\/544026"}],"wp:attachment":[{"href":"https:\/\/www.europesays.com\/it\/wp-json\/wp\/v2\/media?parent=544025"}],"wp:term":[{"taxonomy":"category","embeddable":true,"href":"https:\/\/www.europesays.com\/it\/wp-json\/wp\/v2\/categories?post=544025"},{"taxonomy":"post_tag","embeddable":true,"href":"https:\/\/www.europesays.com\/it\/wp-json\/wp\/v2\/tags?post=544025"}],"curies":[{"name":"wp","href":"https:\/\/api.w.org\/{rel}","templated":true}]}}