{"id":544063,"date":"2026-06-17T23:53:19","date_gmt":"2026-06-17T23:53:19","guid":{"rendered":"https:\/\/www.europesays.com\/it\/544063\/"},"modified":"2026-06-17T23:53:19","modified_gmt":"2026-06-17T23:53:19","slug":"juventus-vlahovic-la-nuova-proposta-una-richiesta-al-padre-milos-e-lidea-su-durata-e-ingaggio","status":"publish","type":"post","link":"https:\/\/www.europesays.com\/it\/544063\/","title":{"rendered":"Juventus-Vlahovic, la nuova proposta: una richiesta al padre Milos e l&#8217;idea su durata e ingaggio"},"content":{"rendered":"<p>La nuova mossa della Juventus per provare a trattenere il serbo e accontentare Luciano Spalletti.<\/p>\n<p>La Juventus di Giovanni Carnevali e Luciano Spalleti sta prendendo lentamente forma con l&#8217;ad bianconero che ha preso possesso dei libri contabili del club e sta cercando di far conciliare le idee del proprio allenatore con le necessit\u00e0 di bilancio.<\/p>\n<p><b><strong>In quest&#8217;ottica va inquadrato il nuovo tentativo last minute <\/strong><\/b>della societ\u00e0 bianconera per provare ad accontentare l&#8217;ex-ct della Nazionale italiana sul tema attaccante centrale. Proprio per questo la possibilit\u00e0 di trattenere e rinnovare il contratto di <b><strong>Dusan Vlahovic <\/strong><\/b>\u00e8 tornata d&#8217;attualit\u00e0. E secondo quanto riportato da Sportmediaset<b><strong> \u00e8 gi\u00e0 pronta una nuova proposta, che dovr\u00e0 per\u00f2 passare anche dalla collaborazione dello stesso centravanti serbo. <\/strong><\/b><\/p>\n","protected":false},"excerpt":{"rendered":"La nuova mossa della Juventus per provare a trattenere il serbo e accontentare Luciano Spalletti. La Juventus di&hellip;\n","protected":false},"author":3,"featured_media":544064,"comment_status":"","ping_status":"","sticky":false,"template":"","format":"standard","meta":{"footnotes":"","_share_on_mastodon":"0"},"categories":[176],"tags":[1744,353,4330,1537,90,89,558,553,245,244,355],"class_list":["post-544063","post","type-post","status-publish","format-standard","has-post-thumbnail","category-sport","tag-ac-milan","tag-calciomercato","tag-d-vlahovic","tag-it","tag-italia","tag-italy","tag-juventus","tag-milan","tag-sport","tag-sports","tag-transfers"],"share_on_mastodon":{"url":"https:\/\/pubeurope.com\/@it\/116768145871584249","error":""},"_links":{"self":[{"href":"https:\/\/www.europesays.com\/it\/wp-json\/wp\/v2\/posts\/544063","targetHints":{"allow":["GET"]}}],"collection":[{"href":"https:\/\/www.europesays.com\/it\/wp-json\/wp\/v2\/posts"}],"about":[{"href":"https:\/\/www.europesays.com\/it\/wp-json\/wp\/v2\/types\/post"}],"author":[{"embeddable":true,"href":"https:\/\/www.europesays.com\/it\/wp-json\/wp\/v2\/users\/3"}],"replies":[{"embeddable":true,"href":"https:\/\/www.europesays.com\/it\/wp-json\/wp\/v2\/comments?post=544063"}],"version-history":[{"count":0,"href":"https:\/\/www.europesays.com\/it\/wp-json\/wp\/v2\/posts\/544063\/revisions"}],"wp:featuredmedia":[{"embeddable":true,"href":"https:\/\/www.europesays.com\/it\/wp-json\/wp\/v2\/media\/544064"}],"wp:attachment":[{"href":"https:\/\/www.europesays.com\/it\/wp-json\/wp\/v2\/media?parent=544063"}],"wp:term":[{"taxonomy":"category","embeddable":true,"href":"https:\/\/www.europesays.com\/it\/wp-json\/wp\/v2\/categories?post=544063"},{"taxonomy":"post_tag","embeddable":true,"href":"https:\/\/www.europesays.com\/it\/wp-json\/wp\/v2\/tags?post=544063"}],"curies":[{"name":"wp","href":"https:\/\/api.w.org\/{rel}","templated":true}]}}