{"id":544177,"date":"2026-06-18T02:01:20","date_gmt":"2026-06-18T02:01:20","guid":{"rendered":"https:\/\/www.europesays.com\/it\/544177\/"},"modified":"2026-06-18T02:01:20","modified_gmt":"2026-06-18T02:01:20","slug":"morto-eric-roy-allenatore-del-brest-in-ligue-1","status":"publish","type":"post","link":"https:\/\/www.europesays.com\/it\/544177\/","title":{"rendered":"Morto Eric Roy, allenatore del Brest in Ligue 1"},"content":{"rendered":"<p>                                Deschamps commosso: &#8220;Lo ricorder\u00f2 come un uomo di grande umanit\u00e0&#8221;. Aveva 58 anni, combatteva da tre anni e mezzo con un cancro al pancreas ed era alla guida del club dal gennaio 2023<\/p>\n<p>\n                                                                    Simone Mannarino\n                            <\/p>\n<p>                    17 giugno 2026 (modifica alle 23:09)  &#8211; MILANO<\/p>\n<p>        <a href=\"https:\/\/www.gazzetta.it\/en\/football\/ligue-1\/17-06-2026\/brest-ligue-1-coach-eric-roy-dies.shtml\" class=\"button button--link-dark\" rel=\"nofollow noopener\" target=\"_blank\"><\/p>\n<p>            English version<\/p>\n<p>        <\/a><\/p>\n<p class=\"paragraph\" spellcheck=\"true\">\u00c9ric Roy, allenatore del Brest, \u00e8 morto all\u2019et\u00e0 di 58 anni dopo aver affrontato per tre anni e mezzo un cancro al pancreas. Centrocampista classe \u201967, Roy gioc\u00f2 tra il Lione e il Marsiglia fino al 1999, quando poi si trasfer\u00ec in Inghilterra al Sunderland. Dopo una stagione torn\u00f2 in Francia al Troyes, per poi spostarsi nuovamente in Spagna, questa volta al Rayo Vallecano. Chiuse la propria carriera nel 2003 al Nizza, club con cui inizi\u00f2 la sua avventura da allenatore nel marzo 2010.<\/p>\n<p>        <img decoding=\"async\" loading=\"lazy\" alt=\"SALZBURG, AUSTRIA - OCTOBER 01:Head coach Eric Roy of Stade Brestois 29 celebrates after the UEFA Champions League 2024\/25 League Phase MD2 match between FC Salzburg and Stade Brestois 29 at Stadion Salzburg on October 01, 2024 in Salzburg, Austria. (Photo by Jasmin Walter\/Getty Images)\" src=\"https:\/\/dimages2.gazzettaobjects.it\/files\/image_527_789_h\/uploads\/2026\/06\/17\/6a32e316b1a02.jpeg\" data-full-src=\"https:\/\/www.europesays.com\/it\/wp-content\/uploads\/2026\/06\/6a32e316b1a02.jpeg\"\/><\/p>\n<p>    una storia di resilienza\u2014 \u00a0<\/p>\n<p class=\"paragraph is-inline\" spellcheck=\"true\">\u201cLa squadra gli dava energia e una ragione per andare avanti, anche nei momenti pi\u00f9 difficili\u201d, cos\u00ec la famiglia ha annunciato su Instagram l\u2019addio a Roy, \u201cDurante tutto questo tempo ha continuato a vivere con una forza che ancora ci impressiona. Ci\u00f2 che ha realizzato negli ultimi anni rimarr\u00e0 per noi eccezionale\u201d. Eccezionale non solo per la famiglia, visto che, dopo aver allenato diversi anni e al termine di una carriera come direttore sportivo al Lens, nel gennaio 2023 Gr\u00e9gory Lorenzi e lo Stade Brest gli hanno offerto la possibilit\u00e0 di tornare in panchina, anche se a conoscenza della sua situazione.<\/p>\n<p>    una gioia che gli dava forza\u2014 \u00a0<\/p>\n<p class=\"paragraph is-inline\" spellcheck=\"true\">Grazie a uno stile di gioco rapido e bello da vedere, sotto la sua direzione il Brest \u00e8 riuscito a raggiungere lo storico terzo posto in Ligue 1 nel 2024, grazie al quale ha conquistato la prima qualificazione in assoluto alla Champions League. L\u2019anno successivo Roy ha poi guidato la sua squadra in trasferte europee contro Real Madrid e Barcellona e in Ligue 1 si \u00e8 salvato senza problemi.<\/p>\n<p><a class=\"is-partner-link\" href=\"https:\/\/abbonamenti.gazzetta.it\/gazzetta_ai_predictor_standard\/?intcmp=linkArticoloLigue1\" rel=\"nofollow noopener\" target=\"_blank\">Pronostici sulla Ligue 1 generati dalla nostra IA. Prova gratis Gazzetta AI Predictor.<\/a><\/p>\n<p>    deschamps commosso\u2014 \u00a0<\/p>\n<p class=\"paragraph is-inline\" spellcheck=\"true\">La notizia della morte di Roy \u00e8 arrivata nel ritiro della nazionale francese e ha commosso tutti. Didier Deschamps: &#8220;Il calcio francese perde un allenatore di grande competenza e una personalit\u00e0 di grande spessore umano. I risultati ottenuti con lo Stade Brestois, in particolare la qualificazione alla Champions League, hanno dimostrato la sua profonda conoscenza del gioco e dei giocatori. \u00c8 stato un vero piacere per me consegnargli il premio di Allenatore dell&#8217;anno della Ligue 1 due anni fa. Ha affrontato la malattia con una determinazione che suscita rispetto. Sul piano personale, conoscevo Eric e ho avuto modo di apprezzarlo anche fuori dal campo; lo ricorder\u00f2 come un uomo di grande umanit\u00e0&#8221;.<\/p>\n<p class=\"is-copyright\">\u00a9 RIPRODUZIONE RISERVATA<\/p>\n","protected":false},"excerpt":{"rendered":"Deschamps commosso: &#8220;Lo ricorder\u00f2 come un uomo di grande umanit\u00e0&#8221;. Aveva 58 anni, combatteva da tre anni e&hellip;\n","protected":false},"author":3,"featured_media":544178,"comment_status":"","ping_status":"","sticky":false,"template":"","format":"standard","meta":{"footnotes":"","_share_on_mastodon":"0"},"categories":[1452],"tags":[1013,1960,299739,27318,721,9223,208112,1902,1969,1970,554,55075,2803,6987,46664,299740,17860,1909,1740,3368,4300,2614,1537,90,89,38160,4285,16087,1739,245,244],"class_list":["post-544177","post","type-post","status-publish","format-standard","has-post-thumbnail","category-calcio","tag-affrontato","tag-allenatore","tag-allenatore-brest","tag-brest","tag-calcio","tag-cancro","tag-cancro-pancreas","tag-carriera","tag-champions","tag-champions-league","tag-club","tag-commosso","tag-conoscenza","tag-dava","tag-deschamps","tag-deschamps-commosso","tag-eccezionale","tag-famiglia","tag-football","tag-francese","tag-francia","tag-gennaio","tag-it","tag-italia","tag-italy","tag-ligue","tag-qualificazione","tag-roy","tag-soccer","tag-sport","tag-sports"],"share_on_mastodon":{"url":"https:\/\/pubeurope.com\/@it\/116768649753544030","error":""},"_links":{"self":[{"href":"https:\/\/www.europesays.com\/it\/wp-json\/wp\/v2\/posts\/544177","targetHints":{"allow":["GET"]}}],"collection":[{"href":"https:\/\/www.europesays.com\/it\/wp-json\/wp\/v2\/posts"}],"about":[{"href":"https:\/\/www.europesays.com\/it\/wp-json\/wp\/v2\/types\/post"}],"author":[{"embeddable":true,"href":"https:\/\/www.europesays.com\/it\/wp-json\/wp\/v2\/users\/3"}],"replies":[{"embeddable":true,"href":"https:\/\/www.europesays.com\/it\/wp-json\/wp\/v2\/comments?post=544177"}],"version-history":[{"count":0,"href":"https:\/\/www.europesays.com\/it\/wp-json\/wp\/v2\/posts\/544177\/revisions"}],"wp:featuredmedia":[{"embeddable":true,"href":"https:\/\/www.europesays.com\/it\/wp-json\/wp\/v2\/media\/544178"}],"wp:attachment":[{"href":"https:\/\/www.europesays.com\/it\/wp-json\/wp\/v2\/media?parent=544177"}],"wp:term":[{"taxonomy":"category","embeddable":true,"href":"https:\/\/www.europesays.com\/it\/wp-json\/wp\/v2\/categories?post=544177"},{"taxonomy":"post_tag","embeddable":true,"href":"https:\/\/www.europesays.com\/it\/wp-json\/wp\/v2\/tags?post=544177"}],"curies":[{"name":"wp","href":"https:\/\/api.w.org\/{rel}","templated":true}]}}