{"id":54418,"date":"2025-08-18T13:55:10","date_gmt":"2025-08-18T13:55:10","guid":{"rendered":"https:\/\/www.europesays.com\/it\/54418\/"},"modified":"2025-08-18T13:55:10","modified_gmt":"2025-08-18T13:55:10","slug":"non-mi-hanno-invitato-alla-festa","status":"publish","type":"post","link":"https:\/\/www.europesays.com\/it\/54418\/","title":{"rendered":"Non mi hanno invitato alla festa"},"content":{"rendered":"<p>Mark Waters non \u00e8 stato coinvolto nella realizzazione di Quel pazzo venerd\u00ec, sempre pi\u00f9 pazzo pur avendo diretto il precedente film e ha espresso la propria opinione a riguardo. <\/p>\n<p><a href=\"https:\/\/www.comingsoon.it\/film\/quel-pazzo-venerdi\/41873\/scheda\/\" target=\"_blank\" title=\"Quel pazzo venerd\u00ec\" rel=\"nofollow noopener\"><strong>Quel pazzo venerd\u00ec<\/strong><\/a> ha conquistato il pubblico nel 2003 con uno scambio di corpi che ha coinvolto mamma e figlia. <strong>Tess <\/strong>e <strong>Anna<\/strong>, interpretate rispettivamente da <a href=\"https:\/\/www.comingsoon.it\/personaggi\/jamie-lee-curtis\/22422\/biografia\/\" target=\"_blank\" title=\"Jamie Lee Curtis\" rel=\"nofollow noopener\"><strong>Jamie Lee Curtis<\/strong><\/a> e <a href=\"https:\/\/www.comingsoon.it\/personaggi\/lindsay-lohan\/227361\/biografia\/\" target=\"_blank\" title=\"Lindsay Lohan\" rel=\"nofollow noopener\"><strong>Lindsay Lohan<\/strong><\/a>, hanno catturato rapidamente l\u2019attenzione e, a distanza di oltre vent\u2019anni da quel primo successo, \u00e8 stato proposto un sequel intitolato <a href=\"https:\/\/www.comingsoon.it\/film\/quel-pazzo-venerdi-sempre-piu-pazzo\/65843\/scheda\/\" target=\"_blank\" title=\"Quel pazzo venerd\u00ec, sempre pi\u00f9 pazzo\" rel=\"nofollow noopener\"><strong>Quel pazzo venerd\u00ec, sempre pi\u00f9 pazzo<\/strong><\/a>. Tuttavia il progetto non ha coinvolto il precedente regista <a href=\"https:\/\/www.comingsoon.it\/personaggi\/mark-waters\/224876\/biografia\/\" target=\"_blank\" title=\"Mark Waters\" rel=\"nofollow noopener\"><strong>Mark Waters<\/strong><\/a>, che di recente ha espresso la propria delusione in merito.<\/p>\n<p>Quel pazzo venerd\u00ec, il regista Mark Waters affronta con amarezza la sua esclusione dal sequel: \u201cNon mi hanno invitato alla festa\u201d<\/p>\n<p>Pur avendo riproposto Anna e Tess alle prese con un nuovo scambio di corpo, Quel pazzo venerd\u00ec sempre pi\u00f9 pazzo ha rinunciato a Mark Waters, sostituito da <strong>Nisha Ganatra<\/strong>. A seguito della distribuzione cinematografica del sequel, Waters \u00e8 stato interpellato a riguardo e ha espresso la propria amarezza per non essere stato coinvolto nel progetto. Avendo lavorato in passato pi\u00f9 volte con Lindsay Lohan (anche in <strong>Mean Girls<\/strong>), Mark Waters ha dichiarato che la sua esclusione non \u00e8 stata di certo per mancanza d\u2019interesse da parte sua. Come ha rivelato a Variety: \u201cPurtroppo non sono stato invitato alla festa. Ho alzato la mano e ho detto che mi sarebbe piaciuto essere coinvolto in qualche modo, anche come padrino o produttore esecutivo. Ma non mi \u00e8 stato rivolto alcun invito\u201d.<\/p>\n<p>Nel sequel Anna e Tess sono costrette a vedersela entrambe con uno <strong>scambio generazionale<\/strong>. La trama del film, infatti, vede Anna a sua volta madre di <strong>Harper <\/strong>e pronta a diventare la matrigna di <strong>Lily<\/strong>, poich\u00e9 sta per sposare suo padre. Poco prima delle nozze, per\u00f2, ecco che avviene nuovamente la magia: un nuovo scambio di corpi che trasforma Tess e Anna in due adolescenti. Nonostante la delusione, Waters ha ammesso di \u201cessere molto favorevole alla realizzazione di un nuovo grande film\u201d e poi ha aggiunto: \u201cSarebbe stato bello essere coinvolto, ma ora che non lo sono pi\u00f9, in un certo senso lo compartimento per me stesso. Devo dedicare le mie energie a continuare a realizzare cose nuove e originali che diventeranno successi e che la gente potr\u00e0 rifare tra 20 anni. Ecco cosa sto facendo ora. Non puoi preoccuparti dei progetti che non realizzi\u201d. Infine ha anche aggiunto che, durante le riprese, diversi membri del cast lo hanno contattato: \u201cHo sentito parecchi membri del cast durante le riprese che mi chiedevano dove fossi. \u2018Non ti ho abbandonato, mi dispiace\u2019, dicevano\u201d. <\/p>\n<p><a href=\"https:\/\/www.comingsoon.it\/film\/quel-pazzo-venerdi-sempre-piu-pazzo\/65843\/video\/?vid=47388\" title=\"Quel Pazzo Venerd\u00ec, Sempre pi\u00f9 Pazzo: Il Nuovo Trailer Ufficiale in Italiano del Film sequel con Jamie Lee Curtis e Lindsay Lohan - HD\" rel=\"nofollow noopener\" target=\"_blank\">Quel Pazzo Venerd\u00ec, Sempre pi\u00f9 Pazzo: Il Nuovo Trailer Ufficiale in Italiano del Film sequel con Jamie Lee Curtis e Lindsay Lohan &#8211; HD<\/a><\/p>\n","protected":false},"excerpt":{"rendered":"Mark Waters non \u00e8 stato coinvolto nella realizzazione di Quel pazzo venerd\u00ec, sempre pi\u00f9 pazzo pur avendo diretto&hellip;\n","protected":false},"author":3,"featured_media":54419,"comment_status":"","ping_status":"","sticky":false,"template":"","format":"standard","meta":{"footnotes":""},"categories":[1442],"tags":[203,454,204,1537,90,89,1521],"class_list":{"0":"post-54418","1":"post","2":"type-post","3":"status-publish","4":"format-standard","5":"has-post-thumbnail","7":"category-film","8":"tag-entertainment","9":"tag-film","10":"tag-intrattenimento","11":"tag-it","12":"tag-italia","13":"tag-italy","14":"tag-movies"},"share_on_mastodon":{"url":"","error":""},"_links":{"self":[{"href":"https:\/\/www.europesays.com\/it\/wp-json\/wp\/v2\/posts\/54418","targetHints":{"allow":["GET"]}}],"collection":[{"href":"https:\/\/www.europesays.com\/it\/wp-json\/wp\/v2\/posts"}],"about":[{"href":"https:\/\/www.europesays.com\/it\/wp-json\/wp\/v2\/types\/post"}],"author":[{"embeddable":true,"href":"https:\/\/www.europesays.com\/it\/wp-json\/wp\/v2\/users\/3"}],"replies":[{"embeddable":true,"href":"https:\/\/www.europesays.com\/it\/wp-json\/wp\/v2\/comments?post=54418"}],"version-history":[{"count":0,"href":"https:\/\/www.europesays.com\/it\/wp-json\/wp\/v2\/posts\/54418\/revisions"}],"wp:featuredmedia":[{"embeddable":true,"href":"https:\/\/www.europesays.com\/it\/wp-json\/wp\/v2\/media\/54419"}],"wp:attachment":[{"href":"https:\/\/www.europesays.com\/it\/wp-json\/wp\/v2\/media?parent=54418"}],"wp:term":[{"taxonomy":"category","embeddable":true,"href":"https:\/\/www.europesays.com\/it\/wp-json\/wp\/v2\/categories?post=54418"},{"taxonomy":"post_tag","embeddable":true,"href":"https:\/\/www.europesays.com\/it\/wp-json\/wp\/v2\/tags?post=54418"}],"curies":[{"name":"wp","href":"https:\/\/api.w.org\/{rel}","templated":true}]}}