{"id":54422,"date":"2025-08-18T13:58:14","date_gmt":"2025-08-18T13:58:14","guid":{"rendered":"https:\/\/www.europesays.com\/it\/54422\/"},"modified":"2025-08-18T13:58:14","modified_gmt":"2025-08-18T13:58:14","slug":"morto-pippo-baudo-oggi-la-camera-ardente-a-roma-diretta","status":"publish","type":"post","link":"https:\/\/www.europesays.com\/it\/54422\/","title":{"rendered":"Morto Pippo Baudo, oggi la camera ardente a Roma. DIRETTA"},"content":{"rendered":"<p>Dalle ore 10 di oggi, luned\u00ec 18 agosto, la <strong>camera ardente di Pippo Baudo <\/strong>(<a href=\"\\&quot;https:\/\/tg24.sky.it\/spettacolo\/2025\/08\/18\/pippo-baudo-camera-ardente\\&quot;\" target=\"\\&quot;_self\\&quot;\" data-intcmp=\"\\&quot;skytg24_liveblog_interlink_text\\&quot;\"><strong>FOTOGALLERY<\/strong><\/a>) \u00e8 aperta al pubblico presso il Teatro delle Vittorie, a Roma. Si tratta del luogo dove il celebre conduttore, scomparso sabato 16 agosto all&#8217;et\u00e0 di 89 anni dopo una lunga malattia, aveva realizzato i suoi programmi pi\u00f9 importanti (<a href=\"\\&quot;https:\/\/tg24.sky.it\/spettacolo\/2025\/08\/17\/pippo-baudo-momenti-storici-tv\\&quot;\" target=\"\\&quot;_self\\&quot;\" data-intcmp=\"\\&quot;skytg24_liveblog_interlink_text\\&quot;\"><strong>I MOMENTI STORICI IN TV<\/strong><\/a>) e dove ora il feretro circondato da rose rosse si staglia sullo sfondo di un sipario rosso mentre su uno schermo televisivo scorrono le immagini della \u00a0sua decennale carriera.\\n\\n<\/p>\n<p>Oggi sar\u00e0 possibile dare l&#8217;ultimo saluto a Pippo Baudo fino alle ore 20, mentre marted\u00ec 19 agosto la camera ardente sar\u00e0 aperta dalle ore 9 alle ore 12.<\/p>\n<p>\\n\\n<\/p>\n<p>I <strong>funerali<\/strong> si terranno invece mercoled\u00ec 20 agosto alle ore 16 nella Chiesa di Santa Maria della Stella a Militello in Val di Catania, citt\u00e0 natale di Baudo. Le esequie saranno trasmesse in diretta sul Tg1 dalle ore 15:30 alle ore 18:10.<\/p>\n<p>\\n\\n<\/p>\n<p>Molte le personalit\u00e0 presenti, a partire dal vicepremier e ministro degli Esteri <strong>Antonio Tajani<\/strong>. \\&#8221;Mi ricordo una cena conviviale tra amici, a chiacchierare anche con mia moglie che ha origini siciliane, quindi parl\u00f2 tantissimo della sua terra. \u00c8 un uomo positivo che ci mancher\u00e0\u201d, ha detto.<\/p>\n<p>\\n\\n<\/p>\n<p>Anche l&#8217;ex moglie <strong>Katia Ricciarelli <\/strong>(<a href=\"\\&quot;https:\/\/tg24.sky.it\/spettacolo\/2025\/08\/17\/pippo-baudo-katia-ricciarelli\\&quot;\" target=\"\\&quot;_self\\&quot;\" data-intcmp=\"\\&quot;skytg24_liveblog_interlink_text\\&quot;\"><strong>FOTOSTORIA<\/strong><\/a>)e l&#8217;amica <strong>Mara Venier<\/strong> hanno reso omaggio al feretro.<\/p>\n<p>\\n\\n<\/p>\n<p>\u201cAbbiamo fatto tanti spettacoli insieme, io e Baudo. Ti voglio bene Pippo, non posso dirti che ci vedremo presto. C\u2019\u00e8 tempo\u201d, ha invece detto <strong>Lino Banfi<\/strong>.<\/p>\n<p>\\n\\n<\/p>\n<p>\u201cEra il migliore, un grande. \u00c8 dura\u201d, ha aggiunto <strong>Eros Ramazzotti<\/strong>.<\/p>\n<p>&#8220;,&#8221;postId&#8221;:&#8221;8b1f64b2-0e8b-4f4d-ac1a-0f6c2096e0c1&#8243;,&#8221;postLink&#8221;:{&#8220;title&#8221;:&#8221;&#8221;,&#8221;url&#8221;:&#8221;&#8221;,&#8221;imageSrc&#8221;:&#8221;&#8221;}}],&#8221;posts&#8221;:[{&#8220;timestamp&#8221;:&#8221;2025-08-18T13:21:58.909Z&#8221;,&#8221;timestampUtcIt&#8221;:&#8221;2025-08-18T15:21:58+0200&#8243;,&#8221;altBackground&#8221;:false,&#8221;title&#8221;:&#8221;Vianello, &#8216;Baudo una fonte di informazione e consigli'&#8221;,&#8221;content&#8221;:&#8221;<\/p>\n<p>Una fonte di informazione, sapeva tutto, sapeva commentare tutto e fare anche delle considerazioni importanti\\&#8221;. \u00c8 cos\u00ec che Edoardo Vianello ha ricordato Pippo Baudo, dopo aver reso omaggio alla salma dello storico presentatore al Teatro delle Vittorie. \u00a0\u00a0Una volta, ha raccontato, \\&#8221;stavamo tutti quanti a tavola per dare la prima cucchiaiata di pasta e fagioli. Solo che ha visto una locandina che ho attaccato in Camera da pranzo sul mio primo spettacolo e leggeva gli autori e i colleghi. C&#8217;era Lauretta Masiero, Lina Volonghi. Praticamente ha cominciato a parlare di questi personaggi. E noi stavamo con questo cucchiaio in mano che non avevamo il coraggio di inforcare perch\u00e9 sembrava scorretto. Poi gli abbiamo detto: Pippo, dobbiamo mangiare per\u00f2!\\&#8221; \u00a0\u00a0Baudo gli consigliava anche libri &#8211; \\&#8221;mi aveva fatto scoprire Camilleri\\&#8221; &#8211; e tutti chiedevano consiglio su vari temi. \\&#8221;Una volta mia moglie ha chiesto, come mai tutti gli artisti sono forti nella prima parte della loro carriera e poi si perdono? &#8211; ha aggiunto Vianello &#8211; Lui ha detto non tutti, perch\u00e9 Giuseppe Verdi \u00e8 stato forse l&#8217;unico a essere pi\u00f9 forte nel finale della sua vita\\&#8221;. Il loro ultimo incontro? \\&#8221;A Bologna al Festival del Jazz. Mi ricordo che lui era molto affaticato, per\u00f2 una volta salito sul palco\\&#8221; \u00e8 cambiato. \u00a0\u00a0Poco dopo \u00e8 uscito dal Teatro anche Andrea Roncato. \\&#8221;Avevamo un rapporto familiare &#8211; ha detto &#8211; lui quando veniva a Bologna dormiva da noi. A parte il fatto che lui resta una pietra miliare della televisione, dello spettacolo, per quello che mi riguarda se n&#8217;\u00e8 andato un parente. Un insegnamento che mi ha lasciato e che per me \u00e8 molto importante \u00e8 quello di rispettare il pubblico. Sono loro che ti danno da mangiare, devi fare i selfie quando li chiedono e devi essere felice che te li chiedano\\&#8221;. E infatti subito dopo uno dei fan gli ha chiesto una foto. La risposta \u00e8 stata s\u00ec.\u00a0<\/p>\n<p>&#8220;,&#8221;postId&#8221;:&#8221;12cfb489-c0c8-4f22-84dc-c265ab0d6634&#8243;,&#8221;postLink&#8221;:{&#8220;title&#8221;:&#8221;&#8221;,&#8221;url&#8221;:&#8221;&#8221;,&#8221;imageSrc&#8221;:&#8221;&#8221;}},{&#8220;timestamp&#8221;:&#8221;2025-08-18T13:21:15.834Z&#8221;,&#8221;timestampUtcIt&#8221;:&#8221;2025-08-18T15:21:15+0200&#8243;,&#8221;altBackground&#8221;:false,&#8221;title&#8221;:&#8221;Pausini, &#8216;Baudo ha dato un sogno a me e la mia famiglia&#8221;,&#8221;content&#8221;:&#8221;<\/p>\n<p>\\&#8221;Mi ha sempre dato tantissimi consigli. \u00c8 l&#8217;uomo che mi ha cambiato la vita. Ha dato a me e la mia famiglia un&#8217;opportunit\u00e0, un sogno\\&#8221;. Laura Pausini ha ricordato cos\u00ec Pippo Baudo, entrando al Teatro delle Vittorie insieme a Paola Cortellesi e Riccardo Milani con un mazzo di rose bianche in mano. \\&#8221;Ho di lui tantissimi bei ricordi\\&#8221;, ha detto con la voce rotta. Poco prima avevano fatto il loro ingresso mano nella mano Giorgia e Gianni Morandi, visibilmente commossi<\/p>\n<p>&#8220;,&#8221;postId&#8221;:&#8221;c629b108-4888-4dc9-90da-33c68069fe4e&#8221;,&#8221;postLink&#8221;:{&#8220;title&#8221;:&#8221;&#8221;,&#8221;url&#8221;:&#8221;&#8221;,&#8221;imageSrc&#8221;:&#8221;&#8221;}},{&#8220;timestamp&#8221;:&#8221;2025-08-18T13:15:00.265Z&#8221;,&#8221;timestampUtcIt&#8221;:&#8221;2025-08-18T15:15:00+0200&#8243;,&#8221;image&#8221;:{&#8220;imgSrc&#8221;:&#8221;https:\/\/www.europesays.com\/it\/wp-content\/uploads\/2025\/08\/pippibaudo.jpg&#8221;,&#8221;imgAlt&#8221;:&#8221;Pippo Baudo Gianni Morandi&#8221;,&#8221;imgCredits&#8221;:&#8221;\u00a9IPA\/Fotogramma&#8221;,&#8221;imgCaption&#8221;:null},&#8221;altBackground&#8221;:true,&#8221;title&#8221;:&#8221;Paola Cortellesi e Gianni Morandi omaggiano Pippo Baudo&#8221;,&#8221;content&#8221;:&#8221;<\/p>\n<p>Anche Paola Cortellesi e Gianni Morandi hanno reso omaggio a Pippo Baudo<\/p>\n<p>&#8220;,&#8221;postId&#8221;:&#8221;64252fcd-9b01-466b-b733-1562c7401953&#8243;,&#8221;postLink&#8221;:{&#8220;title&#8221;:&#8221;&#8221;,&#8221;url&#8221;:&#8221;&#8221;,&#8221;imageSrc&#8221;:&#8221;&#8221;}},{&#8220;timestamp&#8221;:&#8221;2025-08-18T13:05:00.003Z&#8221;,&#8221;timestampUtcIt&#8221;:&#8221;2025-08-18T15:05:00+0200&#8243;,&#8221;altBackground&#8221;:false,&#8221;title&#8221;:&#8221;Ron: \\&#8221;Grazie per quello che sei sempre stato\\&#8221;&#8221;,&#8221;content&#8221;:&#8221;<\/p>\n<p>\\&#8221;Ciao Pippo, amico caro! In questo momento il mio saluto a te \u00e8 legato soprattutto alla musica, a tutto quello che abbiamo fatto insieme. Penso, ad esempio, a Joe temerario: sei stato il primo a crederci, tu l&#8217;hai salvata perch\u00e9 la ritenesti una canzone vera, importante, al punto da farne la sigla di Domenica In nell&#8217;84, e a Vorrei incontrarti fra 100 anni, con la quale Tosca ed io vincemmo il Festival di Sanremo nel &#8217;96! Grazie per quello che sei sempre stato, per la nostra musica italiana che hai tanto amato!\\&#8221;, ha cos\u00ec omaggiato Pippo Baudo il cantante <strong>Ron<\/strong><\/p>\n<p>&#8220;,&#8221;postId&#8221;:&#8221;28d84dbd-eec1-4d2b-801f-dc073a2fb6bb&#8221;,&#8221;postLink&#8221;:{&#8220;title&#8221;:&#8221;&#8221;,&#8221;url&#8221;:&#8221;&#8221;,&#8221;imageSrc&#8221;:&#8221;&#8221;}},{&#8220;timestamp&#8221;:&#8221;2025-08-18T12:50:00.140Z&#8221;,&#8221;timestampUtcIt&#8221;:&#8221;2025-08-18T14:50:00+0200&#8243;,&#8221;image&#8221;:{&#8220;imgSrc&#8221;:&#8221;https:\/\/www.europesays.com\/it\/wp-content\/uploads\/2025\/08\/pippo-baudo-3.jpg&#8221;,&#8221;imgAlt&#8221;:&#8221;Pippo Baudo&#8221;,&#8221;imgCredits&#8221;:&#8221;\u00a9Getty&#8221;,&#8221;imgCaption&#8221;:null},&#8221;altBackground&#8221;:true,&#8221;title&#8221;:&#8221;L&#8217;amico avvocato racconta ultimi giorni di malattia&#8221;,&#8221;content&#8221;:&#8221;<\/p>\n<p>L&#8217;avvocato <strong>Giorgio Assumma<\/strong>, amico di lunga data di Pippo Baudo, ha chiarito le cause del declino fisico del celebre conduttore, smentendo voci su malattie gravi o incidenti. Baudo ha affrontato un indebolimento neurologico alle gambe, abbinato a gravi problemi alla vista, che lo hanno costretto a trascorrere gli ultimi mesi nell\u2019isolamento. Per il conduttore, l\u2019unico degno successore era Stefano De Martino, perch\u00e9 capace di parlare al \u201cpopolino\u201d. <a href=\"\\&quot;https:\/\/tg24.sky.it\/spettacolo\/2025\/08\/18\/malattia-pippo-baudo\\&quot;\" target=\"\\&quot;_self\\&quot;\" data-intcmp=\"\\&quot;skytg24_liveblog_interlink_text\\&quot;\"><strong>LEGGI QUI<\/strong><\/a><\/p>\n<p>&#8220;,&#8221;postId&#8221;:&#8221;7c491299-2626-40a9-810d-b0a6bd93086d&#8221;,&#8221;postLink&#8221;:{&#8220;title&#8221;:&#8221;&#8221;,&#8221;url&#8221;:&#8221;&#8221;,&#8221;imageSrc&#8221;:&#8221;&#8221;}},{&#8220;timestamp&#8221;:&#8221;2025-08-18T12:35:00.429Z&#8221;,&#8221;timestampUtcIt&#8221;:&#8221;2025-08-18T14:35:00+0200&#8243;,&#8221;image&#8221;:{&#8220;imgSrc&#8221;:&#8221;https:\/\/www.europesays.com\/it\/wp-content\/uploads\/2025\/08\/pippo-baudo-camera-ardente-ipa.jpg&#8221;,&#8221;imgAlt&#8221;:&#8221;Pippo Baudo Andrea Roncato&#8221;,&#8221;imgCredits&#8221;:&#8221;\u00a9IPA\/Fotogramma&#8221;,&#8221;imgCaption&#8221;:null},&#8221;altBackground&#8221;:true,&#8221;title&#8221;:&#8221;Il ricordo di Andrea Roncato&#8221;,&#8221;content&#8221;:&#8221;<\/p>\n<p>\\&#8221;Da lui andavo a chiedere consigli. Me lo ricordo come un grande uomo di spettacolo ma soprattutto come una persona per bene, un amico vero, indipendentemente dal fatto che fosse una grande star\\&#8221;, ha detto invece <strong>Andrea Roncato<\/strong><\/p>\n<p>&#8220;,&#8221;postId&#8221;:&#8221;876b595b-1b8a-440e-91f6-652403e9ff67&#8243;,&#8221;postLink&#8221;:{&#8220;title&#8221;:&#8221;&#8221;,&#8221;url&#8221;:&#8221;&#8221;,&#8221;imageSrc&#8221;:&#8221;&#8221;}},{&#8220;timestamp&#8221;:&#8221;2025-08-18T12:20:00.193Z&#8221;,&#8221;timestampUtcIt&#8221;:&#8221;2025-08-18T14:20:00+0200&#8243;,&#8221;video&#8221;:{&#8220;videoId&#8221;:&#8221;1029828&#8243;,&#8221;videoPageUrl&#8221;:&#8221;https:\/\/video.sky.it\/news\/cronaca\/video\/addio-a-pippo-baudo-il-ricordo-di-massimo-lopez-1029828&#8243;},&#8221;altBackground&#8221;:true,&#8221;title&#8221;:&#8221;Il ricordo di Massimo Lopez&#8221;,&#8221;content&#8221;:&#8221;<\/p>\n<p>\\&#8221;Una persona che ci ha aiutato, ci ha consigliato, ci ha instradato in qualche modo\\&#8221;, ha ricordato <strong>Massimo Lopez<\/strong><\/p>\n<p>&#8220;,&#8221;postId&#8221;:&#8221;7ef9cb32-893f-481e-bfbd-03349a21fdc8&#8243;,&#8221;postLink&#8221;:{&#8220;title&#8221;:&#8221;&#8221;,&#8221;url&#8221;:&#8221;&#8221;,&#8221;imageSrc&#8221;:&#8221;&#8221;}},{&#8220;timestamp&#8221;:&#8221;2025-08-18T12:09:32.930Z&#8221;,&#8221;timestampUtcIt&#8221;:&#8221;2025-08-18T14:09:32+0200&#8243;,&#8221;altBackground&#8221;:false,&#8221;title&#8221;:&#8221;Pippo Baudo, l&#8217;ultimo saluto al Teatro delle Vittorie di Roma&#8221;,&#8221;content&#8221;:&#8221;<\/p>\n<p>Lo storico conduttore tv si \u00e8 spento il 16 agosto a 89 anni. La camera ardente, per l\u2019ultimo saluto da parte del pubblico, \u00e8 stata allestita in uno dei luoghi che lo hanno visto tante volte protagonista: sar\u00e0 aperta fino alle 20 e poi domani dalle 9 alle 12. Vip e gente comune per l\u2019omaggio al feretro. I funerali mercoled\u00ec pomeriggio in Sicilia, nella Chiesa di Santa Maria della Stella a Militello in Val di Catania. <a href=\"\\&quot;https:\/\/tg24.sky.it\/spettacolo\/2025\/08\/18\/pippo-baudo-camera-ardente\\&quot;\" target=\"\\&quot;_self\\&quot;\" data-intcmp=\"\\&quot;skytg24_liveblog_interlink_text\\&quot;\"><strong>FOTOGALLERY<\/strong><\/a><\/p>\n<p>&#8220;,&#8221;postId&#8221;:&#8221;f240ae5f-209b-4c20-b5e4-efef901c132b&#8221;,&#8221;postLink&#8221;:{&#8220;title&#8221;:&#8221;&#8221;,&#8221;url&#8221;:&#8221;&#8221;,&#8221;imageSrc&#8221;:&#8221;&#8221;}},{&#8220;timestamp&#8221;:&#8221;2025-08-18T11:44:40.125Z&#8221;,&#8221;timestampUtcIt&#8221;:&#8221;2025-08-18T13:44:40+0200&#8243;,&#8221;video&#8221;:{&#8220;videoId&#8221;:&#8221;1029838&#8243;,&#8221;videoPageUrl&#8221;:&#8221;https:\/\/video.sky.it\/news\/spettacolo\/video\/addio-pippo-baudo-fiorello-siciliani-insieme-1029838&#8243;},&#8221;altBackground&#8221;:true,&#8221;title&#8221;:&#8221;Fiorello su Baudo: \\&#8221;Tra noi legame fra siciliani\\&#8221;&#8221;,&#8221;postId&#8221;:&#8221;611ec446-bd7a-4adf-a078-11cdce6a0411&#8243;,&#8221;postLink&#8221;:{&#8220;title&#8221;:&#8221;&#8221;,&#8221;url&#8221;:&#8221;&#8221;,&#8221;imageSrc&#8221;:&#8221;&#8221;}},{&#8220;timestamp&#8221;:&#8221;2025-08-18T11:08:19.769Z&#8221;,&#8221;timestampUtcIt&#8221;:&#8221;2025-08-18T13:08:19+0200&#8243;,&#8221;altBackground&#8221;:false,&#8221;title&#8221;:&#8221;Baudo: Fiorello,dovrebbero sostituire cavallo Rai con sua statua&#8221;,&#8221;content&#8221;:&#8221;<\/p>\n<p>\\&#8221;No, non sento il peso della sua eredit\u00e0. Tutto quello che \u00e8 stato detto di Baudo in questi due giorni \u00e8 tantissimo, e qualsiasi cosa si possa dire \u00e8 sempre un po&#8217; di meno. Non \u00e8 stato solo un conduttore o un direttore artistico, ma un uomo di televisione che ha scritto pagine indimenticabili. La Rai deve moltissimo a Pippo, non solo a Sanremo. Dovrebbero togliere il cavallo da viale Mazzini quando riaprir\u00e0 e mettere la statua di Pippo Baudo\\&#8221;. Lo ha detto Fiorello dopo aver dato l&#8217;ultimo saluto a Pippo Baudo alla camera ardente al Teatro delle Vittorie. \\&#8221;Baudo ha tracciato un solco enorme in cui tutti noi abbiamo imparato &#8211; ha sottolineato &#8211; ci ha insegnato senza volerlo, bastava guardarlo. Chi insegner\u00e0 oggi ai giovani a fare televisione? Non lo so. Ieri guardando Papaveri e papere mi sono ricordato cos&#8217;era la vera tv: sigle da cinque minuti, monologhi di un quarto d&#8217;ora, pezzi musicali da dieci minuti. Oggi, con i contenuti da 30 secondi sui cellulari, tutto questo sembra impossibile\\&#8221;, ha aggiunto. \\&#8221;Negli anni &#8217;60 la televisione era fatta di perfezione assoluta, ma Pippo seppe aggiungere qualcosa in piu&#8217;: il fattore umano, l&#8217;imprevisto, l&#8217;umanit\u00e0 dentro il grande variet\u00e0. \u00a0Spero che non si perda quello che ha fatto\\&#8221; ha concluso lo showman.<\/p>\n<p>&#8220;,&#8221;postId&#8221;:&#8221;b780b1e7-f3a2-4919-b257-ba7dd68f5bcb&#8221;,&#8221;postLink&#8221;:{&#8220;title&#8221;:&#8221;&#8221;,&#8221;url&#8221;:&#8221;&#8221;,&#8221;imageSrc&#8221;:&#8221;&#8221;}},{&#8220;timestamp&#8221;:&#8221;2025-08-18T11:04:12.782Z&#8221;,&#8221;timestampUtcIt&#8221;:&#8221;2025-08-18T13:04:12+0200&#8243;,&#8221;altBackground&#8221;:false,&#8221;title&#8221;:&#8221;Conti, \\&#8221;impossibile essere un erede di Pippo Baudo\\&#8221;&#8221;,&#8221;content&#8221;:&#8221;<\/p>\n<p>\\&#8221;Si \u00e8 spenta la tv, personalmente si \u00e8 spento un faro, un punto di riferimento importantissimo per\u00f2 in qualche modo \u00e8 uno di quei personaggi che passano alla storia quindi non ci lasceranno mai per tutto quello che ci ha regalato\\&#8221;. Lo dice Carlo Conti all&#8217;uscita dalla camera ardente di Pippo Baudo al Teatro delle Vittorie a Roma. Soprattutto \\&#8221;Baudo \u00e8 stato un grande esempio nel trasformare il presentatore in conduttore cio\u00e8 in quello che nello stesso tempo detta anche i tempi del programma televisivo, in questo \u00e8 \u00a0stato uno dei primi, forse il primo\\&#8221;, aggiunge. A chi gli chiede se si senta un suo erede risponde: \\&#8221;No, non esistono eredi, \u00e8 impossibile essere eredi di Baudo\\&#8221;. Conti spiega che \\&#8221;quando mi dicevano che baudeggiavo mi facevano il pi\u00f9 grande complimento, era come dire a un calciatore che ha battuto una punizione come Maradona, quindi per me \u00e8 sempre stato un motivo di orgoglio\\&#8221;. L&#8217;Ariston ha annunciato che intitoler\u00e0 il camerino principale a Pippo Baudo; \\&#8221;Sar\u00e0 un onore allora entrare in quel camerino\\&#8221;, commenta. \u00a0Rispetto alla possibilit\u00e0 che nasca un premio in suo onore dice: \\&#8221;\u00e8 troppo presto per parlarne, l&#8217;abbiamo ricordato ogni anno, figuriamoci stavolta che sar\u00e0 il primo festival senza Pippo\\&#8221;. Il suo pi\u00f9 grande insegnamento \u00e8 stato \\&#8221;fare una tv garbata, corretta, nel rispetto dei telespettatori\\&#8221;.\u00a0<\/p>\n<p>&#8220;,&#8221;postId&#8221;:&#8221;01443ad1-3a5e-4254-b59d-cb9412933547&#8243;,&#8221;postLink&#8221;:{&#8220;title&#8221;:&#8221;&#8221;,&#8221;url&#8221;:&#8221;&#8221;,&#8221;imageSrc&#8221;:&#8221;&#8221;}},{&#8220;timestamp&#8221;:&#8221;2025-08-18T11:03:43.687Z&#8221;,&#8221;timestampUtcIt&#8221;:&#8221;2025-08-18T13:03:43+0200&#8243;,&#8221;altBackground&#8221;:false,&#8221;title&#8221;:&#8221;Max Giusti, Baudo ha accompagnato un Paese&#8221;,&#8221;content&#8221;:&#8221;<\/p>\n<p>Lui ha accompagnato un Paese, quando qualcosa lo diceva Pippo Baudo voleva dire che era vero. Era una persona straordinaria che ti rispondeva sempre al telefono, se c&#8217;avevi bisogno lui correva&#8217;. Lo ha detto Max Giusti alla camera ardente di Pippo Baudo allestita al Teatro delle Vittorie. \\&#8221;Io ho iniziato a fare la televisione e i miei primi passi quando c&#8217;era lui, quando mi serviva un consiglio c&#8217;era lui. -racconta &#8211; andavi nel suo camerino, lui ti riceveva ancora un po&#8217; in d\u00e9shabille, ed era bellissimo\\&#8221;.\u00a0<\/p>\n<p>&#8220;,&#8221;postId&#8221;:&#8221;6def5673-f4d4-4e1e-8896-db1fc50c175a&#8221;,&#8221;postLink&#8221;:{&#8220;title&#8221;:&#8221;&#8221;,&#8221;url&#8221;:&#8221;&#8221;,&#8221;imageSrc&#8221;:&#8221;&#8221;}},{&#8220;timestamp&#8221;:&#8221;2025-08-18T11:03:08.974Z&#8221;,&#8221;timestampUtcIt&#8221;:&#8221;2025-08-18T13:03:08+0200&#8243;,&#8221;altBackground&#8221;:false,&#8221;title&#8221;:&#8221;Ramazzotti, \\&#8221;Pippo Baudo era il migliore\\&#8221;&#8221;,&#8221;content&#8221;:&#8221;<\/p>\n<p>\\&#8221;Il migliore, il migliore, \u00e8 \u00a0dura&#8230; \\&#8221;. Sono le poche parole che dice Eros Ramazzotti uscendo dal Teatro delle Vittorie, dove \u00e8 stata allestita la camera ardente per Pippo Baudo. Il cantautore, che si \u00e8 trattenuto all&#8217;interno una ventina di minuti, ha vinto nel 1984 tra i giovani il festival di Sanremo in una delle 13 edizioni condotte da Baudo<\/p>\n<p>&#8220;,&#8221;postId&#8221;:&#8221;ce385d18-63c3-457a-98f8-3ab646cbeb06&#8243;,&#8221;postLink&#8221;:{&#8220;title&#8221;:&#8221;&#8221;,&#8221;url&#8221;:&#8221;&#8221;,&#8221;imageSrc&#8221;:&#8221;&#8221;}},{&#8220;timestamp&#8221;:&#8221;2025-08-18T11:02:48.991Z&#8221;,&#8221;timestampUtcIt&#8221;:&#8221;2025-08-18T13:02:48+0200&#8243;,&#8221;altBackground&#8221;:false,&#8221;title&#8221;:&#8221;Minacci\u00f2 il suicidio a Sanremo, &#8216;sono in lutto per Baudo'&#8221;,&#8221;content&#8221;:&#8221;<\/p>\n<p>Pino Pagano, oggi 69enne, vive ancora in una casa popolare a Castel Maggiore (Bologna), con la moglie e il cane. Conserva in cantina i ritagli di giornale e gli stivaletti indossati la sera del 23 febbraio 1995, quando sal\u00ec sulla balaustra dell&#8217;Ariston minacciando di suicidarsi in diretta tv. Sedici milioni di italiani lo hanno visto, prima che Pippo Baudo, per il quale ora dice di essere \\&#8221;in lutto\\&#8221;, lo andasse a salvare, in una delle scene pi\u00f9 celebri della storia del Festival di Sanremo. All&#8217;epoca si era parlato di un gesto disperato, ma Pagano ha pi\u00f9 volte raccontato che fu preparato a tavolino per coprire un \\&#8221;buco\\&#8221; lasciato dall&#8217;assenza di Elton John. \\&#8221;Pensavo di cambiare vita, invece mi sono pentito &#8211; racconta -. \u00c8 stata solo pubblicit\u00e0 negativa\\&#8221;, racconta alle pagine bolognesi di Repubblica. Il clamore \u00e8 stato enorme: \\&#8221;Dopo mi inseguivano anche alla Coop, fecero persino dei poster con la mia immagine\\&#8221;. Per il compenso, per\u00f2, le promesse non sarebbero state rispettate: \\&#8221;Mi avevano offerto 25 milioni di lire, ma fin\u00ec che me ne diedero soltanto 500mila, pi\u00f9 una serie di comparsate in tv che erano incluse negli accordi\\&#8221;, racconta. E con Baudo non \u00e8 finita bene, perch\u00e9 il presentatore non ha pi\u00f9 voluto incontrarlo. Anche la vita di Pagano non ha avuto la svolta sperata. Prima di Sanremo aveva gi\u00e0 minacciato d buttarsi dalla Tour Eiffel a Parigi. \\&#8221;Volevo diventare famoso, un personaggio, magari anche scrivere un libro, cambiare la mia vita\\&#8221;, dice. Oggi, invece, vive \\&#8221;con una pensione di invalidit\u00e0 da 750 euro\\&#8221;. Un tumore, due infarti, la perdita di un polmone e della voce hanno segnato gli anni successivi. Oggi la scena del Festival \u00e8 tornata virale sui social, ma Pagano non riesce a guardarla fino alla fine. In cantina conserva ancora i ritagli di giornale del 1995, insieme agli stivaletti che indossava quella sera, mentre il maglione grigio che portava all&#8217;Ariston \u00e8 stato buttato via dalla moglie \\&#8221;l&#8217;anno scorso perch\u00e9 si era infeltrito\\&#8221;, conclud<\/p>\n<p>&#8220;,&#8221;postId&#8221;:&#8221;9c18107e-a568-4f84-a04f-c565e533ca20&#8243;,&#8221;postLink&#8221;:{&#8220;title&#8221;:&#8221;&#8221;,&#8221;url&#8221;:&#8221;&#8221;,&#8221;imageSrc&#8221;:&#8221;&#8221;}},{&#8220;timestamp&#8221;:&#8221;2025-08-18T11:01:37.830Z&#8221;,&#8221;timestampUtcIt&#8221;:&#8221;2025-08-18T13:01:37+0200&#8243;,&#8221;video&#8221;:{&#8220;videoId&#8221;:&#8221;1029817&#8243;,&#8221;videoPageUrl&#8221;:&#8221;https:\/\/video.sky.it\/news\/cronaca\/video\/addio-a-pippo-baudo-anche-eros-ramazzotti-a-roma-per-ricordare-il-presentatore-1029817&#8243;},&#8221;altBackground&#8221;:true,&#8221;title&#8221;:&#8221;Tra gli omaggi a Pippo Baudo oggi a Roma, anche quello di Eros Ramazzotti: il servizio di Sky Tg24 qui di seguito &#8220;,&#8221;postId&#8221;:&#8221;ff2154b0-eab3-4407-8848-86bdee4b7a50&#8243;,&#8221;postLink&#8221;:{&#8220;title&#8221;:&#8221;&#8221;,&#8221;url&#8221;:&#8221;&#8221;,&#8221;imageSrc&#8221;:&#8221;&#8221;}},{&#8220;timestamp&#8221;:&#8221;2025-08-18T11:01:10.902Z&#8221;,&#8221;timestampUtcIt&#8221;:&#8221;2025-08-18T13:01:10+0200&#8243;,&#8221;altBackground&#8221;:false,&#8221;title&#8221;:&#8221;Il Ministro Giuli, \\&#8221;Pippo Baudo ha rappresentato la migliore tv\\&#8221;&#8221;,&#8221;content&#8221;:&#8221;<\/p>\n<p>Essere qui \u00e8 \\&#8221;un doveroso omaggio all&#8217;uomo che ha rappresentato la migliore televisione italiana, una grande forma di intrattenimento, che al tempo stesso non ha mai rinunciato ai canoni del servizio pubblico. Un gentiluomo della televisione che non ha mai deluso nessuno e intorno al quale tutti hanno sempre trovato un consenso notevole e comprovato\\&#8221;. Lo ha detto il ministro della cultura Alessandro Giuli alla camera ardente allestita per Pippo Baudo al Teatro delle Vittorie. \\&#8221;Baudo \u00e8 stato sempre attaccato alla Rai, \u00e8 stato un pezzo della sua vita e al tempo stesso \u00e8 stato ed \u00e8, a tutt&#8217;oggi, l&#8217;anima della Rai. Mi permetto, in conclusione, di sottolineare la bellezza, la sobriet\u00e0 e la forza istituzionale dell&#8217;allestimento di questo feretro che ci invita alla riflessione su una persona speciale per una grandissima azienda quale \u00e8 la Rai\\&#8221;.<\/p>\n<p>&#8220;,&#8221;postId&#8221;:&#8221;fbb99f70-7bf0-46a6-a6ba-1b4bd435fa71&#8243;,&#8221;postLink&#8221;:{&#8220;title&#8221;:&#8221;&#8221;,&#8221;url&#8221;:&#8221;&#8221;,&#8221;imageSrc&#8221;:&#8221;&#8221;}},{&#8220;timestamp&#8221;:&#8221;2025-08-18T11:00:57.310Z&#8221;,&#8221;timestampUtcIt&#8221;:&#8221;2025-08-18T13:00:57+0200&#8243;,&#8221;altBackground&#8221;:false,&#8221;title&#8221;:&#8221;L&#8217;ultima apparizione di Baudo in tv a Ballando con le Stelle&#8221;,&#8221;content&#8221;:&#8221;<\/p>\n<p>L\u2019ultima volta in cui\u00a0<a href=\"\\&quot;https:\/\/tg24.sky.it\/spettacolo\/2025\/08\/17\/pippo-baudo-padre-pio\\&quot;\" data-intcmp=\"\\&quot;skytg24_liveblog_interlink_text\\&quot;\">Baudo<\/a>\u00a0\u00e8 stato visto in pubblico risale a settembre 2024, durante i festeggiamenti per il 90\u00b0 compleanno del suo caro amico Pierfrancesco Pingitore. Nonostante fosse in sedia a rotelle, venne immortalato sorridente, circondato da colleghi e amici dello spettacolo. Quella fu l\u2019ultima sua apparizione davanti a un pubblico, un gesto di affetto e presenza anche nei momenti di fragilit\u00e0.<\/p>\n<p>&#8220;,&#8221;postId&#8221;:&#8221;f7f58535-64cf-440f-8f19-2db74c6ffa03&#8243;,&#8221;postLink&#8221;:{&#8220;title&#8221;:&#8221;&#8221;,&#8221;url&#8221;:&#8221;&#8221;,&#8221;imageSrc&#8221;:&#8221;&#8221;}},{&#8220;timestamp&#8221;:&#8221;2025-08-18T11:00:26.319Z&#8221;,&#8221;timestampUtcIt&#8221;:&#8221;2025-08-18T13:00:26+0200&#8243;,&#8221;altBackground&#8221;:false,&#8221;title&#8221;:&#8221;Mara Venier e Katia Ricciarelli alla camera ardente di Baudo&#8221;,&#8221;content&#8221;:&#8221;<\/p>\n<p>Katia Ricciarelli e Mara Venier sono arrivate sottobraccio alla camera ardente di Pippo Baudo allestita al teatro delle Vittorie. All&#8217;entrata hanno abbracciato il direttore generale della Rai Roberto Sergio. Nello studio dove il conduttore ha realizzato i suoi pi\u00f9 importanti programmi, il feretro sul fondo di un sipario rosso \u00e8 circondato da rose rosse; su uno schermo televisivo scorrono immagini della carriera del presentatore, proiettate anche all&#8217;entrata. Fra le corone intanto intorno alla bara, con un picchetto di carabinieri in alta uniforme, spiccano quelle del Presidente della Repubblica, del presidente della Camera, del sindaco di Roma e della Rai. Venier e Ricciarelli si sono sedute nello spazio riservato alla famiglia, dove hanno abbracciato la figlia e l&#8217;assistente di Baudo. Tra i primi ad arrivare, anche il ministro degli esteri Antonio Tajani, l&#8217;avvocato Giorgio Assumma, Gigi Marzullo, e Gloria Guida.<\/p>\n<p>&#8220;,&#8221;postId&#8221;:&#8221;7a119807-1533-49b1-8ce8-6c9d3cf50476&#8243;,&#8221;postLink&#8221;:{&#8220;title&#8221;:&#8221;&#8221;,&#8221;url&#8221;:&#8221;&#8221;,&#8221;imageSrc&#8221;:&#8221;&#8221;}},{&#8220;timestamp&#8221;:&#8221;2025-08-18T10:59:58.798Z&#8221;,&#8221;timestampUtcIt&#8221;:&#8221;2025-08-18T12:59:58+0200&#8243;,&#8221;video&#8221;:{&#8220;videoId&#8221;:&#8221;1029742&#8243;,&#8221;videoPageUrl&#8221;:&#8221;https:\/\/video.sky.it\/news\/spettacolo\/video\/pippo-baudo-addio-al-re-della-televisione-italiana-1029742&#8243;},&#8221;altBackground&#8221;:true,&#8221;title&#8221;:&#8221;Nel servizio qui di seguito, \\&#8221;Pippo Baudo, addio al re della televisione italiana\\&#8221;: il ricordo di Alessio Viola&#8221;,&#8221;postId&#8221;:&#8221;866c9716-e859-4914-a5eb-575cf4da9d21&#8243;,&#8221;postLink&#8221;:{&#8220;title&#8221;:&#8221;&#8221;,&#8221;url&#8221;:&#8221;&#8221;,&#8221;imageSrc&#8221;:&#8221;&#8221;}},{&#8220;timestamp&#8221;:&#8221;2025-08-18T10:59:10.769Z&#8221;,&#8221;timestampUtcIt&#8221;:&#8221;2025-08-18T12:59:10+0200&#8243;,&#8221;altBackground&#8221;:false,&#8221;title&#8221;:&#8221;Al Teatro delle Vittorie di Roma l\u2019omaggio del pubblico al feretro &#8220;,&#8221;content&#8221;:&#8221;<\/p>\n<p>La camera ardente, per l\u2019ultimo saluto da parte del pubblico a baudo, \u00e8 stata allestita in uno dei luoghi che lo hanno visto tante volte protagonista: sar\u00e0 aperta fino alle 20 e poi domani dalle 9 alle 12. Vip e gente comune per l\u2019omaggio al feretro. I funerali mercoled\u00ec pomeriggio in Sicilia, nella Chiesa di Santa Maria della Stella a Militello in Val di Catania<\/p>\n<p>\\n<\/p>\n<p><a href=\"\\&quot;https:\/\/tg24.sky.it\/spettacolo\/2025\/08\/18\/pippo-baudo-camera-ardente\\&quot;\" data-intcmp=\"\\&quot;skytg24_liveblog_interlink_text\\&quot;\"><strong>QUI LA FOTOGALLERY IN AGGIORNAMENTO<\/strong><\/a><\/p>\n<p>&#8220;,&#8221;postId&#8221;:&#8221;0e95e77c-47c5-4f9c-b3c2-3b37155c102c&#8221;,&#8221;postLink&#8221;:{&#8220;title&#8221;:&#8221;&#8221;,&#8221;url&#8221;:&#8221;&#8221;,&#8221;imageSrc&#8221;:&#8221;&#8221;}},{&#8220;timestamp&#8221;:&#8221;2025-08-18T10:12:17.961Z&#8221;,&#8221;timestampUtcIt&#8221;:&#8221;2025-08-18T12:12:17+0200&#8243;,&#8221;image&#8221;:{&#8220;imgSrc&#8221;:&#8221;https:\/\/www.europesays.com\/it\/wp-content\/uploads\/2025\/08\/01-pippo-baudo-camera-ardente-ipa.jpg&#8221;,&#8221;imgAlt&#8221;:&#8221;Pippo Baudo camera ardente&#8221;,&#8221;imgCredits&#8221;:&#8221;\u00a9IPA\/Fotogramma&#8221;,&#8221;imgCaption&#8221;:null},&#8221;altBackground&#8221;:true,&#8221;title&#8221;:&#8221;La camera ardente di Pippo Baudo al Teatro delle Vittorie&#8221;,&#8221;content&#8221;:&#8221;<\/p>\n<p>Dalle ore 10 di oggi, luned\u00ec 18 agosto, la <strong>camera ardente di Pippo Baudo <\/strong>(<a href=\"\\&quot;https:\/\/tg24.sky.it\/spettacolo\/2025\/08\/18\/pippo-baudo-camera-ardente\\&quot;\" target=\"\\&quot;_self\\&quot;\" data-intcmp=\"\\&quot;skytg24_liveblog_interlink_text\\&quot;\"><strong>FOTOGALLERY<\/strong><\/a>) \u00e8 aperta al pubblico presso il Teatro delle Vittorie, a Roma. Si tratta del luogo dove il celebre conduttore, scomparso sabato 16 agosto all&#8217;et\u00e0 di 89 anni dopo una lunga malattia, aveva realizzato i suoi programmi pi\u00f9 importanti e dove ora il feretro circondato da rose rosse si staglia sullo sfondo di un sipario rosso mentre su uno schermo televisivo scorrono le immagini della \u00a0sua decennale carriera<\/p>\n<p>&#8220;,&#8221;postId&#8221;:&#8221;f6e3ffe2-db0d-4131-b4fa-01e63ba65344&#8243;,&#8221;postLink&#8221;:{&#8220;title&#8221;:&#8221;&#8221;,&#8221;url&#8221;:&#8221;&#8221;,&#8221;imageSrc&#8221;:&#8221;&#8221;}}]}&#8221;<br \/>\n          query='{&#8220;configurationName&#8221;:&#8221;LIVEBLOG_CONTAINER_WIDGET&#8221;,&#8221;liveblogId&#8221;:&#8221;1285cf0a-4984-4b9a-a1a7-fd96dd15892b&#8221;,&#8221;tenant&#8221;:&#8221;tg24&#8243;,&#8221;limit&#8221;:800}&#8217;<br \/>\n          config='{&#8220;live&#8221;:true,&#8221;isWebView&#8221;:false,&#8221;postsPerPageMobile&#8221;:10,&#8221;postsPerPageDesktop&#8221;:10}&#8217;<br \/>\n        &gt;<\/p>\n<p>Dalle ore 10 di oggi, luned\u00ec 18 agosto, la <strong>camera ardente di Pippo Baudo <\/strong>(<a href=\"https:\/\/tg24.sky.it\/spettacolo\/2025\/08\/18\/pippo-baudo-camera-ardente\" target=\"_self\" data-intcmp=\"skytg24_liveblog_interlink_text\" rel=\"nofollow noopener\"><strong>FOTOGALLERY<\/strong><\/a>) \u00e8 aperta al pubblico presso il Teatro delle Vittorie, a Roma. Si tratta del luogo dove il celebre conduttore, scomparso sabato 16 agosto all&#8217;et\u00e0 di 89 anni dopo una lunga malattia, aveva realizzato i suoi programmi pi\u00f9 importanti (<a href=\"https:\/\/tg24.sky.it\/spettacolo\/2025\/08\/17\/pippo-baudo-momenti-storici-tv\" target=\"_self\" data-intcmp=\"skytg24_liveblog_interlink_text\" rel=\"nofollow noopener\"><strong>I MOMENTI STORICI IN TV<\/strong><\/a>) e dove ora il feretro circondato da rose rosse si staglia sullo sfondo di un sipario rosso mentre su uno schermo televisivo scorrono le immagini della \u00a0sua decennale carriera.<\/p>\n<p>Oggi sar\u00e0 possibile dare l&#8217;ultimo saluto a Pippo Baudo fino alle ore 20, mentre marted\u00ec 19 agosto la camera ardente sar\u00e0 aperta dalle ore 9 alle ore 12.<\/p>\n<p>I <strong>funerali<\/strong> si terranno invece mercoled\u00ec 20 agosto alle ore 16 nella Chiesa di Santa Maria della Stella a Militello in Val di Catania, citt\u00e0 natale di Baudo. Le esequie saranno trasmesse in diretta sul Tg1 dalle ore 15:30 alle ore 18:10.<\/p>\n<p>Molte le personalit\u00e0 presenti, a partire dal vicepremier e ministro degli Esteri <strong>Antonio Tajani<\/strong>. &#8220;Mi ricordo una cena conviviale tra amici, a chiacchierare anche con mia moglie che ha origini siciliane, quindi parl\u00f2 tantissimo della sua terra. \u00c8 un uomo positivo che ci mancher\u00e0\u201d, ha detto.<\/p>\n<p>Anche l&#8217;ex moglie <strong>Katia Ricciarelli <\/strong>(<a href=\"https:\/\/tg24.sky.it\/spettacolo\/2025\/08\/17\/pippo-baudo-katia-ricciarelli\" target=\"_self\" data-intcmp=\"skytg24_liveblog_interlink_text\" rel=\"nofollow noopener\"><strong>FOTOSTORIA<\/strong><\/a>)e l&#8217;amica <strong>Mara Venier<\/strong> hanno reso omaggio al feretro.<\/p>\n<p>\u201cAbbiamo fatto tanti spettacoli insieme, io e Baudo. Ti voglio bene Pippo, non posso dirti che ci vedremo presto. C\u2019\u00e8 tempo\u201d, ha invece detto <strong>Lino Banfi<\/strong>.<\/p>\n<p>\u201cEra il migliore, un grande. \u00c8 dura\u201d, ha aggiunto <strong>Eros Ramazzotti<\/strong>.<\/p>\n<p>Leggi di pi\u00f9 <\/p>\n<p>14 minuti fa<\/p>\n<p>Vianello, &#8216;Baudo una fonte di informazione e consigli&#8217;<\/p>\n<p>Una fonte di informazione, sapeva tutto, sapeva commentare tutto e fare anche delle considerazioni importanti&#8221;. \u00c8 cos\u00ec che Edoardo Vianello ha ricordato Pippo Baudo, dopo aver reso omaggio alla salma dello storico presentatore al Teatro delle Vittorie. \u00a0\u00a0Una volta, ha raccontato, &#8220;stavamo tutti quanti a tavola per dare la prima cucchiaiata di pasta e fagioli. Solo che ha visto una locandina che ho attaccato in Camera da pranzo sul mio primo spettacolo e leggeva gli autori e i colleghi. C&#8217;era Lauretta Masiero, Lina Volonghi. Praticamente ha cominciato a parlare di questi personaggi. E noi stavamo con questo cucchiaio in mano che non avevamo il coraggio di inforcare perch\u00e9 sembrava scorretto. Poi gli abbiamo detto: Pippo, dobbiamo mangiare per\u00f2!&#8221; \u00a0\u00a0Baudo gli consigliava anche libri &#8211; &#8220;mi aveva fatto scoprire Camilleri&#8221; &#8211; e tutti chiedevano consiglio su vari temi. &#8220;Una volta mia moglie ha chiesto, come mai tutti gli artisti sono forti nella prima parte della loro carriera e poi si perdono? &#8211; ha aggiunto Vianello &#8211; Lui ha detto non tutti, perch\u00e9 Giuseppe Verdi \u00e8 stato forse l&#8217;unico a essere pi\u00f9 forte nel finale della sua vita&#8221;. Il loro ultimo incontro? &#8220;A Bologna al Festival del Jazz. Mi ricordo che lui era molto affaticato, per\u00f2 una volta salito sul palco&#8221; \u00e8 cambiato. \u00a0\u00a0Poco dopo \u00e8 uscito dal Teatro anche Andrea Roncato. &#8220;Avevamo un rapporto familiare &#8211; ha detto &#8211; lui quando veniva a Bologna dormiva da noi. A parte il fatto che lui resta una pietra miliare della televisione, dello spettacolo, per quello che mi riguarda se n&#8217;\u00e8 andato un parente. Un insegnamento che mi ha lasciato e che per me \u00e8 molto importante \u00e8 quello di rispettare il pubblico. Sono loro che ti danno da mangiare, devi fare i selfie quando li chiedono e devi essere felice che te li chiedano&#8221;. E infatti subito dopo uno dei fan gli ha chiesto una foto. La risposta \u00e8 stata s\u00ec.\u00a0<\/p>\n<p>Leggi di pi\u00f9 <\/p>\n<p>15 minuti fa<\/p>\n<p>Pausini, &#8216;Baudo ha dato un sogno a me e la mia famiglia<\/p>\n<p>&#8220;Mi ha sempre dato tantissimi consigli. \u00c8 l&#8217;uomo che mi ha cambiato la vita. Ha dato a me e la mia famiglia un&#8217;opportunit\u00e0, un sogno&#8221;. Laura Pausini ha ricordato cos\u00ec Pippo Baudo, entrando al Teatro delle Vittorie insieme a Paola Cortellesi e Riccardo Milani con un mazzo di rose bianche in mano. &#8220;Ho di lui tantissimi bei ricordi&#8221;, ha detto con la voce rotta. Poco prima avevano fatto il loro ingresso mano nella mano Giorgia e Gianni Morandi, visibilmente commossi<\/p>\n<p>21 minuti fa<\/p>\n<p>Paola Cortellesi e Gianni Morandi omaggiano Pippo Baudo<\/p>\n<p>Anche Paola Cortellesi e Gianni Morandi hanno reso omaggio a Pippo Baudo<\/p>\n<p><img decoding=\"async\" src=\"https:\/\/www.europesays.com\/it\/wp-content\/uploads\/2025\/08\/pippibaudo.jpg\" alt=\"Pippo Baudo Gianni Morandi\" loading=\"lazy\"\/><\/p>\n<p class=\"lvbg-post-image__credits-v2\">\u00a9IPA\/Fotogramma<\/p>\n<p>31 minuti fa<\/p>\n<p>Ron: &#8220;Grazie per quello che sei sempre stato&#8221;<\/p>\n<p>&#8220;Ciao Pippo, amico caro! In questo momento il mio saluto a te \u00e8 legato soprattutto alla musica, a tutto quello che abbiamo fatto insieme. Penso, ad esempio, a Joe temerario: sei stato il primo a crederci, tu l&#8217;hai salvata perch\u00e9 la ritenesti una canzone vera, importante, al punto da farne la sigla di Domenica In nell&#8217;84, e a Vorrei incontrarti fra 100 anni, con la quale Tosca ed io vincemmo il Festival di Sanremo nel &#8217;96! Grazie per quello che sei sempre stato, per la nostra musica italiana che hai tanto amato!&#8221;, ha cos\u00ec omaggiato Pippo Baudo il cantante <strong>Ron<\/strong><\/p>\n<p>Leggi di pi\u00f9 <\/p>\n<p>46 minuti fa<\/p>\n<p>L&#8217;amico avvocato racconta ultimi giorni di malattia<\/p>\n<p>L&#8217;avvocato <strong>Giorgio Assumma<\/strong>, amico di lunga data di Pippo Baudo, ha chiarito le cause del declino fisico del celebre conduttore, smentendo voci su malattie gravi o incidenti. Baudo ha affrontato un indebolimento neurologico alle gambe, abbinato a gravi problemi alla vista, che lo hanno costretto a trascorrere gli ultimi mesi nell\u2019isolamento. Per il conduttore, l\u2019unico degno successore era Stefano De Martino, perch\u00e9 capace di parlare al \u201cpopolino\u201d. <a href=\"https:\/\/tg24.sky.it\/spettacolo\/2025\/08\/18\/malattia-pippo-baudo\" target=\"_self\" data-intcmp=\"skytg24_liveblog_interlink_text\" rel=\"nofollow noopener\"><strong>LEGGI QUI<\/strong><\/a><\/p>\n<p><img decoding=\"async\" src=\"https:\/\/www.europesays.com\/it\/wp-content\/uploads\/2025\/08\/pippo-baudo-3.jpg\" alt=\"Pippo Baudo\" loading=\"lazy\"\/><\/p>\n<p class=\"lvbg-post-image__credits-v2\">\u00a9Getty<\/p>\n<p>14:35<\/p>\n<p>Il ricordo di Andrea Roncato<\/p>\n<p>&#8220;Da lui andavo a chiedere consigli. Me lo ricordo come un grande uomo di spettacolo ma soprattutto come una persona per bene, un amico vero, indipendentemente dal fatto che fosse una grande star&#8221;, ha detto invece <strong>Andrea Roncato<\/strong><\/p>\n<p><img decoding=\"async\" src=\"https:\/\/www.europesays.com\/it\/wp-content\/uploads\/2025\/08\/pippo-baudo-camera-ardente-ipa.jpg\" alt=\"Pippo Baudo Andrea Roncato\" loading=\"lazy\"\/><\/p>\n<p class=\"lvbg-post-image__credits-v2\">\u00a9IPA\/Fotogramma<\/p>\n<p>14:20<\/p>\n<p>Il ricordo di Massimo Lopez<\/p>\n<p>&#8220;Una persona che ci ha aiutato, ci ha consigliato, ci ha instradato in qualche modo&#8221;, ha ricordato <strong>Massimo Lopez<\/strong><\/p>\n<p>14:09<\/p>\n<p>Pippo Baudo, l&#8217;ultimo saluto al Teatro delle Vittorie di Roma<\/p>\n<p>Lo storico conduttore tv si \u00e8 spento il 16 agosto a 89 anni. La camera ardente, per l\u2019ultimo saluto da parte del pubblico, \u00e8 stata allestita in uno dei luoghi che lo hanno visto tante volte protagonista: sar\u00e0 aperta fino alle 20 e poi domani dalle 9 alle 12. Vip e gente comune per l\u2019omaggio al feretro. I funerali mercoled\u00ec pomeriggio in Sicilia, nella Chiesa di Santa Maria della Stella a Militello in Val di Catania. <a href=\"https:\/\/tg24.sky.it\/spettacolo\/2025\/08\/18\/pippo-baudo-camera-ardente\" target=\"_self\" data-intcmp=\"skytg24_liveblog_interlink_text\" rel=\"nofollow noopener\"><strong>FOTOGALLERY<\/strong><\/a><\/p>\n<p>13:44<\/p>\n<p>Fiorello su Baudo: &#8220;Tra noi legame fra siciliani&#8221;<\/p>\n<p>13:08<\/p>\n<p>Baudo: Fiorello,dovrebbero sostituire cavallo Rai con sua statua<\/p>\n<p>&#8220;No, non sento il peso della sua eredit\u00e0. Tutto quello che \u00e8 stato detto di Baudo in questi due giorni \u00e8 tantissimo, e qualsiasi cosa si possa dire \u00e8 sempre un po&#8217; di meno. Non \u00e8 stato solo un conduttore o un direttore artistico, ma un uomo di televisione che ha scritto pagine indimenticabili. La Rai deve moltissimo a Pippo, non solo a Sanremo. Dovrebbero togliere il cavallo da viale Mazzini quando riaprir\u00e0 e mettere la statua di Pippo Baudo&#8221;. Lo ha detto Fiorello dopo aver dato l&#8217;ultimo saluto a Pippo Baudo alla camera ardente al Teatro delle Vittorie. &#8220;Baudo ha tracciato un solco enorme in cui tutti noi abbiamo imparato &#8211; ha sottolineato &#8211; ci ha insegnato senza volerlo, bastava guardarlo. Chi insegner\u00e0 oggi ai giovani a fare televisione? Non lo so. Ieri guardando Papaveri e papere mi sono ricordato cos&#8217;era la vera tv: sigle da cinque minuti, monologhi di un quarto d&#8217;ora, pezzi musicali da dieci minuti. Oggi, con i contenuti da 30 secondi sui cellulari, tutto questo sembra impossibile&#8221;, ha aggiunto. &#8220;Negli anni &#8217;60 la televisione era fatta di perfezione assoluta, ma Pippo seppe aggiungere qualcosa in piu&#8217;: il fattore umano, l&#8217;imprevisto, l&#8217;umanit\u00e0 dentro il grande variet\u00e0. \u00a0Spero che non si perda quello che ha fatto&#8221; ha concluso lo showman.<\/p>\n<p>Leggi di pi\u00f9 <\/p>\n<p>13:04<\/p>\n<p>Conti, &#8220;impossibile essere un erede di Pippo Baudo&#8221;<\/p>\n<p>&#8220;Si \u00e8 spenta la tv, personalmente si \u00e8 spento un faro, un punto di riferimento importantissimo per\u00f2 in qualche modo \u00e8 uno di quei personaggi che passano alla storia quindi non ci lasceranno mai per tutto quello che ci ha regalato&#8221;. Lo dice Carlo Conti all&#8217;uscita dalla camera ardente di Pippo Baudo al Teatro delle Vittorie a Roma. Soprattutto &#8220;Baudo \u00e8 stato un grande esempio nel trasformare il presentatore in conduttore cio\u00e8 in quello che nello stesso tempo detta anche i tempi del programma televisivo, in questo \u00e8 \u00a0stato uno dei primi, forse il primo&#8221;, aggiunge. A chi gli chiede se si senta un suo erede risponde: &#8220;No, non esistono eredi, \u00e8 impossibile essere eredi di Baudo&#8221;. Conti spiega che &#8220;quando mi dicevano che baudeggiavo mi facevano il pi\u00f9 grande complimento, era come dire a un calciatore che ha battuto una punizione come Maradona, quindi per me \u00e8 sempre stato un motivo di orgoglio&#8221;. L&#8217;Ariston ha annunciato che intitoler\u00e0 il camerino principale a Pippo Baudo; &#8220;Sar\u00e0 un onore allora entrare in quel camerino&#8221;, commenta. \u00a0Rispetto alla possibilit\u00e0 che nasca un premio in suo onore dice: &#8220;\u00e8 troppo presto per parlarne, l&#8217;abbiamo ricordato ogni anno, figuriamoci stavolta che sar\u00e0 il primo festival senza Pippo&#8221;. Il suo pi\u00f9 grande insegnamento \u00e8 stato &#8220;fare una tv garbata, corretta, nel rispetto dei telespettatori&#8221;.\u00a0<\/p>\n<p>Leggi di pi\u00f9 <\/p>\n<p>13:03<\/p>\n<p>Max Giusti, Baudo ha accompagnato un Paese<\/p>\n<p>Lui ha accompagnato un Paese, quando qualcosa lo diceva Pippo Baudo voleva dire che era vero. Era una persona straordinaria che ti rispondeva sempre al telefono, se c&#8217;avevi bisogno lui correva&#8217;. Lo ha detto Max Giusti alla camera ardente di Pippo Baudo allestita al Teatro delle Vittorie. &#8220;Io ho iniziato a fare la televisione e i miei primi passi quando c&#8217;era lui, quando mi serviva un consiglio c&#8217;era lui. -racconta &#8211; andavi nel suo camerino, lui ti riceveva ancora un po&#8217; in d\u00e9shabille, ed era bellissimo&#8221;.\u00a0<\/p>\n<p>Leggi di pi\u00f9 <\/p>\n<p>13:03<\/p>\n<p>Ramazzotti, &#8220;Pippo Baudo era il migliore&#8221;<\/p>\n<p>&#8220;Il migliore, il migliore, \u00e8 \u00a0dura&#8230; &#8220;. Sono le poche parole che dice Eros Ramazzotti uscendo dal Teatro delle Vittorie, dove \u00e8 stata allestita la camera ardente per Pippo Baudo. Il cantautore, che si \u00e8 trattenuto all&#8217;interno una ventina di minuti, ha vinto nel 1984 tra i giovani il festival di Sanremo in una delle 13 edizioni condotte da Baudo<\/p>\n<p>13:02<\/p>\n<p>Minacci\u00f2 il suicidio a Sanremo, &#8216;sono in lutto per Baudo&#8217;<\/p>\n<p>Pino Pagano, oggi 69enne, vive ancora in una casa popolare a Castel Maggiore (Bologna), con la moglie e il cane. Conserva in cantina i ritagli di giornale e gli stivaletti indossati la sera del 23 febbraio 1995, quando sal\u00ec sulla balaustra dell&#8217;Ariston minacciando di suicidarsi in diretta tv. Sedici milioni di italiani lo hanno visto, prima che Pippo Baudo, per il quale ora dice di essere &#8220;in lutto&#8221;, lo andasse a salvare, in una delle scene pi\u00f9 celebri della storia del Festival di Sanremo. All&#8217;epoca si era parlato di un gesto disperato, ma Pagano ha pi\u00f9 volte raccontato che fu preparato a tavolino per coprire un &#8220;buco&#8221; lasciato dall&#8217;assenza di Elton John. &#8220;Pensavo di cambiare vita, invece mi sono pentito &#8211; racconta -. \u00c8 stata solo pubblicit\u00e0 negativa&#8221;, racconta alle pagine bolognesi di Repubblica. Il clamore \u00e8 stato enorme: &#8220;Dopo mi inseguivano anche alla Coop, fecero persino dei poster con la mia immagine&#8221;. Per il compenso, per\u00f2, le promesse non sarebbero state rispettate: &#8220;Mi avevano offerto 25 milioni di lire, ma fin\u00ec che me ne diedero soltanto 500mila, pi\u00f9 una serie di comparsate in tv che erano incluse negli accordi&#8221;, racconta. E con Baudo non \u00e8 finita bene, perch\u00e9 il presentatore non ha pi\u00f9 voluto incontrarlo. Anche la vita di Pagano non ha avuto la svolta sperata. Prima di Sanremo aveva gi\u00e0 minacciato d buttarsi dalla Tour Eiffel a Parigi. &#8220;Volevo diventare famoso, un personaggio, magari anche scrivere un libro, cambiare la mia vita&#8221;, dice. Oggi, invece, vive &#8220;con una pensione di invalidit\u00e0 da 750 euro&#8221;. Un tumore, due infarti, la perdita di un polmone e della voce hanno segnato gli anni successivi. Oggi la scena del Festival \u00e8 tornata virale sui social, ma Pagano non riesce a guardarla fino alla fine. In cantina conserva ancora i ritagli di giornale del 1995, insieme agli stivaletti che indossava quella sera, mentre il maglione grigio che portava all&#8217;Ariston \u00e8 stato buttato via dalla moglie &#8220;l&#8217;anno scorso perch\u00e9 si era infeltrito&#8221;, conclud<\/p>\n<p>Leggi di pi\u00f9 <\/p>\n<p>13:01<\/p>\n<p>Tra gli omaggi a Pippo Baudo oggi a Roma, anche quello di Eros Ramazzotti: il servizio di Sky Tg24 qui di seguito <\/p>\n<p>13:01<\/p>\n<p>Il Ministro Giuli, &#8220;Pippo Baudo ha rappresentato la migliore tv&#8221;<\/p>\n<p>Essere qui \u00e8 &#8220;un doveroso omaggio all&#8217;uomo che ha rappresentato la migliore televisione italiana, una grande forma di intrattenimento, che al tempo stesso non ha mai rinunciato ai canoni del servizio pubblico. Un gentiluomo della televisione che non ha mai deluso nessuno e intorno al quale tutti hanno sempre trovato un consenso notevole e comprovato&#8221;. Lo ha detto il ministro della cultura Alessandro Giuli alla camera ardente allestita per Pippo Baudo al Teatro delle Vittorie. &#8220;Baudo \u00e8 stato sempre attaccato alla Rai, \u00e8 stato un pezzo della sua vita e al tempo stesso \u00e8 stato ed \u00e8, a tutt&#8217;oggi, l&#8217;anima della Rai. Mi permetto, in conclusione, di sottolineare la bellezza, la sobriet\u00e0 e la forza istituzionale dell&#8217;allestimento di questo feretro che ci invita alla riflessione su una persona speciale per una grandissima azienda quale \u00e8 la Rai&#8221;.<\/p>\n<p>Leggi di pi\u00f9 <\/p>\n<p>13:00<\/p>\n<p>L&#8217;ultima apparizione di Baudo in tv a Ballando con le Stelle<\/p>\n<p>L\u2019ultima volta in cui\u00a0<a href=\"https:\/\/tg24.sky.it\/spettacolo\/2025\/08\/17\/pippo-baudo-padre-pio\" data-intcmp=\"skytg24_liveblog_interlink_text\" rel=\"nofollow noopener\" target=\"_blank\">Baudo<\/a>\u00a0\u00e8 stato visto in pubblico risale a settembre 2024, durante i festeggiamenti per il 90\u00b0 compleanno del suo caro amico Pierfrancesco Pingitore. Nonostante fosse in sedia a rotelle, venne immortalato sorridente, circondato da colleghi e amici dello spettacolo. Quella fu l\u2019ultima sua apparizione davanti a un pubblico, un gesto di affetto e presenza anche nei momenti di fragilit\u00e0.<\/p>\n<p>13:00<\/p>\n<p>Mara Venier e Katia Ricciarelli alla camera ardente di Baudo<\/p>\n<p>Katia Ricciarelli e Mara Venier sono arrivate sottobraccio alla camera ardente di Pippo Baudo allestita al teatro delle Vittorie. All&#8217;entrata hanno abbracciato il direttore generale della Rai Roberto Sergio. Nello studio dove il conduttore ha realizzato i suoi pi\u00f9 importanti programmi, il feretro sul fondo di un sipario rosso \u00e8 circondato da rose rosse; su uno schermo televisivo scorrono immagini della carriera del presentatore, proiettate anche all&#8217;entrata. Fra le corone intanto intorno alla bara, con un picchetto di carabinieri in alta uniforme, spiccano quelle del Presidente della Repubblica, del presidente della Camera, del sindaco di Roma e della Rai. Venier e Ricciarelli si sono sedute nello spazio riservato alla famiglia, dove hanno abbracciato la figlia e l&#8217;assistente di Baudo. Tra i primi ad arrivare, anche il ministro degli esteri Antonio Tajani, l&#8217;avvocato Giorgio Assumma, Gigi Marzullo, e Gloria Guida.<\/p>\n<p>Leggi di pi\u00f9 <\/p>\n<p>12:59<\/p>\n<p>Nel servizio qui di seguito, &#8220;Pippo Baudo, addio al re della televisione italiana&#8221;: il ricordo di Alessio Viola<\/p>\n<p>12:59<\/p>\n<p>Al Teatro delle Vittorie di Roma l\u2019omaggio del pubblico al feretro <\/p>\n<p>La camera ardente, per l\u2019ultimo saluto da parte del pubblico a baudo, \u00e8 stata allestita in uno dei luoghi che lo hanno visto tante volte protagonista: sar\u00e0 aperta fino alle 20 e poi domani dalle 9 alle 12. Vip e gente comune per l\u2019omaggio al feretro. I funerali mercoled\u00ec pomeriggio in Sicilia, nella Chiesa di Santa Maria della Stella a Militello in Val di Catania<\/p>\n<p><a href=\"https:\/\/tg24.sky.it\/spettacolo\/2025\/08\/18\/pippo-baudo-camera-ardente\" data-intcmp=\"skytg24_liveblog_interlink_text\" rel=\"nofollow noopener\" target=\"_blank\"><strong>QUI LA FOTOGALLERY IN AGGIORNAMENTO<\/strong><\/a><\/p>\n<p>12:12<\/p>\n<p>La camera ardente di Pippo Baudo al Teatro delle Vittorie<\/p>\n<p>Dalle ore 10 di oggi, luned\u00ec 18 agosto, la <strong>camera ardente di Pippo Baudo <\/strong>(<a href=\"https:\/\/tg24.sky.it\/spettacolo\/2025\/08\/18\/pippo-baudo-camera-ardente\" target=\"_self\" data-intcmp=\"skytg24_liveblog_interlink_text\" rel=\"nofollow noopener\"><strong>FOTOGALLERY<\/strong><\/a>) \u00e8 aperta al pubblico presso il Teatro delle Vittorie, a Roma. Si tratta del luogo dove il celebre conduttore, scomparso sabato 16 agosto all&#8217;et\u00e0 di 89 anni dopo una lunga malattia, aveva realizzato i suoi programmi pi\u00f9 importanti e dove ora il feretro circondato da rose rosse si staglia sullo sfondo di un sipario rosso mentre su uno schermo televisivo scorrono le immagini della \u00a0sua decennale carriera<\/p>\n<p><img decoding=\"async\" src=\"https:\/\/www.europesays.com\/it\/wp-content\/uploads\/2025\/08\/01-pippo-baudo-camera-ardente-ipa.jpg\" alt=\"Pippo Baudo camera ardente\" loading=\"lazy\"\/><\/p>\n<p class=\"lvbg-post-image__credits-v2\">\u00a9IPA\/Fotogramma<\/p>\n","protected":false},"excerpt":{"rendered":"Dalle ore 10 di oggi, luned\u00ec 18 agosto, la camera ardente di Pippo Baudo (FOTOGALLERY) \u00e8 aperta al&hellip;\n","protected":false},"author":3,"featured_media":54423,"comment_status":"","ping_status":"","sticky":false,"template":"","format":"standard","meta":{"footnotes":""},"categories":[174],"tags":[203,204,1537,90,89,300,11211,987,214],"class_list":{"0":"post-54422","1":"post","2":"type-post","3":"status-publish","4":"format-standard","5":"has-post-thumbnail","7":"category-intrattenimento","8":"tag-entertainment","9":"tag-intrattenimento","10":"tag-it","11":"tag-italia","12":"tag-italy","13":"tag-morto","14":"tag-pippo-baudo","15":"tag-roma","16":"tag-spettacolo"},"share_on_mastodon":{"url":"","error":""},"_links":{"self":[{"href":"https:\/\/www.europesays.com\/it\/wp-json\/wp\/v2\/posts\/54422","targetHints":{"allow":["GET"]}}],"collection":[{"href":"https:\/\/www.europesays.com\/it\/wp-json\/wp\/v2\/posts"}],"about":[{"href":"https:\/\/www.europesays.com\/it\/wp-json\/wp\/v2\/types\/post"}],"author":[{"embeddable":true,"href":"https:\/\/www.europesays.com\/it\/wp-json\/wp\/v2\/users\/3"}],"replies":[{"embeddable":true,"href":"https:\/\/www.europesays.com\/it\/wp-json\/wp\/v2\/comments?post=54422"}],"version-history":[{"count":0,"href":"https:\/\/www.europesays.com\/it\/wp-json\/wp\/v2\/posts\/54422\/revisions"}],"wp:featuredmedia":[{"embeddable":true,"href":"https:\/\/www.europesays.com\/it\/wp-json\/wp\/v2\/media\/54423"}],"wp:attachment":[{"href":"https:\/\/www.europesays.com\/it\/wp-json\/wp\/v2\/media?parent=54422"}],"wp:term":[{"taxonomy":"category","embeddable":true,"href":"https:\/\/www.europesays.com\/it\/wp-json\/wp\/v2\/categories?post=54422"},{"taxonomy":"post_tag","embeddable":true,"href":"https:\/\/www.europesays.com\/it\/wp-json\/wp\/v2\/tags?post=54422"}],"curies":[{"name":"wp","href":"https:\/\/api.w.org\/{rel}","templated":true}]}}