{"id":544276,"date":"2026-06-18T03:50:16","date_gmt":"2026-06-18T03:50:16","guid":{"rendered":"https:\/\/www.europesays.com\/it\/544276\/"},"modified":"2026-06-18T03:50:16","modified_gmt":"2026-06-18T03:50:16","slug":"germania-maglie-ordinate-online-in-ritardo-colpa-di-undav-havertz-e-pavlovic","status":"publish","type":"post","link":"https:\/\/www.europesays.com\/it\/544276\/","title":{"rendered":"Germania, maglie ordinate online in ritardo: colpa di Undav, Havertz e Pavlovi\u0107"},"content":{"rendered":"<p>                                Casacche di Undav, Havertz e Pavlovi\u0107 impossibili da avere. Adidas: &#8220;Troppe richieste dopo la vittoria con Cura\u00e7ao,\u00a0problema in via di risoluzione&#8221;<\/p>\n<p class=\"paragraph\" spellcheck=\"true\">Kimmich? S\u00ec. Neuer? Ok. Musiala? In abbondanza. Havertz? No, deve attendere. Pavlovic? Ancora peggio, ha due V. Chi ha provato a ordinare online le maglie della <a href=\"https:\/\/www.gazzetta.it\/Calcio\/Mondiali\/16-06-2026\/mondiali-germania-ammette-famiglie-ritiro-giocatori.shtml\" rel=\"nofollow noopener\" target=\"_blank\">Germania<\/a>, che vanno a ruba in occasione del Mondiale soprattutto dopo la partenza show con il 7-1 a Cura\u00e7ao, si \u00e8 sentito dare queste risposte da inizio settimana. Il problema \u00e8 l\u2019esaurimento della lettera V, che riguarda in rosa anche Undav. Un inconveniente tecnico che ha messo in lista d\u2019attesa parecchi tifosi.  Adidas \u00e8 intervenuta ufficialmente con una nota del portavoce Oliver Bruegen, che da decenni segue il rapporto con la nazionale e ha tentato di tranquillizzare i tifosi impazienti. &#8220;A causa dell&#8217;elevata richiesta di stampa a caldo per i nomi dei giocatori Undav, Havertz e Pavlovi\u0107, si \u00e8 verificata una temporanea carenza della lettera &#8216;V&#8217; &#8211; ha spiegato -. In collaborazione con il nostro partner 11teamsports, siamo riusciti a risolvere rapidamente il problema, quindi la stampa a caldo con la lettera &#8216;V&#8217; sar\u00e0 presto nuovamente disponibile per l&#8217;ordine online&#8221;.\u00a0<\/p>\n<p>    VIVA IL BLU\u2014 \u00a0<\/p>\n<p class=\"paragraph is-inline\" spellcheck=\"true\">\u00a0All\u2019ultimo Europeo, Adidas aveva conquistato molti clienti femminili lanciando la seconda maglia della nazionale rosa, adesso l\u2019altra divisa oltre a quella tradizionale \u00e8 blu e ha registrato finora un successo di vendite sorprendente, in concomitanza con l\u2019inizio del torneo. In totale la ditta di abbigliamento sportivo rileva di aver fatturato un miliardo di euro nei tre paesi che ospitano il Mondiale, ma senza specificare quanta parte di questi introiti venga dalle maglie da gioco. La Germania tradizionalmente \u00e8 il mercato prediletto, ma la svolta epocale \u00e8 il passaggio della nazionale a Nike dal prossimo anno. Quindi questa \u00e8 l\u2019ultima occasione per incrementare gli affari e da Herzogenaurach, casa madre dell\u2019azienda, \u00e8 partito l\u2019ordine di trovare in fretta queste maledette V per non scontentare gli ultimi clienti<\/p>\n","protected":false},"excerpt":{"rendered":"Casacche di Undav, Havertz e Pavlovi\u0107 impossibili da avere. Adidas: &#8220;Troppe richieste dopo la vittoria con Cura\u00e7ao,\u00a0problema in&hellip;\n","protected":false},"author":3,"featured_media":544277,"comment_status":"","ping_status":"","sticky":false,"template":"","format":"standard","meta":{"footnotes":"","_share_on_mastodon":"0"},"categories":[1452],"tags":[26290,14807,721,1534,665,131882,1740,3044,27435,299774,1302,1537,90,89,2698,55415,1353,3205,1315,6183,8012,1885,5569,1739,245,244,408,299775,6035,299773,299776],"class_list":["post-544276","post","type-post","status-publish","format-standard","has-post-thumbnail","category-calcio","tag-adidas","tag-blu","tag-calcio","tag-caldo","tag-clienti","tag-curacao","tag-football","tag-germania","tag-havertz","tag-havertz-pavlovic","tag-inizio","tag-it","tag-italia","tag-italy","tag-lettera","tag-maglie","tag-mondiale","tag-occasione","tag-online","tag-ordine","tag-pavlovic","tag-problema","tag-rosa","tag-soccer","tag-sport","tag-sports","tag-stampa","tag-stampa-caldo","tag-tifosi","tag-undav","tag-undav-havertz"],"share_on_mastodon":{"url":"https:\/\/pubeurope.com\/@it\/116769077779420710","error":""},"_links":{"self":[{"href":"https:\/\/www.europesays.com\/it\/wp-json\/wp\/v2\/posts\/544276","targetHints":{"allow":["GET"]}}],"collection":[{"href":"https:\/\/www.europesays.com\/it\/wp-json\/wp\/v2\/posts"}],"about":[{"href":"https:\/\/www.europesays.com\/it\/wp-json\/wp\/v2\/types\/post"}],"author":[{"embeddable":true,"href":"https:\/\/www.europesays.com\/it\/wp-json\/wp\/v2\/users\/3"}],"replies":[{"embeddable":true,"href":"https:\/\/www.europesays.com\/it\/wp-json\/wp\/v2\/comments?post=544276"}],"version-history":[{"count":0,"href":"https:\/\/www.europesays.com\/it\/wp-json\/wp\/v2\/posts\/544276\/revisions"}],"wp:featuredmedia":[{"embeddable":true,"href":"https:\/\/www.europesays.com\/it\/wp-json\/wp\/v2\/media\/544277"}],"wp:attachment":[{"href":"https:\/\/www.europesays.com\/it\/wp-json\/wp\/v2\/media?parent=544276"}],"wp:term":[{"taxonomy":"category","embeddable":true,"href":"https:\/\/www.europesays.com\/it\/wp-json\/wp\/v2\/categories?post=544276"},{"taxonomy":"post_tag","embeddable":true,"href":"https:\/\/www.europesays.com\/it\/wp-json\/wp\/v2\/tags?post=544276"}],"curies":[{"name":"wp","href":"https:\/\/api.w.org\/{rel}","templated":true}]}}