{"id":544325,"date":"2026-06-18T04:44:16","date_gmt":"2026-06-18T04:44:16","guid":{"rendered":"https:\/\/www.europesays.com\/it\/544325\/"},"modified":"2026-06-18T04:44:16","modified_gmt":"2026-06-18T04:44:16","slug":"milan-che-tegola-salta-larrivo-di-krosche-e-hardung-come-dt-e-ds","status":"publish","type":"post","link":"https:\/\/www.europesays.com\/it\/544325\/","title":{"rendered":"Milan, che tegola: salta l&#8217;arrivo di Kr\u00f6sche e Hardung come dt e ds"},"content":{"rendered":"<p>                                L&#8217;operazione pareva ben avviata, sembrava solo questione di giorni, poi la fumata nera: questione di indennizzi e di tempistiche. Il club rossonero deve riprendere a cercare<\/p>\n<p class=\"paragraph\" spellcheck=\"true\">Fumata nera. Improvvisa e, vista dalla sponda italiana, piuttosto inattesa. I volti nuovi del Milan per il momento si fermano all&#8217;allenatore, perch\u00e9 Markus\u00a0Kr\u00f6sche e Timmo Hardung resteranno dove sono ora: a Francoforte, al servizio dell&#8217;Eintracht che, da quello che raccontano in Germania, non intende liberarli.<\/p>\n<p>        i motivi\u2014 \u00a0<\/p>\n<p class=\"paragraph\" spellcheck=\"true\">La notizia piomba sul mondo rossonero come un fulmine a ciel sereno perch\u00e9 il loro arrivo sembrava abbastanza apparecchiato. Non chiuso, questo no, ma comunque ben indirizzato. Pareva pi\u00f9 che altro una questione di indennizzo (un fattore che sicuramente una parte l&#8217;ha giocata), quindi di soldi da corrispondere al club tedesco. Per\u00f2, oltre a questo, agli occhi dell&#8217;Eintracht a contare sono state anche le tempistiche. In altre parole: liberare entrambi adesso significherebbe andare incontro a svariate difficolt\u00e0 per allestire la prossima stagione.\u00a0Kr\u00f6sche sarebbe arrivato in qualit\u00e0 di direttore tecnico, Hardung come direttore sportivo. Un problema di entit\u00e0 rilevante per il Milan, anche perch\u00e9 i due avevano gi\u00e0 dato il benestare &#8211; ricambiati &#8211; per Amorim in panchina. Pareva insomma finalmente l&#8217;avvio della nuova area sportiva rossonera, e invece occorrer\u00e0 rivolgersi altrove. Altro tempo che passa.<\/p>\n","protected":false},"excerpt":{"rendered":"L&#8217;operazione pareva ben avviata, sembrava solo questione di giorni, poi la fumata nera: questione di indennizzi e di&hellip;\n","protected":false},"author":3,"featured_media":544326,"comment_status":"","ping_status":"","sticky":false,"template":"","format":"standard","meta":{"footnotes":"","_share_on_mastodon":"0"},"categories":[1452],"tags":[1262,391,721,554,1109,30114,1740,79077,202315,297978,1537,90,89,296093,553,30335,87551,860,9611,11603,1739,245,244],"class_list":["post-544325","post","type-post","status-publish","format-standard","has-post-thumbnail","category-calcio","tag-arrivo","tag-ben","tag-calcio","tag-club","tag-direttore","tag-eintracht","tag-football","tag-fumata","tag-fumata-nera","tag-hardung","tag-it","tag-italia","tag-italy","tag-krosche","tag-milan","tag-nera","tag-pareva","tag-questione","tag-rossonero","tag-sembrava","tag-soccer","tag-sport","tag-sports"],"share_on_mastodon":{"url":"https:\/\/pubeurope.com\/@it\/116769290183841637","error":""},"_links":{"self":[{"href":"https:\/\/www.europesays.com\/it\/wp-json\/wp\/v2\/posts\/544325","targetHints":{"allow":["GET"]}}],"collection":[{"href":"https:\/\/www.europesays.com\/it\/wp-json\/wp\/v2\/posts"}],"about":[{"href":"https:\/\/www.europesays.com\/it\/wp-json\/wp\/v2\/types\/post"}],"author":[{"embeddable":true,"href":"https:\/\/www.europesays.com\/it\/wp-json\/wp\/v2\/users\/3"}],"replies":[{"embeddable":true,"href":"https:\/\/www.europesays.com\/it\/wp-json\/wp\/v2\/comments?post=544325"}],"version-history":[{"count":0,"href":"https:\/\/www.europesays.com\/it\/wp-json\/wp\/v2\/posts\/544325\/revisions"}],"wp:featuredmedia":[{"embeddable":true,"href":"https:\/\/www.europesays.com\/it\/wp-json\/wp\/v2\/media\/544326"}],"wp:attachment":[{"href":"https:\/\/www.europesays.com\/it\/wp-json\/wp\/v2\/media?parent=544325"}],"wp:term":[{"taxonomy":"category","embeddable":true,"href":"https:\/\/www.europesays.com\/it\/wp-json\/wp\/v2\/categories?post=544325"},{"taxonomy":"post_tag","embeddable":true,"href":"https:\/\/www.europesays.com\/it\/wp-json\/wp\/v2\/tags?post=544325"}],"curies":[{"name":"wp","href":"https:\/\/api.w.org\/{rel}","templated":true}]}}