{"id":544545,"date":"2026-06-18T08:22:14","date_gmt":"2026-06-18T08:22:14","guid":{"rendered":"https:\/\/www.europesays.com\/it\/544545\/"},"modified":"2026-06-18T08:22:14","modified_gmt":"2026-06-18T08:22:14","slug":"erba-brad-pitt-in-citta-per-girare-uno-spot-un-mistero","status":"publish","type":"post","link":"https:\/\/www.europesays.com\/it\/544545\/","title":{"rendered":"Erba, Brad Pitt in citt\u00e0 per girare uno spot? Un mistero"},"content":{"rendered":"\n<p> Il nome che circola \u00e8 quello di Brad Pitt, ma il confine tra indiscrezione e leggenda \u00e8 sottile. Certo nei giorni scorsi Villa Le due Torrette, siamo in via Chiesa Molinari a Erba alta, ha ospitato qualcosa di grosso: lo testimoniano van con i vetri oscurati, parcheggi lasciati liberi davanti all\u2019ingresso e la piazzola del Cpe riservata per un elicottero privato.<\/p>\n<p> I primi indizi risalgono all\u2019inizio della settimana, quando a Erba alta sono spuntati alcuni furgoncini con i vetri oscurati. Non \u00e8 passato inosservato il divieto di sosta in cinque posti auto a pochi passi dalla villa: gli stalli sono stati prenotati dal 13 al 18 giugno, con regolare pagamento dell\u2019occupazione suolo pubblico.<\/p>\n<p> \u00c8 poi c\u2019\u00e8 l\u2019elicottero. La piazzola del Cpe (sede della Protezione Civile Erba Laghi) \u00e8 stata noleggiata per due giorni e sarebbe stata utilizzata in particolare nella giornata di luned\u00ec, quando un elicottero \u00e8 atterrato ed \u00e8 ripartito alcune ore dopo. Fin qui le certezze. Entrando nel campo delle indiscrezioni, l\u2019elicottero avrebbe addirittura trasportato Brad Pitt per girare uno spot pubblicitario.<\/p>\n<p> Possibile? Pitt \u00e8 gi\u00e0 stato sul territorio lariano e all\u2019inizio di giugno \u00e8 stato visto sul lago di Garda. Lo scorso fine settimana, nella notte italiana tra venerd\u00ec e sabato, era a Los Angeles per la partita inaugurale degli Stati Uniti ai Mondiali di calcio. Almeno sulla carta, avrebbe avuto il tempo di prendere un aereo per girare qualche scena a Erba il luned\u00ec.<\/p>\n","protected":false},"excerpt":{"rendered":"Il nome che circola \u00e8 quello di Brad Pitt, ma il confine tra indiscrezione e leggenda \u00e8 sottile.&hellip;\n","protected":false},"author":3,"featured_media":544546,"comment_status":"","ping_status":"","sticky":false,"template":"","format":"standard","meta":{"footnotes":"","_share_on_mastodon":"0"},"categories":[1451],"tags":[185,1615,2913,1621,1620,640,1644,1679,184,203,204,1537,90,89,793,21305,13592,2685],"class_list":["post-544545","post","type-post","status-publish","format-standard","has-post-thumbnail","category-celebrita","tag-affari-e-finanza","tag-arte","tag-brad-pitt","tag-celebrita","tag-celebrities","tag-cinema","tag-cultura","tag-curiosita","tag-economia","tag-entertainment","tag-intrattenimento","tag-it","tag-italia","tag-italy","tag-media","tag-persone","tag-pubblicita","tag-storie"],"share_on_mastodon":{"url":"https:\/\/pubeurope.com\/@it\/116770147829052825","error":""},"_links":{"self":[{"href":"https:\/\/www.europesays.com\/it\/wp-json\/wp\/v2\/posts\/544545","targetHints":{"allow":["GET"]}}],"collection":[{"href":"https:\/\/www.europesays.com\/it\/wp-json\/wp\/v2\/posts"}],"about":[{"href":"https:\/\/www.europesays.com\/it\/wp-json\/wp\/v2\/types\/post"}],"author":[{"embeddable":true,"href":"https:\/\/www.europesays.com\/it\/wp-json\/wp\/v2\/users\/3"}],"replies":[{"embeddable":true,"href":"https:\/\/www.europesays.com\/it\/wp-json\/wp\/v2\/comments?post=544545"}],"version-history":[{"count":0,"href":"https:\/\/www.europesays.com\/it\/wp-json\/wp\/v2\/posts\/544545\/revisions"}],"wp:featuredmedia":[{"embeddable":true,"href":"https:\/\/www.europesays.com\/it\/wp-json\/wp\/v2\/media\/544546"}],"wp:attachment":[{"href":"https:\/\/www.europesays.com\/it\/wp-json\/wp\/v2\/media?parent=544545"}],"wp:term":[{"taxonomy":"category","embeddable":true,"href":"https:\/\/www.europesays.com\/it\/wp-json\/wp\/v2\/categories?post=544545"},{"taxonomy":"post_tag","embeddable":true,"href":"https:\/\/www.europesays.com\/it\/wp-json\/wp\/v2\/tags?post=544545"}],"curies":[{"name":"wp","href":"https:\/\/api.w.org\/{rel}","templated":true}]}}