{"id":544626,"date":"2026-06-18T09:24:15","date_gmt":"2026-06-18T09:24:15","guid":{"rendered":"https:\/\/www.europesays.com\/it\/544626\/"},"modified":"2026-06-18T09:24:15","modified_gmt":"2026-06-18T09:24:15","slug":"anche-cuochi-e-camerieri-hanno-diritto-a-vivere-la-propria-vita-e-lo-chef-spagnolo-chiude-il-suo-ristorante-nel-weekend","status":"publish","type":"post","link":"https:\/\/www.europesays.com\/it\/544626\/","title":{"rendered":"\u00abAnche cuochi e camerieri hanno diritto a vivere la propria vita\u00bb, e lo chef spagnolo chiude il suo ristorante nel weekend"},"content":{"rendered":"<p>\u00abSi vive una volta sola e lavorare dal luned\u00ec al venerd\u00ec \u00e8 sufficiente\u00bb. Lo afferma <strong>lo chef spagnolo Enrique Valent\u00ec<\/strong>, il quale ha recentamente preso la decisione di chiudere il suo ristorante di <a href=\"https:\/\/www.ilmessaggero.it\/t\/madrid\" rel=\"nofollow noopener\" target=\"_blank\">Madrid<\/a>,\u00a0<strong>Caja de Cerillas<\/strong>, durante il fine settimana.<\/p>\n<p>\u00abNel settore si \u00e8 sempre lavorato controcorrente. Quando tutti si divertono, noi siamo quelli che lavorano e la gente ora vuole avere una vita che sia pi\u00f9 normale possibile\u00bb, aggiunge.<\/p>\n<p>Una scelta che fa storcere il naso, soprattutto considerando la carenza di personale qualificato che rischia di paralizzare il settore. <strong>Il denaro \u00e8 passato in secondo piano<\/strong>. Il primo requisito\u00a0che richiedono i professionisti oggi \u00e8 un ritmo di lavoro conciliabile con la quotidianit\u00e0. Requisito che <strong>Enrique Valent\u00ec<\/strong> intende soddisfare, in quanto <strong>perdere un membro del team<\/strong>, spiega,\u00a0significa <strong>subire un danno economico e di identit\u00e0<\/strong>.<\/p>\n<p>La soluzione per far quadrare i conti <\/p>\n<p>Lo chef Valent\u00ec ha deciso di cambiare rotta adottando una soluzione che gli permettesse di <strong>conciliare il desiderio dei suoi sottoposti e far tornare i conti a fine giornata<\/strong>: \u00abConsiderando che nel settore della ristorazione gli orari sono quelli che sono, con turni spezzati e lavoro sia a pranzo che a cena, il mio obiettivo \u00e8 stato quello di trovare metriche aziendali che mi consentissero di rendere il luned\u00ec una buona giornata, o almeno abbastanza logica da far quadrare i conti\u00bb, racconta nell&#8217;intervista a <strong>La Razon<\/strong>.<\/p>\n<p>Una strategia che ha potuto adottare grazie al concept che ha ideato dopo anni di esperienza nel settore della\u00a0ristorazione, dove ha lavorato anche come manager aziendale: <strong>servire tra i 30 e i 35 clienti giornalieri ad un prezzo medio di 65-70 euro<\/strong>.<\/p>\n<p>L&#8217;ingrediente segreto? il rispetto <\/p>\n<p>Quando viene chiamato a cucinare per un evento speciale, che sia un sabato o una domenica, si accorda prima con i suoi dipendenti.<strong> Il rispetto \u00e8 fondamentale per\u00a0motivarli<\/strong>. Secondo Valent\u00ec, <strong>per raggiungere l&#8217;eccellenza a tavola non basta la concentrazione e l&#8217;impegno, ma deve esserci innanziututto un cambiamento nello stile comunicativo.<\/strong><\/p>\n<p>\u00abAbbiamo vissuto un&#8217;evoluzione. Pensateci, in passato si utilizzavano molti termini militari, si parlava di \u201cbrigata\u201d, si seguivano gli \u201cordini\u201d e si subivano pressioni. Ora questo comportamento non \u00e8 pi\u00f9 tollerato\u00bb, spiega.<\/p>\n<p>Una filosofia sposata anche dai <strong>fratelli Sergio e Mario Tofe e da Jos\u00e9 Certucha<\/strong>, rispettivamente proprietari dei ristoranti <strong>\u00c9ter <\/strong>e <strong>La Llorer\u00eda<\/strong> a <strong>Madrid<\/strong>. Che sia l&#8217;inizio di una transizione verso uno stile di vita che non mette pi\u00f9 al centro il sacrificio ma che si concentra sul <strong>benessere fisico e mentale<\/strong> della persona.<\/p>\n<p>&#13;<br \/>\n                                \u00a9 RIPRODUZIONE RISERVATA&#13;<\/p>\n<p>&#13;<\/p>\n<p>\n                            Il punto sui temi di attualit\u00e0, ogni luned\u00ec<br \/>\n                            <b>Iscriviti<\/b> e ricevi le notizie via email\n                        <\/p>\n","protected":false},"excerpt":{"rendered":"\u00abSi vive una volta sola e lavorare dal luned\u00ec al venerd\u00ec \u00e8 sufficiente\u00bb. Lo afferma lo chef spagnolo&hellip;\n","protected":false},"author":3,"featured_media":544627,"comment_status":"","ping_status":"","sticky":false,"template":"","format":"standard","meta":{"footnotes":"","_share_on_mastodon":"0"},"categories":[174],"tags":[203,33129,204,1537,90,89,190,300068,2644],"class_list":["post-544626","post","type-post","status-publish","format-standard","has-post-thumbnail","category-intrattenimento","tag-entertainment","tag-ferie","tag-intrattenimento","tag-it","tag-italia","tag-italy","tag-lavoro","tag-ristorante-chiuso","tag-vacanze"],"share_on_mastodon":{"url":"","error":""},"_links":{"self":[{"href":"https:\/\/www.europesays.com\/it\/wp-json\/wp\/v2\/posts\/544626","targetHints":{"allow":["GET"]}}],"collection":[{"href":"https:\/\/www.europesays.com\/it\/wp-json\/wp\/v2\/posts"}],"about":[{"href":"https:\/\/www.europesays.com\/it\/wp-json\/wp\/v2\/types\/post"}],"author":[{"embeddable":true,"href":"https:\/\/www.europesays.com\/it\/wp-json\/wp\/v2\/users\/3"}],"replies":[{"embeddable":true,"href":"https:\/\/www.europesays.com\/it\/wp-json\/wp\/v2\/comments?post=544626"}],"version-history":[{"count":0,"href":"https:\/\/www.europesays.com\/it\/wp-json\/wp\/v2\/posts\/544626\/revisions"}],"wp:featuredmedia":[{"embeddable":true,"href":"https:\/\/www.europesays.com\/it\/wp-json\/wp\/v2\/media\/544627"}],"wp:attachment":[{"href":"https:\/\/www.europesays.com\/it\/wp-json\/wp\/v2\/media?parent=544626"}],"wp:term":[{"taxonomy":"category","embeddable":true,"href":"https:\/\/www.europesays.com\/it\/wp-json\/wp\/v2\/categories?post=544626"},{"taxonomy":"post_tag","embeddable":true,"href":"https:\/\/www.europesays.com\/it\/wp-json\/wp\/v2\/tags?post=544626"}],"curies":[{"name":"wp","href":"https:\/\/api.w.org\/{rel}","templated":true}]}}