{"id":544720,"date":"2026-06-18T10:49:24","date_gmt":"2026-06-18T10:49:24","guid":{"rendered":"https:\/\/www.europesays.com\/it\/544720\/"},"modified":"2026-06-18T10:49:24","modified_gmt":"2026-06-18T10:49:24","slug":"maturita-2026-oggi-prima-prova-scritta-ditaliano-tracce-e-ultime-notizie-sugli-esami-live","status":"publish","type":"post","link":"https:\/\/www.europesays.com\/it\/544720\/","title":{"rendered":"Maturit\u00e0 2026, oggi prima prova scritta d&#8217;italiano: tracce e ultime notizie sugli esami. LIVE"},"content":{"rendered":"<p>Da oggi oltre 527mila studenti affrontano l&#8217;esame di Maturit\u00e0 (<a href=\"\\&quot;https:\/\/tg24.sky.it\/cronaca\/2026\/06\/18\/prima-prova-maturita-2026-tracce\\&quot;\" data-intcmp=\"\\&quot;skytg24_liveblog_interlink_text\\&quot;\"><strong>TUTTE LE TRACCE DELLA PRIMA PROVA<\/strong><\/a>). La partenza, come di consueto, \u00e8 spettata alla<strong> prova di italiano<\/strong>, con la scelta tra tra <strong>sette tracce <\/strong>fornite direttamente dal ministero dell\u2019Istruzione e del Merito. Le opzioni sono suddivise in tre tipologie: due analisi del testo (di cui uno poetico e l&#8217;altro in prosa) tre tracce di testo argomentativo e due temi di attualit\u00e0. I candidati hanno sei ore di tempo per la stesura dei loro elaborati.\\n<\/p>\n<p>Vitaliano <strong>Brancati <\/strong>e Cesare <strong>Pavese<\/strong> sono gli autori selezionati per <strong>l&#8217;analisi del testo (tipologia A)<\/strong>. Del primo \u00e8 stato scelto un brano tratto da I piaceri, del secondo, invece, \u00e8 uscita<a href=\"\\&quot;https:\/\/tg24.sky.it\/cronaca\/2026\/06\/18\/passero-per-piazza-di-spagna-poesia-pavese-esame-maturita-2026\\&quot;\" data-intcmp=\"\\&quot;skytg24_liveblog_interlink_text\\&quot;\"> la poesia Passer\u00f2 per piazza di Spagna<\/a>. Per la<strong> tipologia B,<\/strong> quella del testo argomentativo, scelti un<strong> testo tratto dall\u2019Assemblea Costituente <\/strong>(insediamento e discorso del Presidente <strong>Giuseppe Saragat<\/strong>), il testo Te lo dico con parole tue: la scienza di scrivere per farsi capire di <strong>Piero Bianucci <\/strong>e un <strong>brano di Frank Furedi<\/strong>: I confini contano: perch\u00e9 l\u2019umanit\u00e0 deve riscoprire l\u2019arte di tracciare frontiere. Per la <strong>tipologia C<\/strong>, quella di attualit\u00e0, proposto un brano tratto dal libro di <strong>Mario Calabresi <\/strong>Alzarsi all&#8217;alba. Ed \u00e8 stato scelto anche l&#8217;articolo della giornalista tedesca <strong>Wenke Husmann<\/strong> Funziona a meraviglia.<\/p>\n<p>\\n<\/p>\n<p>Domani (venerd\u00ec 19 giugno) ci sar\u00e0 la seconda prova. Poi sar\u00e0 la volta degli orali. Il nuovo esame, che fa il suo debutto quest&#8217;anno, punta a verificare conoscenze, abilit\u00e0 e competenze specifiche di ogni indirizzo di studio, ma anche il grado di maturazione e di autonomia.<\/p>\n<p>\\n<\/p>\n<p><strong>Per approfondire:<\/strong><\/p>\n<p>\\n\\n<\/p>\n<p><strong>Per ricevere le notizie di Sky TG24:<\/strong><\/p>\n<p>\\n<\/p>\n<ul>\\n  <\/p>\n<li>Il canale Whatsapp di Sky TG24 (<a href=\"\\&quot;https:\/\/whatsapp.com\/channel\/0029VaDyGIp90x2wDXgUnV2j\\&quot;\" data-intcmp-qp=\"\\&quot;skytg24_liveblog_interlink_text\\&quot;\">clicca qui<\/a>)<\/li>\n<p>\\n  <\/p>\n<li>Le notizie audio con i titoli del tg (<a href=\"\\&quot;https:\/\/tg24.sky.it\/cronaca\/approfondimenti\/audio-news-sky-tg24.html\\&quot;\" data-intcmp=\"\\&quot;skytg24_liveblog_interlink_text\\&quot;\">clicca qui<\/a>)<\/li>\n<p>\\n<\/ul>\n<p>&#8220;,&#8221;postId&#8221;:&#8221;d282d7a0-4693-4b8d-8a67-2aedaa761435&#8243;,&#8221;postLink&#8221;:{&#8220;title&#8221;:&#8221;&#8221;,&#8221;url&#8221;:&#8221;&#8221;,&#8221;imageSrc&#8221;:&#8221;&#8221;}}],&#8221;posts&#8221;:[{&#8220;timestamp&#8221;:&#8221;2026-06-18T10:44:01.683Z&#8221;,&#8221;timestampUtcIt&#8221;:&#8221;2026-06-18T12:44:01+0200&#8243;,&#8221;altBackground&#8221;:false,&#8221;title&#8221;:&#8221;Meno di due ore alla fine della prima prova&#8221;,&#8221;content&#8221;:&#8221;<\/p>\n<p>Il tempo massimo per la stesura del tema \u00e8 di 6 ore. Essendo la prima prova iniziata intorno alle 8.30, gli studenti hanno quindi tempo fin verso le 14.30 circa per consegnare il loro elaborato. Mancano meno di due ore.<\/p>\n<p>&#8220;,&#8221;postId&#8221;:&#8221;8dc6a3a9-57ba-4bfa-ac68-542b62034d37&#8243;,&#8221;postLink&#8221;:{&#8220;title&#8221;:&#8221;&#8221;,&#8221;url&#8221;:&#8221;&#8221;,&#8221;imageSrc&#8221;:&#8221;&#8221;}},{&#8220;timestamp&#8221;:&#8221;2026-06-18T10:33:11.824Z&#8221;,&#8221;timestampUtcIt&#8221;:&#8221;2026-06-18T12:33:11+0200&#8243;,&#8221;altBackground&#8221;:false,&#8221;title&#8221;:&#8221;Il post di Mario Calabresi&#8221;,&#8221;content&#8221;:&#8221;<\/p>\n<p>Il tema di attualit\u00e0 della tipologia C \u00e8 tratto da Alzarsi all\u2019alba di Mario Calabresi ed \u00e8 incentrato sul concetto di fatica. Il giornalista e scrittore ha pubblicato su Instagram un post dedicato alla Maturit\u00e0: \\&#8221;Che bella emozione trovare Alzarsi all\u2019alba nelle tracce. Si chiude un cerchio perch\u00e9 \u00e8 un libro nato proprio da un dialogo con un gruppo di studenti che stavano per fare la maturit\u00e0, salutandoli gli avevo detto &#8216;in bocca al lupo&#8217;. E poi avevo aggiunto: &#8216;E vi auguro di fare fatica&#8217;\\&#8221;.<\/p>\n<p>&#8220;,&#8221;social&#8221;:{&#8220;socialType&#8221;:&#8221;instagram&#8221;,&#8221;src&#8221;:&#8221;https:\/\/www.instagram.com\/p\/DZuO66GDsHb\/?utm_source=ig_embed&amp;utm_campaign=loading&#8221;,&#8221;cookieAllowed&#8221;:true},&#8221;postId&#8221;:&#8221;9a2a6c6e-6b5f-433b-9f7a-d7d5c72539aa&#8221;,&#8221;postLink&#8221;:{&#8220;title&#8221;:&#8221;&#8221;,&#8221;url&#8221;:&#8221;&#8221;,&#8221;imageSrc&#8221;:&#8221;&#8221;}},{&#8220;timestamp&#8221;:&#8221;2026-06-18T10:30:13.950Z&#8221;,&#8221;timestampUtcIt&#8221;:&#8221;2026-06-18T12:30:13+0200&#8243;,&#8221;altBackground&#8221;:false,&#8221;title&#8221;:&#8221;Husmann: \\&#8221;Mio articolo alla Maturit\u00e0? Sorpresa incredibile\\&#8221;&#8221;,&#8221;content&#8221;:&#8221;<\/p>\n<p>\\&#8221;\u00c8 davvero una sorpresa incredibile\u201d. Cos\u00ec la giornalista tedesca Wenke Husmann ha commentato a LaPresse la scelta di un suo articolo come traccia della Maturit\u00e0 2026. Spero che gli studenti \\&#8221;riescano a cavarsela bene con l\u2019articolo e che l\u2019esame non sia troppo difficile\\&#8221;, ha aggiunto.<\/p>\n<p>&#8220;,&#8221;postId&#8221;:&#8221;a31f8dde-07db-4733-b95e-8a06e5f15d8a&#8221;,&#8221;postLink&#8221;:{&#8220;title&#8221;:&#8221;&#8221;,&#8221;url&#8221;:&#8221;&#8221;,&#8221;imageSrc&#8221;:&#8221;&#8221;}},{&#8220;timestamp&#8221;:&#8221;2026-06-18T10:16:44.284Z&#8221;,&#8221;timestampUtcIt&#8221;:&#8221;2026-06-18T12:16:44+0200&#8243;,&#8221;altBackground&#8221;:false,&#8221;title&#8221;:&#8221;Maturit\u00e0 2026, il trend \\&#8221;Study with me\\&#8221; diventa virale con live social per non distrarsi&#8221;,&#8221;postId&#8221;:&#8221;fb9f7a35-342a-4085-a5c9-d5c9659e516f&#8221;,&#8221;postLink&#8221;:{&#8220;title&#8221;:&#8221;Maturit\u00e0 2026, il trend social #studywithme diventa virale&#8221;,&#8221;url&#8221;:&#8221;https:\/\/tg24.sky.it\/tecnologia\/2026\/06\/15\/maturita-trend-tiktok-studywithme&#8221;,&#8221;imageSrc&#8221;:&#8221;https:\/\/tg24.sky.it\/assets\/images\/926ae13d7ac32730399611c628da9dad33c411aa\/skytg24\/it\/tecnologia\/2026\/06\/15\/maturita-virale-trend-social-studywithme-di-riprendersi-studiando\/GettyImages-2280023018.jpg?im=Resize,width=1218&#8243;}},{&#8220;timestamp&#8221;:&#8221;2026-06-18T10:09:25.171Z&#8221;,&#8221;timestampUtcIt&#8221;:&#8221;2026-06-18T12:09:25+0200&#8243;,&#8221;altBackground&#8221;:false,&#8221;title&#8221;:&#8221;Pupo alla Maturit\u00e0: \\&#8221;Qui per affrontare nuove sfide e per i miei genitori\\&#8221;&#8221;,&#8221;content&#8221;:&#8221;<\/p>\n<p>\\&#8221;Sono qui perch\u00e8 mi spinge la voglia di nuove sfide come \u00e8 nel mio carattere, nel mio dna, mi spinge anche la voglia di fare un regalo postumo ai miei genitori che ci tenevano che mi laureassi, \u00e8 un grande stimolo anche questo. Ho raggiunto traguardi professionali e soddisfazioni e questo \u00e8 un traguardo personale che ha il sapore di una sfida che mi d\u00e0 tante motivazioni. Ho scelto Scienze Umane: \u00e8 pi\u00f9 nelle mie corde anche perch\u00e8 vorrei continuare con una laurea in Scienza delle comunicazioni poich\u00e8 si affrontano le tematiche dell&#8217;antropologia, la filosofia, la storia dell&#8217;arte, il mondo, la modernit\u00e0 la globalizzazione. Questo diploma servir\u00e0 a me stesso per aumentare autostima e fiducia\\&#8221;. Cos\u00ec Enzo Ghinazzi in arte Pupo, che oggi \u00e8 tra i maturandi che sta affrontando in queste ore l&#8217;esame di Stato. Dopo aver lasciato il liceo scientifico a 16 anni per dedicarsi alla musica, l&#8217;artista ha deciso di tornare sui banchi di scuola e diplomarsi presso l&#8217;Istituto Minerva di Roma.<\/p>\n<p>&#8220;,&#8221;postId&#8221;:&#8221;29b64502-e2b1-4be9-b978-d432a5657768&#8243;,&#8221;postLink&#8221;:{&#8220;title&#8221;:&#8221;&#8221;,&#8221;url&#8221;:&#8221;&#8221;,&#8221;imageSrc&#8221;:&#8221;&#8221;}},{&#8220;timestamp&#8221;:&#8221;2026-06-18T10:01:51.275Z&#8221;,&#8221;timestampUtcIt&#8221;:&#8221;2026-06-18T12:01:51+0200&#8243;,&#8221;altBackground&#8221;:false,&#8221;title&#8221;:&#8221;Anche Pupo tra gli studenti impegnati con la Maturit\u00e0&#8221;,&#8221;postId&#8221;:&#8221;8a7140de-5f52-4beb-97e9-0dbf384da05a&#8221;,&#8221;postLink&#8221;:{&#8220;title&#8221;:&#8221;Pupo fa gli esami di maturit\u00e0 a 70 anni: &#8216;Una sfida personale&#8217;. VIDEO&#8221;,&#8221;url&#8221;:&#8221;https:\/\/tg24.sky.it\/spettacolo\/video\/2026\/06\/18\/pupo-maturita-video&#8221;,&#8221;imageSrc&#8221;:&#8221;https:\/\/tg24.sky.it\/assets\/images\/2104d9dd0ad9f74f77e6b487a995d6f809fa85ce\/skytg24\/it\/spettacolo\/video\/2026\/06\/18\/pupo-maturita-video\/0326980B0CEEBA9DA5568B3F4A317C47.JPG?im=Resize,width=1218&#8243;}},{&#8220;timestamp&#8221;:&#8221;2026-06-18T10:00:11.900Z&#8221;,&#8221;timestampUtcIt&#8221;:&#8221;2026-06-18T12:00:11+0200&#8243;,&#8221;altBackground&#8221;:false,&#8221;title&#8221;:&#8221;Frank Furedi, chi \u00e8 l&#8217;autore del saggio \\&#8221;I confini contano\\&#8221;&#8221;,&#8221;postId&#8221;:&#8221;09a138f0-792e-4b2e-977f-6433dd1caba7&#8243;,&#8221;postLink&#8221;:{&#8220;title&#8221;:&#8221;Maturit\u00e0 2026, chi \u00e8 Frank Furedi: autore di &#8216;I confini contano'&#8221;,&#8221;url&#8221;:&#8221;https:\/\/tg24.sky.it\/cronaca\/2026\/06\/18\/frank-furedi-confini-contano-esame-maturita-2026&#8243;,&#8221;imageSrc&#8221;:&#8221;https:\/\/tg24.sky.it\/assets\/images\/24f2ee12f4b84dd4c92440cf0ec1cba9260e0f62\/skytg24\/it\/lifestyle\/2020\/12\/30\/viaggi-2021\/Pixabay_mappamondo.jpg?im=Resize,width=1218&#8243;}},{&#8220;timestamp&#8221;:&#8221;2026-06-18T09:52:07.714Z&#8221;,&#8221;timestampUtcIt&#8221;:&#8221;2026-06-18T11:52:07+0200&#8243;,&#8221;image&#8221;:{&#8220;imgSrc&#8221;:&#8221;https:\/\/www.europesays.com\/it\/wp-content\/uploads\/2026\/06\/freudi_ansa.jpeg&#8221;,&#8221;imgAlt&#8221;:&#8221;Freudi&#8221;,&#8221;imgCredits&#8221;:&#8221;\u00a9Ansa&#8221;,&#8221;imgCaption&#8221;:null},&#8221;altBackground&#8221;:true,&#8221;title&#8221;:&#8221;Frank Furedi, chi \u00e8 il sociologo ungherese&#8221;,&#8221;content&#8221;:&#8221;<\/p>\n<p>Nato nel 1948 in Ungheria da una famiglia che lasci\u00f2 il Paese dopo la rivoluzione del 1956, per trasferirsi in Canada e poi nel Regno Unito, professore emerito di Sociologia all&#8217;Universit\u00e0 del Kent, autore di una trentina di libri, studioso della sociologia della conoscenza e dell&#8217;educazione, del ruolo della paura e dell&#8217;incertezza, nonch\u00e9 delle guerre culturali nelle societ\u00e0 occidentali: Frank Furedi \u00e8 una delle sorprese della prima prova della Maturit\u00e0 2026, con un brano tratto dal saggio I confini contano. Perch\u00e9 l&#8217;umanit\u00e0 deve riscoprire l&#8217;arte di tracciare frontiere&#8217; (2021).\u00a0Si tratta di un&#8217;opera controcorrente, com&#8217;\u00e8 del resto tutta la riflessione di Furedi. In un&#8217;epoca di globalizzazione e migrazioni di massa, mentre nel dibattito pubblico si moltiplicano gli appelli ad \\&#8221;abbattere le frontiere\\&#8221;, i confini vengono ritenuti irrilevanti, discriminatori o reazionari. Oggi lo studioso \u00e8 alla guida del Mathias Corvinus Collegium, think tank conservatore vicino all&#8217;ex premier ungherese Viktor Orb\u00e1n.<\/p>\n<p>&#8220;,&#8221;postId&#8221;:&#8221;e234fbaa-51c4-4ec1-84fc-703ae694b2c8&#8243;,&#8221;postLink&#8221;:{&#8220;title&#8221;:&#8221;&#8221;,&#8221;url&#8221;:&#8221;&#8221;,&#8221;imageSrc&#8221;:&#8221;&#8221;}},{&#8220;timestamp&#8221;:&#8221;2026-06-18T09:48:35.677Z&#8221;,&#8221;timestampUtcIt&#8221;:&#8221;2026-06-18T11:48:35+0200&#8243;,&#8221;altBackground&#8221;:false,&#8221;title&#8221;:&#8221;Rete studenti: \\&#8221;Siamo la generazione che costruisce\\&#8221;&#8221;,&#8221;content&#8221;:&#8221;<\/p>\n<p>In occasione della prima prova scritta della Maturit\u00e0, la Rete degli Studenti Medi ha lanciato la mobilitazione nazionale \\&#8221;Generazione che costruisce\\&#8221;, invitando studentesse e studenti a presentarsi all&#8217;esame con una matita simbolica, \\&#8221;per rivendicare una scuola pi\u00f9 giusta, inclusiva e capace di valorizzare realmente i percorsi degli studenti\\&#8221;. La matita, spiegano i ragazzi, rappresenta la volont\u00e0 delle nuove generazioni di costruire il proprio futuro e di immaginare una scuola diversa, partendo proprio da una riflessione critica sull&#8217;attuale modello di maturit\u00e0. \\&#8221;Oggi migliaia di studentesse e studenti affrontano la prima prova scritta di un esame che continua a rappresentare un momento di forte pressione e stress, senza per\u00f2 riuscire a valorizzare davvero il percorso svolto durante i cinque anni di scuola secondaria di secondo grado- dichiara Angela Verdecchia, Coordinatrice Nazionale della Rete degli Studenti Medi-La maturit\u00e0 continua a essere costruita attorno a una logica prevalentemente nozionistica e mnemonica. L&#8217;attuale modello sembra sempre pi\u00f9 una maxi interrogazione composta da discipline separate, che limita le capacit\u00e0 di elaborazione critica e personale che invece la scuola dovrebbe sviluppare\\&#8221;.\u00a0<\/p>\n<p>&#8220;,&#8221;postId&#8221;:&#8221;ef89864f-e773-4e7d-8dce-04f1c05888a6&#8243;,&#8221;postLink&#8221;:{&#8220;title&#8221;:&#8221;&#8221;,&#8221;url&#8221;:&#8221;&#8221;,&#8221;imageSrc&#8221;:&#8221;&#8221;}},{&#8220;timestamp&#8221;:&#8221;2026-06-18T09:43:48.378Z&#8221;,&#8221;timestampUtcIt&#8221;:&#8221;2026-06-18T11:43:48+0200&#8243;,&#8221;image&#8221;:{&#8220;imgSrc&#8221;:&#8221;https:\/\/www.europesays.com\/it\/wp-content\/uploads\/2026\/06\/maturit\u00e0_ansa.jpeg&#8221;,&#8221;imgAlt&#8221;:&#8221;maturit\u00e0&#8221;,&#8221;imgCredits&#8221;:&#8221;\u00a9Ansa&#8221;,&#8221;imgCaption&#8221;:null},&#8221;altBackground&#8221;:true,&#8221;title&#8221;:&#8221;In corso la prima prova&#8221;,&#8221;content&#8221;:&#8221;<\/p>\n<p>In foto, il liceo Massimo d&#8217;Azeglio, a Torino, questa mattina, prima dell&#8217;inizio della prima prova della Maturit\u00e0. Gli studenti hanno tempo massimo 6 ore per completare il tema. Hanno quindi tempo fino alle 14.30 circa.<\/p>\n<p>&#8220;,&#8221;postId&#8221;:&#8221;4c7abdfe-343b-4177-8e1e-d9fd36b5f447&#8243;,&#8221;postLink&#8221;:{&#8220;title&#8221;:&#8221;&#8221;,&#8221;url&#8221;:&#8221;&#8221;,&#8221;imageSrc&#8221;:&#8221;&#8221;}},{&#8220;timestamp&#8221;:&#8221;2026-06-18T09:40:00.329Z&#8221;,&#8221;timestampUtcIt&#8221;:&#8221;2026-06-18T11:40:00+0200&#8243;,&#8221;altBackground&#8221;:false,&#8221;title&#8221;:&#8221;\\&#8221;I piaceri della memoria\\&#8221;: testo integrale&#8221;,&#8221;content&#8221;:&#8221;<\/p>\n<p>\\&#8221;Se noi non ricordassimo, il mondo sarebbe sottilissimo, una lastra priva di spessore, sulla quale fulmineamente stampato, un perpetuo presente attirerebbe su di s\u00e9 i nostri sguardi stupiti e incantati. Ma per fortuna noi ricordiamo, e dietro al mondo cosiddetto reale, dietro al mondo che si tocca, vede, sente, odora, il quale \u00e8 veramente sottile come una lastra priva di spessore, mettiamo quello irreale, o almeno non pi\u00f9 esistente, di uno, due, mille momenti prima, e assegniamo in tal modo un volume immaginario a qualcosa che in realt\u00e0 non lo possiede. [\u2026]\\nSi possono trascorrere delle ore accanto a un vecchio taciturno purch\u00e9 di lui si sappia che ha la testa piena di bei ricordi. Dato che un nero presente ha il potere di cancellare piano piano anche i vivaci colori della memoria, e chiudere tutta una persona nel sentimento di essere stata sempre infelice, coloro che, dentro di s\u00e9, preservano i ricordi lieti, difendendoli dal pericolo di oscurarsi, corrompersi, dilavarsi, compiono un\u2019opera utile come chi non lascia spegnere il fuoco in un paese privo di fiammiferi e di pietre focaie.\\nUna delle condizioni pi\u00f9 misere delle epoche infelici, non \u00e8 di rimpiangere vanamente la felicit\u00e0, ma di averla totalmente dimenticata.\\nImmaginate che nel mondo per cento anni il cielo sia coperto di nuvole; tutti si saranno accostumati a un giorno tenebroso poco meno della notte: sar\u00e0 allora che l\u2019intera umanit\u00e0 dovr\u00e0 vegliare premurosa attorno al vecchio di centodue anni, l\u2019unico che ricordi la luce del sole. Che questo vecchio viva il pi\u00f9 a lungo possibile! Con lui vive il ricordo della luce, vivono la speranza e il desiderio di rivederla. Con lui perirebbe un bene comune.\\nIo ho l\u2019abitudine di sorvegliare continuamente la mia memoria e contare ogni sera i miei ricordi come l\u2019avaro conta i suoi marenghi, e la notte svegliarmi per paura che me ne manchi uno. Quaderni e quadernetti mi aiutano, ma non basterebbero se con cura meticolosa io non pensassi di ravvivare i ricordi pi\u00f9 deboli, e continuamente distinguere quelli che minacciano che minacciano di confondersi. [\u2026]\\nPer questo, le malattie della memoria sono fra le pi\u00f9 paurose. Quale mano di ladro pu\u00f2 essere cos\u00ec sacrilega come quella che si introduce nel pi\u00f9 interno di noi stessi per rubarci i ricordi? Tutto \u00e8 incerto e precario in questo mondo, tranne le cose che abbiamo fatte, le quali pare che ci appartengano per la vita e per la morte: e tuttavia anche queste possono non appartenerci pi\u00f9 il giorno in cui non riusciamo a ricordarle\\&#8221;.<\/p>\n<p>&#8220;,&#8221;postId&#8221;:&#8221;33ee27b1-f81c-4463-a060-86f8ffd68364&#8243;,&#8221;postLink&#8221;:{&#8220;title&#8221;:&#8221;&#8221;,&#8221;url&#8221;:&#8221;&#8221;,&#8221;imageSrc&#8221;:&#8221;&#8221;}},{&#8220;timestamp&#8221;:&#8221;2026-06-18T09:39:00.150Z&#8221;,&#8221;timestampUtcIt&#8221;:&#8221;2026-06-18T11:39:00+0200&#8243;,&#8221;altBackground&#8221;:false,&#8221;title&#8221;:&#8221;\\&#8221;Passer\u00f2 per piazza di Spagna\\&#8221;: testo integrale&#8221;,&#8221;content&#8221;:&#8221;<\/p>\n<p>Sar\u00e0 un cielo chiaro.<\/p>\n<p>\\n<\/p>\n<p>S\u2019apriranno le strade<\/p>\n<p>\\n<\/p>\n<p>sul colle di pini e di pietra.<\/p>\n<p>\\n<\/p>\n<p>Il tumulto delle strade<\/p>\n<p>\\n<\/p>\n<p>non muter\u00e0 quell\u2019aria ferma.<\/p>\n<p>\\n<\/p>\n<p>I fiori spruzzati<\/p>\n<p>\\n<\/p>\n<p>di colori alle fontane<\/p>\n<p>\\n<\/p>\n<p>occhieggeranno come donne<\/p>\n<p>\\n<\/p>\n<p>divertite. Le scale<\/p>\n<p>\\n<\/p>\n<p>le terrazze le rondini<\/p>\n<p>\\n<\/p>\n<p>canteranno nel sole.<\/p>\n<p>\\n<\/p>\n<p>S\u2019aprir\u00e0 quella strada,<\/p>\n<p>\\n<\/p>\n<p>le pietre canteranno,<\/p>\n<p>\\n<\/p>\n<p>il cuore batter\u00e0 sussultando<\/p>\n<p>\\n<\/p>\n<p>come l\u2019acqua nelle fontane \u2013<\/p>\n<p>\\n<\/p>\n<p>sar\u00e0 questa la voce<\/p>\n<p>\\n<\/p>\n<p>che salir\u00e0 le tue scale.<\/p>\n<p>\\n<\/p>\n<p>Le finestre sapranno<\/p>\n<p>\\n<\/p>\n<p>l\u2019odore della pietra e dell\u2019aria<\/p>\n<p>\\n<\/p>\n<p>mattutina. S\u2019aprir\u00e0 una porta.<\/p>\n<p>\\n<\/p>\n<p>Il tumulto delle strade<\/p>\n<p>\\n<\/p>\n<p>sar\u00e0 il tumulto del cuore<\/p>\n<p>\\n<\/p>\n<p>nella luce smarrita.<\/p>\n<p>\\n<\/p>\n<p>Sarai tu \u2013 ferma e chiara.<\/p>\n<p>&#8220;,&#8221;postId&#8221;:&#8221;5165d78b-a8d5-4119-af50-1396454a38c1&#8243;,&#8221;postLink&#8221;:{&#8220;title&#8221;:&#8221;&#8221;,&#8221;url&#8221;:&#8221;&#8221;,&#8221;imageSrc&#8221;:&#8221;&#8221;}},{&#8220;timestamp&#8221;:&#8221;2026-06-18T09:31:03.229Z&#8221;,&#8221;timestampUtcIt&#8221;:&#8221;2026-06-18T11:31:03+0200&#8243;,&#8221;altBackground&#8221;:false,&#8221;title&#8221;:&#8221;Tutte le tracce&#8221;,&#8221;content&#8221;:&#8221;<\/p>\n<p>Per l\u2019analisi del testo (la tipologia A) le tracce proposte sono state la poesia Passer\u00f2 per piazza di Spagna (1950) di Cesare Pavese, dalla raccolta Verr\u00e0 la morte e avr\u00e0 i tuoi occhi, e un testo tratto da I piaceri di Vitaliano Brancati.\u00a0<\/p>\n<p>\\n\\n<\/p>\n<p>Per il testo argomentativo (tipologia B) una delle tracce proposte riguarda l\u2019Assemblea costituente, a partire dal discorso di insediamento del presidente Giuseppe Saragat.\u00a0Le altre due tracce sono sul tema della comunicazione, a partire da un brano di Te lo dico con parole tue. La scienza di scrivere per farsi capire (2007)del giornalista e scrittore Piero Bianucci, e quello del concetto di confine e frontiera, con, come punto di partenza, il saggio dello studioso di origine ungherese Frank Furedi\u00a0I confini contano. Perch\u00e9 l\u2019umanit\u00e0 deve riscoprire l\u2019arte di tracciare frontiere.<\/p>\n<p>\\n\\n<\/p>\n<p>Le tracce sull\u2019argomento di attualit\u00e0 (tipologia C), invece, si focalizzano sul concetto di \u201cincanto\u201d, con un articolo della giornalista tedesca del Die Zeit Wenke Husmann, intitolato Funziona a meraviglia, esul concetto di \u201cfatica\u201d a partire dal saggio Alzarsi all\u2019alba (2025) del giornalista Mario Calabresi.<\/p>\n<p>&#8220;,&#8221;postId&#8221;:&#8221;88350c94-b729-4483-9ca2-9079f4945fe6&#8243;,&#8221;postLink&#8221;:{&#8220;title&#8221;:&#8221;&#8221;,&#8221;url&#8221;:&#8221;&#8221;,&#8221;imageSrc&#8221;:&#8221;&#8221;}},{&#8220;timestamp&#8221;:&#8221;2026-06-18T09:24:44.972Z&#8221;,&#8221;timestampUtcIt&#8221;:&#8221;2026-06-18T11:24:44+0200&#8243;,&#8221;altBackground&#8221;:false,&#8221;title&#8221;:&#8221;Cardinale Ravasi: \u201cLa Maturit\u00e0 non \u00e8 soltanto un esame, ma una soglia\u201d&#8221;,&#8221;content&#8221;:&#8221;<\/p>\n<p>\u201cLa Maturit\u00e0 non \u00e8 soltanto un esame, ma una soglia. Si chiude una stagione di volti, attese e scoperte e se ne apre un\u2019altra ancora da scrivere. Ai giovani che oggi iniziano questo cammino, l\u2019augurio di custodire la curiosit\u00e0 e non smarrire i propri sogni\\&#8221;. Lo scrive su X il cardinale Gianfranco Ravasi, presidente emerito del Pontificio Consiglio della Cultura.<\/p>\n<p>&#8220;,&#8221;postId&#8221;:&#8221;edbeafe0-2a49-4b82-8d2a-010bdba1683a&#8221;,&#8221;postLink&#8221;:{&#8220;title&#8221;:&#8221;&#8221;,&#8221;url&#8221;:&#8221;&#8221;,&#8221;imageSrc&#8221;:&#8221;&#8221;}},{&#8220;timestamp&#8221;:&#8221;2026-06-18T09:18:47.010Z&#8221;,&#8221;timestampUtcIt&#8221;:&#8221;2026-06-18T11:18:47+0200&#8243;,&#8221;image&#8221;:{&#8220;imgSrc&#8221;:&#8221;https:\/\/www.europesays.com\/it\/wp-content\/uploads\/2026\/06\/bolzano_ansa.jpeg&#8221;,&#8221;imgAlt&#8221;:&#8221;Bolzano&#8221;,&#8221;imgCredits&#8221;:&#8221;\u00a9Ansa&#8221;,&#8221;imgCaption&#8221;:null},&#8221;altBackground&#8221;:true,&#8221;title&#8221;:&#8221;Nel Duomo di Bolzano accese 560 candele per i maturandi&#8221;,&#8221;content&#8221;:&#8221;<\/p>\n<p>Complessivamente 560 candele sono state accese stamattina in Duomo a Bolzano per i maturandi altoatesini che affrontano l&#8217;esame finale. Anche amici, genitori, nonni, fratelli e sorelle hanno partecipato alla prima in Alto Adige dell&#8217;iniziativa \\&#8221;Be Blessed!\\&#8221; (sii benedetto\/a), che si svolge da anni in Austria e che prevede, oltre all&#8217;accensione delle \\&#8221;candele della maturit\u00e0\\&#8221;, l&#8217;invio di messaggi di augurio e benedizione personali via whatsapp a studentesse e studenti. L&#8217;iniziativa sperimentale ha superato nettamente le aspettative degli organizzatori.<\/p>\n<p>&#8220;,&#8221;postId&#8221;:&#8221;9b8cfc08-b3cc-4370-a8ad-40fb765001a5&#8243;,&#8221;postLink&#8221;:{&#8220;title&#8221;:&#8221;&#8221;,&#8221;url&#8221;:&#8221;&#8221;,&#8221;imageSrc&#8221;:&#8221;&#8221;}},{&#8220;timestamp&#8221;:&#8221;2026-06-18T09:14:31.928Z&#8221;,&#8221;timestampUtcIt&#8221;:&#8221;2026-06-18T11:14:31+0200&#8243;,&#8221;altBackground&#8221;:false,&#8221;title&#8221;:&#8221;La giornalista tedesca Husmann: \u201cLusingata dalla scelta\\&#8221;&#8221;,&#8221;content&#8221;:&#8221;<\/p>\n<p>La giornalista Wenke Husmann \u00e8 vicecaporedattrice della sezione Famiglia del settimanale tedesco Die Zeit. A Repubblica ha descritto la sua \u201csorpresa\u201d per essere stata inclusa tra i temi della Maturit\u00e0 per un suo articolo sull\u2019incanto. Si \u00e8 detta \\&#8221;lusingata dalla scelta\\&#8221;. E ha ricrodato: \\&#8221;La meraviglia va allenata quotidianamente\\&#8221;.<\/p>\n<p>&#8220;,&#8221;postId&#8221;:&#8221;1726a9b5-7cf6-46c9-ac12-58b091807731&#8243;,&#8221;postLink&#8221;:{&#8220;title&#8221;:&#8221;&#8221;,&#8221;url&#8221;:&#8221;&#8221;,&#8221;imageSrc&#8221;:&#8221;&#8221;}},{&#8220;timestamp&#8221;:&#8221;2026-06-18T09:11:52.107Z&#8221;,&#8221;timestampUtcIt&#8221;:&#8221;2026-06-18T11:11:52+0200&#8243;,&#8221;altBackground&#8221;:false,&#8221;title&#8221;:&#8221;La figlia di Saragat: \u201cMagnifica scelta, suo discorso \u00e8 ancora attuale\u201d&#8221;,&#8221;content&#8221;:&#8221;<\/p>\n<p>\\&#8221;\u00c8 una scelta che mi fa molto piacere, direi una scelta magnifica. \u00c8 senz&#8217;altro positivo che un discorso cos\u00ec alto e importante di mio padre, pronunciato agli esordi della Repubblica, sia stato portato all&#8217;attenzione degli studenti. Il suo messaggio era importante allora e lo \u00e8 ancora oggi\\&#8221;, ha detto Ernestina Saragat, 98 anni, figlia dell&#8217;ex presidente della Repubblica Giuseppe Saragat, commentando la scelta ministeriale di proporre una traccia per l&#8217;esame di Maturit\u00e0 basata sul discorso di insediamento di Giuseppe Saragat alla Costituente.<\/p>\n<p>&#8220;,&#8221;postId&#8221;:&#8221;60e48239-c313-490b-8628-4f68fc86d357&#8243;,&#8221;postLink&#8221;:{&#8220;title&#8221;:&#8221;&#8221;,&#8221;url&#8221;:&#8221;&#8221;,&#8221;imageSrc&#8221;:&#8221;&#8221;}},{&#8220;timestamp&#8221;:&#8221;2026-06-18T09:09:30.655Z&#8221;,&#8221;timestampUtcIt&#8221;:&#8221;2026-06-18T11:09:30+0200&#8243;,&#8221;altBackground&#8221;:false,&#8221;title&#8221;:&#8221;La poesia di Pavese&#8221;,&#8221;content&#8221;:&#8221;<\/p>\n<p>Passer\u00f2 per Piazza di Spagna, la poesia di Cesare Pavese uscita nell&#8217;analisi del testo, \u00e8 dedicata all&#8217;amore non corrisposto per l&#8217;attrice Constance Dowling. Questa lirica dello scrittore e poeta \u00e8 un messaggio di educazione all&#8217;affettivit\u00e0 e al rispetto, un insegnamento al dolore che viene sublimato, all&#8217;amore non ricambiato che non si fa possesso ma \u00e8 dignitosa accettazione.<\/p>\n<p>&#8220;,&#8221;postId&#8221;:&#8221;5403a9ba-8065-4a58-90b9-d1711e5ceb9a&#8221;,&#8221;postLink&#8221;:{&#8220;title&#8221;:&#8221;&#8221;,&#8221;url&#8221;:&#8221;&#8221;,&#8221;imageSrc&#8221;:&#8221;&#8221;}},{&#8220;timestamp&#8221;:&#8221;2026-06-18T08:59:26.520Z&#8221;,&#8221;timestampUtcIt&#8221;:&#8221;2026-06-18T10:59:26+0200&#8243;,&#8221;image&#8221;:{&#8220;imgSrc&#8221;:&#8221;https:\/\/www.europesays.com\/it\/wp-content\/uploads\/2026\/06\/studenti_maturita_ansa.jpeg&#8221;,&#8221;imgAlt&#8221;:&#8221;Maturit\u00e0&#8221;,&#8221;imgCredits&#8221;:&#8221;\u00a9Ansa&#8221;,&#8221;imgCaption&#8221;:null},&#8221;altBackground&#8221;:true,&#8221;title&#8221;:&#8221;Gli studenti impegnati nella prima prova&#8221;,&#8221;content&#8221;:&#8221;<\/p>\n<p>In foto, alcuni studenti prima dell&#8217;inizio della prima prova della Maturit\u00e0 2026, con in mano i dizionari da usare durante la stesura del tema.<\/p>\n<p>&#8220;,&#8221;postId&#8221;:&#8221;b8f04a30-774b-4d4a-9a6d-0556c2e85fde&#8221;,&#8221;postLink&#8221;:{&#8220;title&#8221;:&#8221;&#8221;,&#8221;url&#8221;:&#8221;&#8221;,&#8221;imageSrc&#8221;:&#8221;&#8221;}},{&#8220;timestamp&#8221;:&#8221;2026-06-18T08:56:28.012Z&#8221;,&#8221;timestampUtcIt&#8221;:&#8221;2026-06-18T10:56:28+0200&#8243;,&#8221;altBackground&#8221;:false,&#8221;title&#8221;:&#8221;Presidi: \\&#8221;Tracce ricche tra dimensione interiore e impegno civile\\&#8221;&#8221;,&#8221;content&#8221;:&#8221;<\/p>\n<p>\\&#8221;Le tracce scelte per l&#8217;esame di maturit\u00e0 2026 restituiscono un quadro particolarmente ricco e maturo. Il dialogo che si stabilisce tra la riflessione interiore proposta da Pavese e Brancati e la dimensione civile richiamata dal discorso di insediamento di Saragat all&#8217;Assemblea Costituente invita i nostri ragazzi a interrogarsi non solo su chi sono, ma su come si costruisce una comunit\u00e0. Nella stessa direzione vanno le proposte argomentative su comunicazione, confini e identit\u00e0 e i temi di attualit\u00e0 sulla fatica e sull&#8217;incanto: tutte offrono agli studenti spunti di riflessione autentici in un tempo segnato dall&#8217;accelerazione e dalla frammentazione e chiedono loro non solo competenze ma pensiero critico e capacit\u00e0 di lettura del proprio tempo. \u00c8 un percorso che i dirigenti scolastici, insieme ai docenti, accompagnano a costruire con responsabilit\u00e0 in ogni fase dell&#8217;anno\\&#8221;. Cos\u00ec il presidente dei presidi di Anp, Antonello Giannelli, che continua.<\/p>\n<p>&#8220;,&#8221;postId&#8221;:&#8221;f3a5bb3b-7f99-4a6d-9d2b-bc9a84d4fc84&#8243;,&#8221;postLink&#8221;:{&#8220;title&#8221;:&#8221;&#8221;,&#8221;url&#8221;:&#8221;&#8221;,&#8221;imageSrc&#8221;:&#8221;&#8221;}},{&#8220;timestamp&#8221;:&#8221;2026-06-18T08:52:24.702Z&#8221;,&#8221;timestampUtcIt&#8221;:&#8221;2026-06-18T10:52:24+0200&#8243;,&#8221;altBackground&#8221;:false,&#8221;title&#8221;:&#8221;La traccia su Brancati&#8221;,&#8221;content&#8221;:&#8221;<\/p>\n<p>Gli studenti potrebbero essere rimasti sorpresi nel veder comparire, tra le due tracce di analisi del testo, il nome di Brancati, perch\u00e9 \u00e8 molto difficile che nelle scuole si arrivi a studiare le opere dello scrittore, sceneggiatore, drammaturgo, giornalista e docente di origini siciliane. Della sua opera I piaceri \u00e8 stato scelto per i maturandi il brano I piaceri della memoria in cui la riflessione sui ricordi e sulla nostalgia si traduce in un invito, per i giovani, a riscoprire l&#8217;importanza della memoria e della trasmissione dei valori. Agli studenti viene chiesto di riassumere il brano e rispondere ad una serie di domande.<\/p>\n<p>&#8220;,&#8221;postId&#8221;:&#8221;fb777a01-92d0-41d9-8a89-b7ee1c5599a9&#8243;,&#8221;postLink&#8221;:{&#8220;title&#8221;:&#8221;&#8221;,&#8221;url&#8221;:&#8221;&#8221;,&#8221;imageSrc&#8221;:&#8221;&#8221;}},{&#8220;timestamp&#8221;:&#8221;2026-06-18T08:42:29.954Z&#8221;,&#8221;timestampUtcIt&#8221;:&#8221;2026-06-18T10:42:29+0200&#8243;,&#8221;altBackground&#8221;:false,&#8221;title&#8221;:&#8221;La traccia sul discorso di Saragat&#8221;,&#8221;content&#8221;:&#8221;<\/p>\n<p>La traccia sugli 80 anni della Repubblica era molto attesa dagli studenti ed \u00e8 arrivata con la scelta del discorso di insediamento alla Costituente di Giuseppe Saragat. Gli studenti devono riassumere il contenuto del brano, rispondere ad una serie di domande ed elaborare un testo sul tema della democrazia, anche facendo riferimento alle argomentazioni sviluppate da Saragat nel suo discorso.<\/p>\n<p>&#8220;,&#8221;postId&#8221;:&#8221;fc126d4e-24be-4b5c-ab07-73f6b777311e&#8221;,&#8221;postLink&#8221;:{&#8220;title&#8221;:&#8221;&#8221;,&#8221;url&#8221;:&#8221;&#8221;,&#8221;imageSrc&#8221;:&#8221;&#8221;}},{&#8220;timestamp&#8221;:&#8221;2026-06-18T08:38:09.882Z&#8221;,&#8221;timestampUtcIt&#8221;:&#8221;2026-06-18T10:38:09+0200&#8243;,&#8221;altBackground&#8221;:false,&#8221;title&#8221;:&#8221;Le tempistiche per la prima prova&#8221;,&#8221;content&#8221;:&#8221;<\/p>\n<p>La prima prova \u00e8 iniziata intorno alle 8.30. Gli studenti hanno massimo 6 ore di tempo per consegnare il loro elaborato. Questo vuol dire che hanno tempo fino alle 14.30 circa.<\/p>\n<p>&#8220;,&#8221;postId&#8221;:&#8221;203018ee-4a64-4d78-aca6-0f1203a6e4c9&#8243;,&#8221;postLink&#8221;:{&#8220;title&#8221;:&#8221;&#8221;,&#8221;url&#8221;:&#8221;&#8221;,&#8221;imageSrc&#8221;:&#8221;&#8221;}},{&#8220;timestamp&#8221;:&#8221;2026-06-18T08:35:20.245Z&#8221;,&#8221;timestampUtcIt&#8221;:&#8221;2026-06-18T10:35:20+0200&#8243;,&#8221;altBackground&#8221;:false,&#8221;title&#8221;:&#8221;\\&#8221;Passer\u00f2 per Piazza di Spagna\\&#8221;, il testo della poesia di Pavese alla Maturit\u00e0&#8221;,&#8221;postId&#8221;:&#8221;53dca73a-c498-4f0b-9795-d85c17462169&#8243;,&#8221;postLink&#8221;:{&#8220;title&#8221;:&#8221;Maturit\u00e0, Passer\u00f2 per Piazza di Spagna: testo della poesia di Pavese&#8221;,&#8221;url&#8221;:&#8221;https:\/\/tg24.sky.it\/cronaca\/2026\/06\/18\/passero-per-piazza-di-spagna-poesia-pavese-esame-maturita-2026&#8243;,&#8221;imageSrc&#8221;:&#8221;https:\/\/tg24.sky.it\/assets\/images\/ff1d6fcfde40ba8ff45c3e2d954024e84026c061\/social-cards\/skytg24\/2026\/06\/04\/original-326ead78-5ca0-4cd7-a696-96c7bcd8c982-1.jpg?im=Resize,width=1218&#8243;}},{&#8220;timestamp&#8221;:&#8221;2026-06-18T08:25:00.359Z&#8221;,&#8221;timestampUtcIt&#8221;:&#8221;2026-06-18T10:25:00+0200&#8243;,&#8221;altBackground&#8221;:false,&#8221;title&#8221;:&#8221;Iniziativa Rete studenti: \\&#8221;Aboliamo la Maturit\u00e0\\&#8221;&#8221;,&#8221;content&#8221;:&#8221;<\/p>\n<p>Oggi davanti al Liceo Plinio Seniore di Roma la Rete degli Studenti Medi del Lazio ha organizzato un&#8217;azione contro l&#8217;esame di Maturit\u00e0. \\&#8221;Aboliamo la maturit\u00e0. Valditara bocciato\\&#8221;, questa la scritta sul cartello scelta dal sindacato studentesco. \\&#8221;Vogliamo l&#8217;abolizione di una pratica che sempre di pi\u00f9 si dimostra essere un semplice retaggio del passato piuttosto che un vero strumento educativo \u2060- spiega Bianca Piergentili, coordinatrice regionale della Rete degli Studenti Medi del Lazio &#8211; sono anni che denunciamo come l&#8217;attuale Maturit\u00e0 non risponda alle reali esigenze della comunit\u00e0 studentesca, ignorando un percorso che dura anni\\&#8221;. Per questo l&#8217;esame di Stato, secondo gli studenti, non ha pi\u00f9 senso di esistere: \\&#8221;Abbiamo bisogno di una scuola che ci formi, ci accresca e ci renda cittadini consapevoli del futuro. Oggi questo la scuola non \u00e8 in grado di farlo e, invece di mettersi in discussione rimane ferma a cent&#8217;anni fa\\&#8221;, conclude Piergentili.<\/p>\n<p>&#8220;,&#8221;postId&#8221;:&#8221;dffbc819-0796-4dc1-b45c-fa140718e7ed&#8221;,&#8221;postLink&#8221;:{&#8220;title&#8221;:&#8221;&#8221;,&#8221;url&#8221;:&#8221;&#8221;,&#8221;imageSrc&#8221;:&#8221;&#8221;}},{&#8220;timestamp&#8221;:&#8221;2026-06-18T08:11:26.968Z&#8221;,&#8221;timestampUtcIt&#8221;:&#8221;2026-06-18T10:11:26+0200&#8243;,&#8221;altBackground&#8221;:false,&#8221;title&#8221;:&#8221;Pavese tra gli autori pi\u00f9 scelti dal ministero&#8221;,&#8221;content&#8221;:&#8221;<\/p>\n<p>Cesare Pavese avanza tra gli autori pi\u00f9 scelti dal Ministero per le tracce della prima prova scritta all&#8217;esame di Maturit\u00e0. Secondo quanto emerge, oltre a quest&#8217;anno, lo scrittore e poeta era gi\u00e0 uscito altre quattro volte. Questa del 2026 sarebbe dunque la quinta. Debutto invece per Vitaliano Brancati, non risulta infatti che l&#8217;intellettuale siciliano fosse mai stato scelto per la prima prova scritta.<\/p>\n<p>&#8220;,&#8221;postId&#8221;:&#8221;cde33c27-8c0e-4107-8cec-33636bc659dd&#8221;,&#8221;postLink&#8221;:{&#8220;title&#8221;:&#8221;&#8221;,&#8221;url&#8221;:&#8221;&#8221;,&#8221;imageSrc&#8221;:&#8221;&#8221;}},{&#8220;timestamp&#8221;:&#8221;2026-06-18T08:01:05.630Z&#8221;,&#8221;timestampUtcIt&#8221;:&#8221;2026-06-18T10:01:05+0200&#8243;,&#8221;altBackground&#8221;:false,&#8221;title&#8221;:&#8221;Calabresi: \\&#8221;Mio libro nato da un incontro con gruppo di maturandi\\&#8221;&#8221;,&#8221;content&#8221;:&#8221;<\/p>\n<p>\\&#8221;Il mio libro \u00e8 nato da un incontro con un gruppo di ragazzi che dovevano sostenere la maturit\u00e0. Gli dissi: \\&#8221;Vi auguro nella vita di fare tanta fatica&#8221;. Il giornalista e scrittore Mario Calabresi, commenta cos\u00ec, a Radio24, il fatto che un brano del suo libro Alzarsi all&#8217;alba sia stato scelto tra le tracce per la prima prova della Maturit\u00e0 2026. \\&#8221;\u00c8 un libro sulla fatica, racconta storie di chi si alza all&#8217;alba, di chi non si risparmia anche fisicamente. Certo non mi sarei aspettato di finire tra i temi della maturit\u00e0\\&#8221;, ha detto Calabresi, rivelando anche che nei giorni scorsi \\&#8221;degli studenti di un liceo di Fondi mi hanno scritto perch\u00e8 la loro tesina per l&#8217;orale della maturit\u00e0 \u00e8 ispirata proprio al mio libro\\&#8221;.<\/p>\n<p>&#8220;,&#8221;postId&#8221;:&#8221;e95bde43-18e1-473b-a2f1-1e691c0ebed4&#8243;,&#8221;postLink&#8221;:{&#8220;title&#8221;:&#8221;&#8221;,&#8221;url&#8221;:&#8221;&#8221;,&#8221;imageSrc&#8221;:&#8221;&#8221;}},{&#8220;timestamp&#8221;:&#8221;2026-06-18T07:53:53.061Z&#8221;,&#8221;timestampUtcIt&#8221;:&#8221;2026-06-18T09:53:53+0200&#8243;,&#8221;altBackground&#8221;:false,&#8221;title&#8221;:&#8221;Il messaggio ai maturandi della premier Meloni&#8221;,&#8221;postId&#8221;:&#8221;c631e68c-5ec9-459b-94e0-073797f402f0&#8243;,&#8221;postLink&#8221;:{&#8220;title&#8221;:&#8221;Maturit\u00e0, Meloni: \u201cIn bocca al lupo a tutti i maturandi&#8217;&#8221;,&#8221;url&#8221;:&#8221;https:\/\/tg24.sky.it\/politica\/2026\/06\/18\/maturita-meloni-messaggio-maturandi&#8221;,&#8221;imageSrc&#8221;:&#8221;https:\/\/tg24.sky.it\/assets\/images\/4f190171fa5f3a0be67ca5a79db729272506b6da\/skytg24\/it\/politica\/2026\/06\/18\/maturita-meloni-messaggio-maturandi\/meloni_maturit.jfif?im=Resize,width=1218&#8243;}},{&#8220;timestamp&#8221;:&#8221;2026-06-18T07:45:52.543Z&#8221;,&#8221;timestampUtcIt&#8221;:&#8221;2026-06-18T09:45:52+0200&#8243;,&#8221;altBackground&#8221;:false,&#8221;title&#8221;:&#8221;Il riepilogo delle tracce della prima prova&#8221;,&#8221;content&#8221;:&#8221;<\/p>\n<p>Per la Maturit\u00e0 2026, queste le tracce del tema:\u00a0<\/p>\n<p>\\n<\/p>\n<p><strong>per la tipologia A,<\/strong> che prevede l&#8217;analisi del testo, sono stati scelti Cesare Pavese per la poesia e Vitaliano Brancati per la prosa.\u00a0<\/p>\n<p>\\n<\/p>\n<p><strong>Per la tipologia B,<\/strong> testo argomentativo, un brano del presidente Saragat, Bianucci e Freudi.\u00a0<\/p>\n<p>\\n<\/p>\n<p><strong>Per la tipologia C<\/strong>, Wenke Husmann e Mario Calabresi per il tema d&#8217;attualit\u00e0.<\/p>\n<p>&#8220;,&#8221;postId&#8221;:&#8221;6f8c6dd0-b6c3-4045-a22a-85cef4e6ff25&#8243;,&#8221;postLink&#8221;:{&#8220;title&#8221;:&#8221;&#8221;,&#8221;url&#8221;:&#8221;&#8221;,&#8221;imageSrc&#8221;:&#8221;&#8221;}},{&#8220;timestamp&#8221;:&#8221;2026-06-18T07:25:00.278Z&#8221;,&#8221;timestampUtcIt&#8221;:&#8221;2026-06-18T09:25:00+0200&#8243;,&#8221;image&#8221;:{&#8220;imgSrc&#8221;:&#8221;https:\/\/www.europesays.com\/it\/wp-content\/uploads\/2026\/06\/pupo_maturita_ansa.jpeg&#8221;,&#8221;imgAlt&#8221;:&#8221;Pupo&#8221;,&#8221;imgCredits&#8221;:&#8221;\u00a9Ansa&#8221;,&#8221;imgCaption&#8221;:null},&#8221;altBackground&#8221;:true,&#8221;title&#8221;:&#8221;Anche Pupo tra i maturandi&#8221;,&#8221;content&#8221;:&#8221;<\/p>\n<p>Anche il cantante Enzo Ghinazzi, in arte Pupo, \u00e8 impegnato nella prima prova scritta degli esami di Maturit\u00e0. Dopo aver lasciato il liceo scientifico in seconda, all\u2019et\u00e0 di 16 anni, per dedicarsi solo alla musica, Pupo ha ora deciso di tornare sui banchi di scuola e di diplomarsi presso l&#8217;Istituto Minerva di Roma.<\/p>\n<p>&#8220;,&#8221;postId&#8221;:&#8221;cd6685da-e8f8-4e51-862b-c83161e8230f&#8221;,&#8221;postLink&#8221;:{&#8220;title&#8221;:&#8221;&#8221;,&#8221;url&#8221;:&#8221;&#8221;,&#8221;imageSrc&#8221;:&#8221;&#8221;}},{&#8220;timestamp&#8221;:&#8221;2026-06-18T07:18:27.607Z&#8221;,&#8221;timestampUtcIt&#8221;:&#8221;2026-06-18T09:18:27+0200&#8243;,&#8221;altBackground&#8221;:false,&#8221;title&#8221;:&#8221;Tutte le tracce della prima prova&#8221;,&#8221;postId&#8221;:&#8221;776b6f4e-7541-4e11-a04a-8c8338746b25&#8243;,&#8221;postLink&#8221;:{&#8220;title&#8221;:&#8221;Maturit\u00e0 2026, le tracce della prima prova: da Pavese a Calabresi&#8221;,&#8221;url&#8221;:&#8221;https:\/\/tg24.sky.it\/cronaca\/2026\/06\/18\/prima-prova-maturita-2026-tracce&#8221;,&#8221;imageSrc&#8221;:&#8221;https:\/\/tg24.sky.it\/assets\/images\/6d8691e2d6c009408651cff18958d2bbf407095a\/social-cards\/skytg24\/2023\/06\/27\/original-41dbcbb2-9ab0-44e7-9269-8fd0699201fe-1.jpg?im=Resize,width=1218&#8243;}},{&#8220;timestamp&#8221;:&#8221;2026-06-18T07:04:48.799Z&#8221;,&#8221;timestampUtcIt&#8221;:&#8221;2026-06-18T09:04:48+0200&#8243;,&#8221;altBackground&#8221;:false,&#8221;title&#8221;:&#8221;Tra le tracce brano di Wenke Husmann&#8221;,&#8221;content&#8221;:&#8221;<\/p>\n<p>Uno dei due temi di attualit\u00e0 prende spunto da un articolo della giornalista Wenke Husmann: Funziona a meraviglia. L&#8217;articolo \u00e8 apparso sulla rivista Internazionale nel gennaio 2026. Agli studenti \u00e8 chiesto di fare una serie di considerazioni sulla capacit\u00e0 umana di provare meraviglia di fronte ai fenomeni della natura.<\/p>\n<p>&#8220;,&#8221;postId&#8221;:&#8221;ddb0d778-c45a-4b2a-83f0-af1edabaf273&#8243;,&#8221;postLink&#8221;:{&#8220;title&#8221;:&#8221;&#8221;,&#8221;url&#8221;:&#8221;&#8221;,&#8221;imageSrc&#8221;:&#8221;&#8221;}},{&#8220;timestamp&#8221;:&#8221;2026-06-18T06:57:35.209Z&#8221;,&#8221;timestampUtcIt&#8221;:&#8221;2026-06-18T08:57:35+0200&#8243;,&#8221;altBackground&#8221;:false,&#8221;title&#8221;:&#8221;Il testo di Brancati&#8221;,&#8221;content&#8221;:&#8221;<\/p>\n<p>Come detto, per l&#8217;analisi del testo, oltre a Pavese, \u00e8 stato scelto Brancati con I piaceri. Qui un passaggio del testo: \\&#8221;Se noi non ricordassimo, il mondo sarebbe sottilissimo, una lastra priva di spessore, sulla quale fulmineamente stampato, un perpetuo presente attirerebbe su di s\u00e9 i nostri sguardi stupiti e incantati\\&#8221;. Gli studenti devono comprendere e analizzare il testo, riassumendone il contenuto, commentandolo e rispondendo ad alcune domande. L&#8217;opera \u00e8 il diario nel quale lo scrittore ha espresso meditazioni, fantasie, nostalgie e ricordi di esperienze anche dolorose.<\/p>\n<p>&#8220;,&#8221;postId&#8221;:&#8221;096b7970-a49a-4479-93d7-8c2c353838e1&#8243;,&#8221;postLink&#8221;:{&#8220;title&#8221;:&#8221;&#8221;,&#8221;url&#8221;:&#8221;&#8221;,&#8221;imageSrc&#8221;:&#8221;&#8221;}},{&#8220;timestamp&#8221;:&#8221;2026-06-18T06:51:22.790Z&#8221;,&#8221;timestampUtcIt&#8221;:&#8221;2026-06-18T08:51:22+0200&#8243;,&#8221;altBackground&#8221;:false,&#8221;title&#8221;:&#8221;Tra le tracce un testo tratto dall\u2019Assemblea Costituente&#8221;,&#8221;content&#8221;:&#8221;<\/p>\n<p>\u00c8 stato scelto dal ministero anche un testo tratto dall\u2019Assemblea Costituente (insediamento e discorso del Presidente Giuseppe Saragat).<\/p>\n<p>&#8220;,&#8221;postId&#8221;:&#8221;e6ba8425-d3bd-461d-b11f-31298a20aa6c&#8221;,&#8221;postLink&#8221;:{&#8220;title&#8221;:&#8221;&#8221;,&#8221;url&#8221;:&#8221;&#8221;,&#8221;imageSrc&#8221;:&#8221;&#8221;}},{&#8220;timestamp&#8221;:&#8221;2026-06-18T06:50:07.911Z&#8221;,&#8221;timestampUtcIt&#8221;:&#8221;2026-06-18T08:50:07+0200&#8243;,&#8221;altBackground&#8221;:false,&#8221;title&#8221;:&#8221;Tra le tracce anche un testo di Bianucci&#8221;,&#8221;content&#8221;:&#8221;<\/p>\n<p>Anche il testo di Piero Bianucci, Te lo dico con parole tue: la scienza di scrivere per farsi capire, \u00e8 tra le tracce.<\/p>\n<p>&#8220;,&#8221;postId&#8221;:&#8221;7ed40c0d-990e-4799-a8eb-4079a20486c0&#8243;,&#8221;postLink&#8221;:{&#8220;title&#8221;:&#8221;&#8221;,&#8221;url&#8221;:&#8221;&#8221;,&#8221;imageSrc&#8221;:&#8221;&#8221;}},{&#8220;timestamp&#8221;:&#8221;2026-06-18T06:45:34.935Z&#8221;,&#8221;timestampUtcIt&#8221;:&#8221;2026-06-18T08:45:34+0200&#8243;,&#8221;altBackground&#8221;:false,&#8221;title&#8221;:&#8221;Brancati e Pavesi per l&#8217;analisi del testo&#8221;,&#8221;content&#8221;:&#8221;<\/p>\n<p>Vitaliano Brancati e Cesare Pavese sono gli autori usciti per l&#8217;analisi del testo alla Maturit\u00e0 2026. Del primo \u00e8 stato scelto un brano tratto da I piaceri, del secondo, invece, \u00e8 uscita la poesia Passer\u00f2 per piazza di Spagna.<\/p>\n<p>&#8220;,&#8221;postId&#8221;:&#8221;5c8afd87-9a43-4a45-8942-ac5d56abac68&#8243;,&#8221;postLink&#8221;:{&#8220;title&#8221;:&#8221;&#8221;,&#8221;url&#8221;:&#8221;&#8221;,&#8221;imageSrc&#8221;:&#8221;&#8221;}},{&#8220;timestamp&#8221;:&#8221;2026-06-18T06:43:43.252Z&#8221;,&#8221;timestampUtcIt&#8221;:&#8221;2026-06-18T08:43:43+0200&#8243;,&#8221;altBackground&#8221;:false,&#8221;title&#8221;:&#8221;Tra le tracce anche Frank Furedi e \\&#8221;I confini contano\\&#8221;&#8221;,&#8221;content&#8221;:&#8221;<\/p>\n<p>Tra le proposte anche un brano tratto dal testo del professor Frank Furedi, I confini contano. Perch\u00e8 l&#8217;umanit\u00e0 deve riscoprire l&#8217;arte di tracciare fontiere.<\/p>\n<p>&#8220;,&#8221;postId&#8221;:&#8221;eca9d0bc-3317-496a-b985-1e6d344a82f6&#8243;,&#8221;postLink&#8221;:{&#8220;title&#8221;:&#8221;&#8221;,&#8221;url&#8221;:&#8221;&#8221;,&#8221;imageSrc&#8221;:&#8221;&#8221;}},{&#8220;timestamp&#8221;:&#8221;2026-06-18T06:40:45.261Z&#8221;,&#8221;timestampUtcIt&#8221;:&#8221;2026-06-18T08:40:45+0200&#8243;,&#8221;altBackground&#8221;:false,&#8221;title&#8221;:&#8221;Tra le tracce proposte un testo tratto dal libro di Calabresi &#8220;,&#8221;content&#8221;:&#8221;<\/p>\n<p>Anche un brano tratto dal libro di Mario Calabresi Alzarsi all&#8217;alba \u00e8 tra le tracce proposte alla prima prova scritta degli esami di Maturit\u00e0. Qui un estratto: \\&#8221;Con lei [si riferisce alla nonna] ho parlato molto di come il Novecento fosse stato il secolo della liberazione da fatiche antiche e terribili&#8230;Restava per\u00f2 un&#8217;idea diversa della fatica, intesa come dedizione, costanza, pazienza, tenacia. La convinzione che non ci sono scorciatoie e che, se ci sono, sono un inganno\\&#8221;.<\/p>\n<p>&#8220;,&#8221;postId&#8221;:&#8221;f33e4d94-c41a-4fa4-afdd-c3c06e2cbc98&#8243;,&#8221;postLink&#8221;:{&#8220;title&#8221;:&#8221;&#8221;,&#8221;url&#8221;:&#8221;&#8221;,&#8221;imageSrc&#8221;:&#8221;&#8221;}},{&#8220;timestamp&#8221;:&#8221;2026-06-18T06:38:10.050Z&#8221;,&#8221;timestampUtcIt&#8221;:&#8221;2026-06-18T08:38:10+0200&#8243;,&#8221;altBackground&#8221;:false,&#8221;title&#8221;:&#8221;Tra le tracce nell&#8217;analisi del testo c&#8217;\u00e8 Pavese&#8221;,&#8221;content&#8221;:&#8221;<\/p>\n<p>Tra le tracce proposte dal ministero anche una su Pavese.\u00a0Passer\u00f2 per piazza di Spagna \u00e8 la poesia scelta per l\u2019analisi del testo.<\/p>\n<p>&#8220;,&#8221;postId&#8221;:&#8221;9d2c674d-7ea4-4318-8449-ed53821d3123&#8243;,&#8221;postLink&#8221;:{&#8220;title&#8221;:&#8221;&#8221;,&#8221;url&#8221;:&#8221;&#8221;,&#8221;imageSrc&#8221;:&#8221;&#8221;}},{&#8220;timestamp&#8221;:&#8221;2026-06-18T06:28:34.089Z&#8221;,&#8221;timestampUtcIt&#8221;:&#8221;2026-06-18T08:28:34+0200&#8243;,&#8221;altBackground&#8221;:false,&#8221;title&#8221;:&#8221;Attesa per l&#8217;apertura dei plichi telematici con le tracce&#8221;,&#8221;content&#8221;:&#8221;<\/p>\n<p>Tra poco sar\u00e0 possibile aprire i plichi telematici inviati dal MIM alle commissioni d&#8217;esame con le sette tracce della prima prova della Maturit\u00e0 2026.<\/p>\n<p>&#8220;,&#8221;postId&#8221;:&#8221;705fa63a-7bd8-448a-b7fb-f07fec8a184c&#8221;,&#8221;postLink&#8221;:{&#8220;title&#8221;:&#8221;&#8221;,&#8221;url&#8221;:&#8221;&#8221;,&#8221;imageSrc&#8221;:&#8221;&#8221;}},{&#8220;timestamp&#8221;:&#8221;2026-06-18T06:25:23.943Z&#8221;,&#8221;timestampUtcIt&#8221;:&#8221;2026-06-18T08:25:23+0200&#8243;,&#8221;altBackground&#8221;:false,&#8221;title&#8221;:&#8221;Il messaggio della premier Meloni&#8221;,&#8221;content&#8221;:&#8221;<\/p>\n<p>Dopo il messaggio su Skuola.net, la premier Meloni, questa mattina, ha pubblicato sui suoi canali social un video dove fa un ulteriore \\&#8221;in bocca al lupo\\&#8221; ai maturandi.<\/p>\n<p>&#8220;,&#8221;social&#8221;:{&#8220;socialType&#8221;:&#8221;twitter&#8221;,&#8221;src&#8221;:&#8221;https:\/\/twitter.com\/GiorgiaMeloni\/status\/2067472007827165342?s=20&#8243;,&#8221;cookieAllowed&#8221;:true},&#8221;postId&#8221;:&#8221;eb3884b1-82fe-4a01-ad79-23aaae96e2e6&#8243;,&#8221;postLink&#8221;:{&#8220;title&#8221;:&#8221;&#8221;,&#8221;url&#8221;:&#8221;&#8221;,&#8221;imageSrc&#8221;:&#8221;&#8221;}},{&#8220;timestamp&#8221;:&#8221;2026-06-18T06:22:00.524Z&#8221;,&#8221;timestampUtcIt&#8221;:&#8221;2026-06-18T08:22:00+0200&#8243;,&#8221;altBackground&#8221;:false,&#8221;title&#8221;:&#8221;Quanto vale la prima prova&#8221;,&#8221;content&#8221;:&#8221;<\/p>\n<p>La prima prova scritta all&#8217;esame di Maturit\u00e0 2026 vale 20 punti sul voto finale. Lo stesso vale per la seconda prova e anche per la terza, cio\u00e8 l\u2019esame orale. Per essere promossi \u00e8 necessario raggiungere una valutazione complessiva di almeno 60\/100 sommando i voti delle prove e i crediti accumulati nel corso degli anni.<\/p>\n<p>&#8220;,&#8221;postId&#8221;:&#8221;5dae1096-3772-4db4-9977-e3b11b9f2869&#8243;,&#8221;postLink&#8221;:{&#8220;title&#8221;:&#8221;&#8221;,&#8221;url&#8221;:&#8221;&#8221;,&#8221;imageSrc&#8221;:&#8221;&#8221;}},{&#8220;timestamp&#8221;:&#8221;2026-06-18T06:16:36.892Z&#8221;,&#8221;timestampUtcIt&#8221;:&#8221;2026-06-18T08:16:36+0200&#8243;,&#8221;altBackground&#8221;:false,&#8221;title&#8221;:&#8221;In attesa delle tracce dal ministero&#8221;,&#8221;content&#8221;:&#8221;<\/p>\n<p>\u00a0Alle ore 08.30 vengono aperti i plichi telematici del ministero e si conosceranno le tracce ufficiali della prima prova.\u00a0<\/p>\n<p>&#8220;,&#8221;postId&#8221;:&#8221;171257f1-2e92-48b4-979b-3d165cc4bed9&#8243;,&#8221;postLink&#8221;:{&#8220;title&#8221;:&#8221;&#8221;,&#8221;url&#8221;:&#8221;&#8221;,&#8221;imageSrc&#8221;:&#8221;&#8221;}},{&#8220;timestamp&#8221;:&#8221;2026-06-18T06:08:23.853Z&#8221;,&#8221;timestampUtcIt&#8221;:&#8221;2026-06-18T08:08:23+0200&#8243;,&#8221;altBackground&#8221;:false,&#8221;title&#8221;:&#8221;Come funziona la prima prova&#8221;,&#8221;content&#8221;:&#8221;<\/p>\n<p>Oggi, dalle 8.30, i candidati si confrontano con la prima prova, quella di italiano, uguale per tutti. Sono sei le ore a disposizione per consegnare il proprio elaborato. Le tracce vengono fornite direttamente dal ministero dell\u2019Istruzione e del Merito. Gli studenti possono scegliere liberamente tra sette opzioni, suddivise in tre tipologie: due analisi del testo (di cui uno poetico e l&#8217;altro in prosa) tre tracce di testo argomentativo e due temi di attualit\u00e0.<\/p>\n<p>&#8220;,&#8221;postId&#8221;:&#8221;f0692f6d-0b1d-4ed6-afc1-3e974073246d&#8221;,&#8221;postLink&#8221;:{&#8220;title&#8221;:&#8221;&#8221;,&#8221;url&#8221;:&#8221;&#8221;,&#8221;imageSrc&#8221;:&#8221;&#8221;}},{&#8220;timestamp&#8221;:&#8221;2026-06-18T04:40:18.502Z&#8221;,&#8221;timestampUtcIt&#8221;:&#8221;2026-06-18T06:40:18+0200&#8243;,&#8221;altBackground&#8221;:false,&#8221;social&#8221;:{&#8220;socialType&#8221;:&#8221;instagram&#8221;,&#8221;src&#8221;:&#8221;https:\/\/www.instagram.com\/p\/DZsFPBhjd_2\/?utm_source=ig_embed&amp;utm_campaign=loading&#8221;,&#8221;cookieAllowed&#8221;:true},&#8221;postId&#8221;:&#8221;237c5906-64f2-425c-bf24-1d8bf542432a&#8221;,&#8221;postLink&#8221;:{&#8220;title&#8221;:&#8221;&#8221;,&#8221;url&#8221;:&#8221;&#8221;,&#8221;imageSrc&#8221;:&#8221;&#8221;}},{&#8220;timestamp&#8221;:&#8221;2026-06-18T04:28:23.134Z&#8221;,&#8221;timestampUtcIt&#8221;:&#8221;2026-06-18T06:28:23+0200&#8243;,&#8221;altBackground&#8221;:false,&#8221;title&#8221;:&#8221;Maturit\u00e0, dai cellulari vietati alla scena muta all\u2019orale: le regole da conoscere&#8221;,&#8221;content&#8221;:&#8221;<\/p>\n<p>Cellulari da consegnare, smartwatch vietati, internet disattivato durante gli scritti e attenzione massima anche al colloquio orale. Con <a href=\"\\&quot;https:\/\/tg24.sky.it\/cronaca\/approfondimenti\/maturita\\&quot;\" target=\"\\&quot;_self\\&quot;\" data-intcmp=\"\\&quot;skytg24_liveblog_interlink_text\\&quot;\">l\u2019esame di maturit\u00e0<\/a> ormai alle porte, non contano soltanto preparazione e crediti scolastici: il rispetto delle regole pu\u00f2 incidere direttamente sull\u2019esito finale. Lo confermano le disposizioni richiamate dal ministero dell\u2019Istruzione e del Merito in una nota operativa diffusa in vista delle prove, insieme alle recenti pronunce dei giudici su cellulari, scena muta all\u2019orale e ricorsi contro le bocciature. Ecco le regole da tenere a mente.<\/p>\n<p>&#8220;,&#8221;postId&#8221;:&#8221;eafa01e7-0ec4-4997-92da-ccc69fa807c5&#8243;,&#8221;postLink&#8221;:{&#8220;title&#8221;:&#8221;Maturit\u00e0, cellulari vietati e orale obbligatorio: tutte le regole&#8221;,&#8221;url&#8221;:&#8221;https:\/\/tg24.sky.it\/cronaca\/2026\/06\/16\/maturita-2026-regole-ministero-istruzione&#8221;,&#8221;imageSrc&#8221;:&#8221;https:\/\/tg24.sky.it\/assets\/images\/886caa53a806321d789f0e1e34d184f645f5426d\/social-cards\/skytg24\/2026\/06\/12\/original-4e1603a3-a5ff-4e9b-93f2-571247603d07-3.jpg?im=Resize,width=1218&#8243;}},{&#8220;timestamp&#8221;:&#8221;2026-06-18T04:27:36.790Z&#8221;,&#8221;timestampUtcIt&#8221;:&#8221;2026-06-18T06:27:36+0200&#8243;,&#8221;altBackground&#8221;:false,&#8221;title&#8221;:&#8221;\\&#8221;Nonno\\&#8221; Orazio d\u00e0 l&#8217;esame a 78 anni: \\&#8221;Ho frequentato l&#8217;intero anno e lo consiglio a tutti\\&#8221;&#8221;,&#8221;content&#8221;:&#8221;<\/p>\n<p>\\&#8221;Stasera cena alle 8 con mia moglie, poi un po&#8217; di tv e a letto. Domani sveglia alle 5, ginnastica, un caff\u00e8 con qualche biscotto e poi a scuola per dare l&#8217;esame di maturit\u00e0\\&#8221;. Orazio Rinaldi, 78 anni, romano d&#8217;adozione ma pugliese originario di Monte Sant&#8217;Angelo, \u00e8 sicuramente uno degli studenti pi\u00f9 anziani che domani, all&#8217;Istituto superiore Calamandrei di Roma, affronter\u00e0 la prima prova scritta. \\&#8221;E sto vivendo la stessa ansia dei miei compagni 19enni &#8211; confida all&#8217;Adnkronos &#8211; tuttavia \u00e8 un&#8217;esperienza che consiglio di fare a tutti i miei coetanei che per diversi motivi non hanno mai conseguito un diploma\\&#8221;. \u00a0Tenente colonnello dell&#8217;Esercito in pensione, per 16 anni al Centro sportivo come vicepresidente vicario dell&#8217;Associazione italiana scherma, Rinaldi aveva sempre rimpianto di non avere un &#8216;pezzo di carta&#8217;. \\&#8221;Ho sempre pensato che un ufficiale non pu\u00f2 non avere la maturit\u00e0, io da militare ho studiato ma non c&#8217;era un riconoscimento civile\\&#8221;. Quindi la decisione di mettersi in gioco, e farlo con tutti i crismi.<\/p>\n<p>&#8220;,&#8221;postId&#8221;:&#8221;69fe102f-82df-4b2e-a683-b0838cba3d0a&#8221;,&#8221;postLink&#8221;:{&#8220;title&#8221;:&#8221;&#8221;,&#8221;url&#8221;:&#8221;&#8221;,&#8221;imageSrc&#8221;:&#8221;&#8221;}},{&#8220;timestamp&#8221;:&#8221;2026-06-18T04:26:08.910Z&#8221;,&#8221;timestampUtcIt&#8221;:&#8221;2026-06-18T06:26:08+0200&#8243;,&#8221;altBackground&#8221;:false,&#8221;title&#8221;:&#8221;Nuova Maturit\u00e0 al via, in archivio l&#8217;esame di Stato: ecco cosa cambia&#8221;,&#8221;content&#8221;:&#8221;<\/p>\n<p>La Maturit\u00e0 2026 cambia fisionomia, a partire dal nome &#8211; non pi\u00f9 esame di Stato ma Maturit\u00e0, appunto &#8211; e dal calendario, che si sposta in avanti di 24 ore rispetto alla tradizione. Per ottenere il diploma non baster\u00e0 pi\u00f9 affidarsi ai calcoli sui crediti: la nuova architettura delle prove richiede un ruolo attivo dello studente, punta a valutarne il grado di maturazione, autonomia e responsabilit\u00e0, e attribuisce un peso inedito al comportamento in classe<\/p>\n<p>&#8220;,&#8221;postId&#8221;:&#8221;6b6933d8-35d9-4ac0-91ac-30a4fec7c13f&#8221;,&#8221;postLink&#8221;:{&#8220;title&#8221;:&#8221;Nuova Maturit\u00e0 al via, in archivio l&#8217;esame di Stato: ecco cosa cambia&#8221;,&#8221;url&#8221;:&#8221;https:\/\/tg24.sky.it\/cronaca\/2026\/06\/08\/nuova-maturita-esame-di-stato-cosa-cambia&#8221;,&#8221;imageSrc&#8221;:&#8221;https:\/\/tg24.sky.it\/assets\/images\/156c4ff8aa46d463656f381614bf34ce472e9f33\/skytg24\/it\/cronaca\/2026\/06\/04\/commissari-esterni-maturita-2026\/maturita_esame_ansa_1.jpg?im=Resize,width=1218&#8243;}},{&#8220;timestamp&#8221;:&#8221;2026-06-18T04:25:29.782Z&#8221;,&#8221;timestampUtcIt&#8221;:&#8221;2026-06-18T06:25:29+0200&#8243;,&#8221;altBackground&#8221;:false,&#8221;title&#8221;:&#8221;La maturit\u00e0 per 527mila, Meloni: \\&#8221;Non definisce il vostro valore\\&#8221;&#8221;,&#8221;content&#8221;:&#8221;<\/p>\n<p>Si partir\u00e0 puntuali alle 8,30 con la prima prova, il tema. Le tracce sono comuni a tutti gli indirizzi di studio e sono in tutto sette, divise in tre tipologie diverse: due analisi del testo (uno poetico e l&#8217;altro in prosa), tre tracce di testo argomentativo e due temi di attualit\u00e0. E&#8217; fondamentale avere con s\u00e9 un documento d&#8217;identit\u00e0, penne e il dizionario di lingua italiana. I fogli protocollo, timbrati, verranno forniti dalla scuola. Smartphone, smartwatch, tablet e auricolari sono vietati o si rischia l&#8217;esclusione dall&#8217;esame. La premier Giorgia Meloni, ha voluto rivolgere i propri auguri agli studenti. \\&#8221;La Maturit\u00e0 \u00e8 una prova importante, certo &#8211; ha detto &#8211; ma non pu\u00f2 essere vissuta come un giudizio definitivo sul valore di una persona. Affrontate questa prova con fiducia\\&#8221;. Nel suo messaggio, Meloni riconosce il carico emotivo che accompagna questi giorni, come la fatica della preparazione, l&#8217;attesa, le aspettative, l&#8217;ansia. \\&#8221;\u00c8 normale\\&#8221;, ha assicurato. E proprio per questo, ha spiegato, ha voluto mandare loro \\&#8221;un saluto sincero e un incoraggiamento affettuoso\\&#8221;.\u00a0<\/p>\n<p>&#8220;,&#8221;postId&#8221;:&#8221;1190f06d-90f8-4fa6-8603-6c76a6166450&#8243;,&#8221;postLink&#8221;:{&#8220;title&#8221;:&#8221;&#8221;,&#8221;url&#8221;:&#8221;&#8221;,&#8221;imageSrc&#8221;:&#8221;&#8221;}}]}&#8221; query='{&#8220;configurationName&#8221;:&#8221;LIVEBLOG_CONTAINER_WIDGET&#8221;,&#8221;liveblogId&#8221;:&#8221;a03b10e3-4525-449a-95ef-04190d160049&#8243;,&#8221;tenant&#8221;:&#8221;tg24&#8243;,&#8221;limit&#8221;:800}&#8217; config='{&#8220;live&#8221;:true,&#8221;isWebView&#8221;:false,&#8221;postsPerPageMobile&#8221;:10,&#8221;postsPerPageDesktop&#8221;:10}&#8217;&gt;<\/p>\n<p>Da oggi oltre 527mila studenti affrontano l&#8217;esame di Maturit\u00e0 (<a href=\"https:\/\/tg24.sky.it\/cronaca\/2026\/06\/18\/prima-prova-maturita-2026-tracce\" data-intcmp=\"skytg24_liveblog_interlink_text\" rel=\"nofollow noopener\" target=\"_blank\"><strong>TUTTE LE TRACCE DELLA PRIMA PROVA<\/strong><\/a>). La partenza, come di consueto, \u00e8 spettata alla<strong> prova di italiano<\/strong>, con la scelta tra tra <strong>sette tracce <\/strong>fornite direttamente dal ministero dell\u2019Istruzione e del Merito. Le opzioni sono suddivise in tre tipologie: due analisi del testo (di cui uno poetico e l&#8217;altro in prosa) tre tracce di testo argomentativo e due temi di attualit\u00e0. I candidati hanno sei ore di tempo per la stesura dei loro elaborati.<\/p>\n<p>Vitaliano <strong>Brancati <\/strong>e Cesare <strong>Pavese<\/strong> sono gli autori selezionati per <strong>l&#8217;analisi del testo (tipologia A)<\/strong>. Del primo \u00e8 stato scelto un brano tratto da I piaceri, del secondo, invece, \u00e8 uscita<a href=\"https:\/\/tg24.sky.it\/cronaca\/2026\/06\/18\/passero-per-piazza-di-spagna-poesia-pavese-esame-maturita-2026\" data-intcmp=\"skytg24_liveblog_interlink_text\" rel=\"nofollow noopener\" target=\"_blank\"> la poesia Passer\u00f2 per piazza di Spagna<\/a>. Per la<strong> tipologia B,<\/strong> quella del testo argomentativo, scelti un<strong> testo tratto dall\u2019Assemblea Costituente <\/strong>(insediamento e discorso del Presidente <strong>Giuseppe Saragat<\/strong>), il testo Te lo dico con parole tue: la scienza di scrivere per farsi capire di <strong>Piero Bianucci <\/strong>e un <strong>brano di Frank Furedi<\/strong>: I confini contano: perch\u00e9 l\u2019umanit\u00e0 deve riscoprire l\u2019arte di tracciare frontiere. Per la <strong>tipologia C<\/strong>, quella di attualit\u00e0, proposto un brano tratto dal libro di <strong>Mario Calabresi <\/strong>Alzarsi all&#8217;alba. Ed \u00e8 stato scelto anche l&#8217;articolo della giornalista tedesca <strong>Wenke Husmann<\/strong> Funziona a meraviglia.<\/p>\n<p>Domani (venerd\u00ec 19 giugno) ci sar\u00e0 la seconda prova. Poi sar\u00e0 la volta degli orali. Il nuovo esame, che fa il suo debutto quest&#8217;anno, punta a verificare conoscenze, abilit\u00e0 e competenze specifiche di ogni indirizzo di studio, ma anche il grado di maturazione e di autonomia.<\/p>\n<p><strong>Per approfondire:<\/strong><\/p>\n<p><strong>Per ricevere le notizie di Sky TG24:<\/strong><\/p>\n<p>Leggi di pi\u00f9 <\/p>\n<p>meno di un minuto fa<\/p>\n<p>Meno di due ore alla fine della prima prova<\/p>\n<p>Il tempo massimo per la stesura del tema \u00e8 di 6 ore. Essendo la prima prova iniziata intorno alle 8.30, gli studenti hanno quindi tempo fin verso le 14.30 circa per consegnare il loro elaborato. Mancano meno di due ore.<\/p>\n<p>10 minuti fa<\/p>\n<p>Il post di Mario Calabresi<\/p>\n<p>Il tema di attualit\u00e0 della tipologia C \u00e8 tratto da Alzarsi all\u2019alba di Mario Calabresi ed \u00e8 incentrato sul concetto di fatica. Il giornalista e scrittore ha pubblicato su Instagram un post dedicato alla Maturit\u00e0: &#8220;Che bella emozione trovare Alzarsi all\u2019alba nelle tracce. Si chiude un cerchio perch\u00e9 \u00e8 un libro nato proprio da un dialogo con un gruppo di studenti che stavano per fare la maturit\u00e0, salutandoli gli avevo detto &#8216;in bocca al lupo&#8217;. E poi avevo aggiunto: &#8216;E vi auguro di fare fatica&#8217;&#8221;.<\/p>\n<p>13 minuti fa<\/p>\n<p>Husmann: &#8220;Mio articolo alla Maturit\u00e0? Sorpresa incredibile&#8221;<\/p>\n<p>&#8220;\u00c8 davvero una sorpresa incredibile\u201d. Cos\u00ec la giornalista tedesca Wenke Husmann ha commentato a LaPresse la scelta di un suo articolo come traccia della Maturit\u00e0 2026. Spero che gli studenti &#8220;riescano a cavarsela bene con l\u2019articolo e che l\u2019esame non sia troppo difficile&#8221;, ha aggiunto.<\/p>\n<p>27 minuti fa<\/p>\n<p>Maturit\u00e0 2026, il trend &#8220;Study with me&#8221; diventa virale con live social per non distrarsi<a href=\"https:\/\/tg24.sky.it\/tecnologia\/2026\/06\/15\/maturita-trend-tiktok-studywithme\" title=\"Maturit\u00e0 2026, il trend social #studywithme diventa virale\" class=\"lvbg-post-link\" data-intcmp=\"skytg24_liveblog_liveblog-preview_null\" data-analytics-element=\"liveblog-preview\" rel=\"nofollow noopener\" target=\"_blank\"><img alt=\"Maturit\u00e0 2026, il trend social #studywithme diventa virale\" style=\"opacity:0;transition:opacity 0.3s\" class=\"lvbg-post-link__image\"\/>Maturit\u00e0 2026, il trend social #studywithme diventa viraleVai al contenuto <\/a><\/p>\n<p>34 minuti fa<\/p>\n<p>Pupo alla Maturit\u00e0: &#8220;Qui per affrontare nuove sfide e per i miei genitori&#8221;<\/p>\n<p>&#8220;Sono qui perch\u00e8 mi spinge la voglia di nuove sfide come \u00e8 nel mio carattere, nel mio dna, mi spinge anche la voglia di fare un regalo postumo ai miei genitori che ci tenevano che mi laureassi, \u00e8 un grande stimolo anche questo. Ho raggiunto traguardi professionali e soddisfazioni e questo \u00e8 un traguardo personale che ha il sapore di una sfida che mi d\u00e0 tante motivazioni. Ho scelto Scienze Umane: \u00e8 pi\u00f9 nelle mie corde anche perch\u00e8 vorrei continuare con una laurea in Scienza delle comunicazioni poich\u00e8 si affrontano le tematiche dell&#8217;antropologia, la filosofia, la storia dell&#8217;arte, il mondo, la modernit\u00e0 la globalizzazione. Questo diploma servir\u00e0 a me stesso per aumentare autostima e fiducia&#8221;. Cos\u00ec Enzo Ghinazzi in arte Pupo, che oggi \u00e8 tra i maturandi che sta affrontando in queste ore l&#8217;esame di Stato. Dopo aver lasciato il liceo scientifico a 16 anni per dedicarsi alla musica, l&#8217;artista ha deciso di tornare sui banchi di scuola e diplomarsi presso l&#8217;Istituto Minerva di Roma.<\/p>\n<p>Leggi di pi\u00f9 <\/p>\n<p>42 minuti fa<\/p>\n<p>Anche Pupo tra gli studenti impegnati con la Maturit\u00e0<a href=\"https:\/\/tg24.sky.it\/spettacolo\/video\/2026\/06\/18\/pupo-maturita-video\" title=\"Pupo fa gli esami di maturit\u00e0 a 70 anni: &#039;Una sfida personale&#039;. VIDEO\" class=\"lvbg-post-link\" data-intcmp=\"skytg24_liveblog_liveblog-preview_null\" data-analytics-element=\"liveblog-preview\" rel=\"nofollow noopener\" target=\"_blank\"><img alt=\"Pupo fa gli esami di maturit\u00e0 a 70 anni: 'Una sfida personale'. VIDEO\" style=\"opacity:0;transition:opacity 0.3s\" class=\"lvbg-post-link__image\"\/>Pupo fa gli esami di maturit\u00e0 a 70 anni: &#8216;Una sfida personale&#8217;. VIDEOVai al contenuto <\/a><\/p>\n<p>43 minuti fa<\/p>\n<p>Frank Furedi, chi \u00e8 l&#8217;autore del saggio &#8220;I confini contano&#8221;<a href=\"https:\/\/tg24.sky.it\/cronaca\/2026\/06\/18\/frank-furedi-confini-contano-esame-maturita-2026\" title=\"Maturit\u00e0 2026, chi \u00e8 Frank Furedi: autore di &#039;I confini contano&#039;\" class=\"lvbg-post-link\" data-intcmp=\"skytg24_liveblog_liveblog-preview_null\" data-analytics-element=\"liveblog-preview\" rel=\"nofollow noopener\" target=\"_blank\"><img alt=\"Maturit\u00e0 2026, chi \u00e8 Frank Furedi: autore di 'I confini contano'\" style=\"opacity:0;transition:opacity 0.3s\" class=\"lvbg-post-link__image\"\/>Maturit\u00e0 2026, chi \u00e8 Frank Furedi: autore di &#8216;I confini contano&#8217;Vai al contenuto <\/a><\/p>\n<p>51 minuti fa<\/p>\n<p>Frank Furedi, chi \u00e8 il sociologo ungherese<\/p>\n<p>Nato nel 1948 in Ungheria da una famiglia che lasci\u00f2 il Paese dopo la rivoluzione del 1956, per trasferirsi in Canada e poi nel Regno Unito, professore emerito di Sociologia all&#8217;Universit\u00e0 del Kent, autore di una trentina di libri, studioso della sociologia della conoscenza e dell&#8217;educazione, del ruolo della paura e dell&#8217;incertezza, nonch\u00e9 delle guerre culturali nelle societ\u00e0 occidentali: Frank Furedi \u00e8 una delle sorprese della prima prova della Maturit\u00e0 2026, con un brano tratto dal saggio I confini contano. Perch\u00e9 l&#8217;umanit\u00e0 deve riscoprire l&#8217;arte di tracciare frontiere&#8217; (2021).\u00a0Si tratta di un&#8217;opera controcorrente, com&#8217;\u00e8 del resto tutta la riflessione di Furedi. In un&#8217;epoca di globalizzazione e migrazioni di massa, mentre nel dibattito pubblico si moltiplicano gli appelli ad &#8220;abbattere le frontiere&#8221;, i confini vengono ritenuti irrilevanti, discriminatori o reazionari. Oggi lo studioso \u00e8 alla guida del Mathias Corvinus Collegium, think tank conservatore vicino all&#8217;ex premier ungherese Viktor Orb\u00e1n.<\/p>\n<p><img decoding=\"async\" src=\"https:\/\/www.europesays.com\/it\/wp-content\/uploads\/2026\/06\/freudi_ansa.jpeg\" alt=\"Freudi\" loading=\"lazy\"\/><\/p>\n<p class=\"lvbg-post-image__credits-v2\">\u00a9Ansa<\/p>\n<p>55 minuti fa<\/p>\n<p>Rete studenti: &#8220;Siamo la generazione che costruisce&#8221;<\/p>\n<p>In occasione della prima prova scritta della Maturit\u00e0, la Rete degli Studenti Medi ha lanciato la mobilitazione nazionale &#8220;Generazione che costruisce&#8221;, invitando studentesse e studenti a presentarsi all&#8217;esame con una matita simbolica, &#8220;per rivendicare una scuola pi\u00f9 giusta, inclusiva e capace di valorizzare realmente i percorsi degli studenti&#8221;. La matita, spiegano i ragazzi, rappresenta la volont\u00e0 delle nuove generazioni di costruire il proprio futuro e di immaginare una scuola diversa, partendo proprio da una riflessione critica sull&#8217;attuale modello di maturit\u00e0. &#8220;Oggi migliaia di studentesse e studenti affrontano la prima prova scritta di un esame che continua a rappresentare un momento di forte pressione e stress, senza per\u00f2 riuscire a valorizzare davvero il percorso svolto durante i cinque anni di scuola secondaria di secondo grado- dichiara Angela Verdecchia, Coordinatrice Nazionale della Rete degli Studenti Medi-La maturit\u00e0 continua a essere costruita attorno a una logica prevalentemente nozionistica e mnemonica. L&#8217;attuale modello sembra sempre pi\u00f9 una maxi interrogazione composta da discipline separate, che limita le capacit\u00e0 di elaborazione critica e personale che invece la scuola dovrebbe sviluppare&#8221;.\u00a0<\/p>\n<p>Leggi di pi\u00f9 <\/p>\n<p>11:43<\/p>\n<p>In corso la prima prova<\/p>\n<p>In foto, il liceo Massimo d&#8217;Azeglio, a Torino, questa mattina, prima dell&#8217;inizio della prima prova della Maturit\u00e0. Gli studenti hanno tempo massimo 6 ore per completare il tema. Hanno quindi tempo fino alle 14.30 circa.<\/p>\n<p><img decoding=\"async\" src=\"https:\/\/www.europesays.com\/it\/wp-content\/uploads\/2026\/06\/maturit\u00e0_ansa.jpeg\" alt=\"maturit\u00e0\" loading=\"lazy\"\/><\/p>\n<p class=\"lvbg-post-image__credits-v2\">\u00a9Ansa<\/p>\n<p>11:40<\/p>\n<p>&#8220;I piaceri della memoria&#8221;: testo integrale<\/p>\n<p>&#8220;Se noi non ricordassimo, il mondo sarebbe sottilissimo, una lastra priva di spessore, sulla quale fulmineamente stampato, un perpetuo presente attirerebbe su di s\u00e9 i nostri sguardi stupiti e incantati. Ma per fortuna noi ricordiamo, e dietro al mondo cosiddetto reale, dietro al mondo che si tocca, vede, sente, odora, il quale \u00e8 veramente sottile come una lastra priva di spessore, mettiamo quello irreale, o almeno non pi\u00f9 esistente, di uno, due, mille momenti prima, e assegniamo in tal modo un volume immaginario a qualcosa che in realt\u00e0 non lo possiede. [\u2026]<br \/>\nSi possono trascorrere delle ore accanto a un vecchio taciturno purch\u00e9 di lui si sappia che ha la testa piena di bei ricordi. Dato che un nero presente ha il potere di cancellare piano piano anche i vivaci colori della memoria, e chiudere tutta una persona nel sentimento di essere stata sempre infelice, coloro che, dentro di s\u00e9, preservano i ricordi lieti, difendendoli dal pericolo di oscurarsi, corrompersi, dilavarsi, compiono un\u2019opera utile come chi non lascia spegnere il fuoco in un paese privo di fiammiferi e di pietre focaie.<br \/>\nUna delle condizioni pi\u00f9 misere delle epoche infelici, non \u00e8 di rimpiangere vanamente la felicit\u00e0, ma di averla totalmente dimenticata.<br \/>\nImmaginate che nel mondo per cento anni il cielo sia coperto di nuvole; tutti si saranno accostumati a un giorno tenebroso poco meno della notte: sar\u00e0 allora che l\u2019intera umanit\u00e0 dovr\u00e0 vegliare premurosa attorno al vecchio di centodue anni, l\u2019unico che ricordi la luce del sole. Che questo vecchio viva il pi\u00f9 a lungo possibile! Con lui vive il ricordo della luce, vivono la speranza e il desiderio di rivederla. Con lui perirebbe un bene comune.<br \/>\nIo ho l\u2019abitudine di sorvegliare continuamente la mia memoria e contare ogni sera i miei ricordi come l\u2019avaro conta i suoi marenghi, e la notte svegliarmi per paura che me ne manchi uno. Quaderni e quadernetti mi aiutano, ma non basterebbero se con cura meticolosa io non pensassi di ravvivare i ricordi pi\u00f9 deboli, e continuamente distinguere quelli che minacciano che minacciano di confondersi. [\u2026]<br \/>\nPer questo, le malattie della memoria sono fra le pi\u00f9 paurose. Quale mano di ladro pu\u00f2 essere cos\u00ec sacrilega come quella che si introduce nel pi\u00f9 interno di noi stessi per rubarci i ricordi? Tutto \u00e8 incerto e precario in questo mondo, tranne le cose che abbiamo fatte, le quali pare che ci appartengano per la vita e per la morte: e tuttavia anche queste possono non appartenerci pi\u00f9 il giorno in cui non riusciamo a ricordarle&#8221;.<\/p>\n<p>Leggi di pi\u00f9 <\/p>\n<p>11:39<\/p>\n<p>&#8220;Passer\u00f2 per piazza di Spagna&#8221;: testo integrale<\/p>\n<p>Sar\u00e0 un cielo chiaro.<\/p>\n<p>S\u2019apriranno le strade<\/p>\n<p>sul colle di pini e di pietra.<\/p>\n<p>Il tumulto delle strade<\/p>\n<p>non muter\u00e0 quell\u2019aria ferma.<\/p>\n<p>I fiori spruzzati<\/p>\n<p>di colori alle fontane<\/p>\n<p>occhieggeranno come donne<\/p>\n<p>divertite. Le scale<\/p>\n<p>le terrazze le rondini<\/p>\n<p>canteranno nel sole.<\/p>\n<p>S\u2019aprir\u00e0 quella strada,<\/p>\n<p>le pietre canteranno,<\/p>\n<p>il cuore batter\u00e0 sussultando<\/p>\n<p>come l\u2019acqua nelle fontane \u2013<\/p>\n<p>sar\u00e0 questa la voce<\/p>\n<p>che salir\u00e0 le tue scale.<\/p>\n<p>Le finestre sapranno<\/p>\n<p>l\u2019odore della pietra e dell\u2019aria<\/p>\n<p>mattutina. S\u2019aprir\u00e0 una porta.<\/p>\n<p>Il tumulto delle strade<\/p>\n<p>sar\u00e0 il tumulto del cuore<\/p>\n<p>nella luce smarrita.<\/p>\n<p>Sarai tu \u2013 ferma e chiara.<\/p>\n<p>Leggi di pi\u00f9 <\/p>\n<p>11:31<\/p>\n<p>Tutte le tracce<\/p>\n<p>Per l\u2019analisi del testo (la tipologia A) le tracce proposte sono state la poesia Passer\u00f2 per piazza di Spagna (1950) di Cesare Pavese, dalla raccolta Verr\u00e0 la morte e avr\u00e0 i tuoi occhi, e un testo tratto da I piaceri di Vitaliano Brancati.\u00a0<\/p>\n<p>Per il testo argomentativo (tipologia B) una delle tracce proposte riguarda l\u2019Assemblea costituente, a partire dal discorso di insediamento del presidente Giuseppe Saragat.\u00a0Le altre due tracce sono sul tema della comunicazione, a partire da un brano di Te lo dico con parole tue. La scienza di scrivere per farsi capire (2007)del giornalista e scrittore Piero Bianucci, e quello del concetto di confine e frontiera, con, come punto di partenza, il saggio dello studioso di origine ungherese Frank Furedi\u00a0I confini contano. Perch\u00e9 l\u2019umanit\u00e0 deve riscoprire l\u2019arte di tracciare frontiere.<\/p>\n<p>Le tracce sull\u2019argomento di attualit\u00e0 (tipologia C), invece, si focalizzano sul concetto di \u201cincanto\u201d, con un articolo della giornalista tedesca del Die Zeit Wenke Husmann, intitolato Funziona a meraviglia, esul concetto di \u201cfatica\u201d a partire dal saggio Alzarsi all\u2019alba (2025) del giornalista Mario Calabresi.<\/p>\n<p>Leggi di pi\u00f9 <\/p>\n<p>11:24<\/p>\n<p>Cardinale Ravasi: \u201cLa Maturit\u00e0 non \u00e8 soltanto un esame, ma una soglia\u201d<\/p>\n<p>\u201cLa Maturit\u00e0 non \u00e8 soltanto un esame, ma una soglia. Si chiude una stagione di volti, attese e scoperte e se ne apre un\u2019altra ancora da scrivere. Ai giovani che oggi iniziano questo cammino, l\u2019augurio di custodire la curiosit\u00e0 e non smarrire i propri sogni&#8221;. Lo scrive su X il cardinale Gianfranco Ravasi, presidente emerito del Pontificio Consiglio della Cultura.<\/p>\n<p>11:18<\/p>\n<p>Nel Duomo di Bolzano accese 560 candele per i maturandi<\/p>\n<p>Complessivamente 560 candele sono state accese stamattina in Duomo a Bolzano per i maturandi altoatesini che affrontano l&#8217;esame finale. Anche amici, genitori, nonni, fratelli e sorelle hanno partecipato alla prima in Alto Adige dell&#8217;iniziativa &#8220;Be Blessed!&#8221; (sii benedetto\/a), che si svolge da anni in Austria e che prevede, oltre all&#8217;accensione delle &#8220;candele della maturit\u00e0&#8221;, l&#8217;invio di messaggi di augurio e benedizione personali via whatsapp a studentesse e studenti. L&#8217;iniziativa sperimentale ha superato nettamente le aspettative degli organizzatori.<\/p>\n<p><img decoding=\"async\" src=\"https:\/\/www.europesays.com\/it\/wp-content\/uploads\/2026\/06\/bolzano_ansa.jpeg\" alt=\"Bolzano\" loading=\"lazy\"\/><\/p>\n<p class=\"lvbg-post-image__credits-v2\">\u00a9Ansa<\/p>\n<p>11:14<\/p>\n<p>La giornalista tedesca Husmann: \u201cLusingata dalla scelta&#8221;<\/p>\n<p>La giornalista Wenke Husmann \u00e8 vicecaporedattrice della sezione Famiglia del settimanale tedesco Die Zeit. A Repubblica ha descritto la sua \u201csorpresa\u201d per essere stata inclusa tra i temi della Maturit\u00e0 per un suo articolo sull\u2019incanto. Si \u00e8 detta &#8220;lusingata dalla scelta&#8221;. E ha ricrodato: &#8220;La meraviglia va allenata quotidianamente&#8221;.<\/p>\n<p>11:11<\/p>\n<p>La figlia di Saragat: \u201cMagnifica scelta, suo discorso \u00e8 ancora attuale\u201d<\/p>\n<p>&#8220;\u00c8 una scelta che mi fa molto piacere, direi una scelta magnifica. \u00c8 senz&#8217;altro positivo che un discorso cos\u00ec alto e importante di mio padre, pronunciato agli esordi della Repubblica, sia stato portato all&#8217;attenzione degli studenti. Il suo messaggio era importante allora e lo \u00e8 ancora oggi&#8221;, ha detto Ernestina Saragat, 98 anni, figlia dell&#8217;ex presidente della Repubblica Giuseppe Saragat, commentando la scelta ministeriale di proporre una traccia per l&#8217;esame di Maturit\u00e0 basata sul discorso di insediamento di Giuseppe Saragat alla Costituente.<\/p>\n<p>Leggi di pi\u00f9 <\/p>\n<p>11:09<\/p>\n<p>La poesia di Pavese<\/p>\n<p>Passer\u00f2 per Piazza di Spagna, la poesia di Cesare Pavese uscita nell&#8217;analisi del testo, \u00e8 dedicata all&#8217;amore non corrisposto per l&#8217;attrice Constance Dowling. Questa lirica dello scrittore e poeta \u00e8 un messaggio di educazione all&#8217;affettivit\u00e0 e al rispetto, un insegnamento al dolore che viene sublimato, all&#8217;amore non ricambiato che non si fa possesso ma \u00e8 dignitosa accettazione.<\/p>\n<p>10:59<\/p>\n<p>Gli studenti impegnati nella prima prova<\/p>\n<p>In foto, alcuni studenti prima dell&#8217;inizio della prima prova della Maturit\u00e0 2026, con in mano i dizionari da usare durante la stesura del tema.<\/p>\n<p><img decoding=\"async\" src=\"https:\/\/www.europesays.com\/it\/wp-content\/uploads\/2026\/06\/studenti_maturita_ansa.jpeg\" alt=\"Maturit\u00e0\" loading=\"lazy\"\/><\/p>\n<p class=\"lvbg-post-image__credits-v2\">\u00a9Ansa<\/p>\n<p>10:56<\/p>\n<p>Presidi: &#8220;Tracce ricche tra dimensione interiore e impegno civile&#8221;<\/p>\n<p>&#8220;Le tracce scelte per l&#8217;esame di maturit\u00e0 2026 restituiscono un quadro particolarmente ricco e maturo. Il dialogo che si stabilisce tra la riflessione interiore proposta da Pavese e Brancati e la dimensione civile richiamata dal discorso di insediamento di Saragat all&#8217;Assemblea Costituente invita i nostri ragazzi a interrogarsi non solo su chi sono, ma su come si costruisce una comunit\u00e0. Nella stessa direzione vanno le proposte argomentative su comunicazione, confini e identit\u00e0 e i temi di attualit\u00e0 sulla fatica e sull&#8217;incanto: tutte offrono agli studenti spunti di riflessione autentici in un tempo segnato dall&#8217;accelerazione e dalla frammentazione e chiedono loro non solo competenze ma pensiero critico e capacit\u00e0 di lettura del proprio tempo. \u00c8 un percorso che i dirigenti scolastici, insieme ai docenti, accompagnano a costruire con responsabilit\u00e0 in ogni fase dell&#8217;anno&#8221;. Cos\u00ec il presidente dei presidi di Anp, Antonello Giannelli, che continua.<\/p>\n<p>Leggi di pi\u00f9 <\/p>\n<p>10:52<\/p>\n<p>La traccia su Brancati<\/p>\n<p>Gli studenti potrebbero essere rimasti sorpresi nel veder comparire, tra le due tracce di analisi del testo, il nome di Brancati, perch\u00e9 \u00e8 molto difficile che nelle scuole si arrivi a studiare le opere dello scrittore, sceneggiatore, drammaturgo, giornalista e docente di origini siciliane. Della sua opera I piaceri \u00e8 stato scelto per i maturandi il brano I piaceri della memoria in cui la riflessione sui ricordi e sulla nostalgia si traduce in un invito, per i giovani, a riscoprire l&#8217;importanza della memoria e della trasmissione dei valori. Agli studenti viene chiesto di riassumere il brano e rispondere ad una serie di domande.<\/p>\n<p>Leggi di pi\u00f9 <\/p>\n<p>10:42<\/p>\n<p>La traccia sul discorso di Saragat<\/p>\n<p>La traccia sugli 80 anni della Repubblica era molto attesa dagli studenti ed \u00e8 arrivata con la scelta del discorso di insediamento alla Costituente di Giuseppe Saragat. Gli studenti devono riassumere il contenuto del brano, rispondere ad una serie di domande ed elaborare un testo sul tema della democrazia, anche facendo riferimento alle argomentazioni sviluppate da Saragat nel suo discorso.<\/p>\n<p>10:38<\/p>\n<p>Le tempistiche per la prima prova<\/p>\n<p>La prima prova \u00e8 iniziata intorno alle 8.30. Gli studenti hanno massimo 6 ore di tempo per consegnare il loro elaborato. Questo vuol dire che hanno tempo fino alle 14.30 circa.<\/p>\n<p>10:35<\/p>\n<p>&#8220;Passer\u00f2 per Piazza di Spagna&#8221;, il testo della poesia di Pavese alla Maturit\u00e0<a href=\"https:\/\/tg24.sky.it\/cronaca\/2026\/06\/18\/passero-per-piazza-di-spagna-poesia-pavese-esame-maturita-2026\" title=\"Maturit\u00e0, Passer\u00f2 per Piazza di Spagna: testo della poesia di Pavese\" class=\"lvbg-post-link\" data-intcmp=\"skytg24_liveblog_liveblog-preview_null\" data-analytics-element=\"liveblog-preview\" rel=\"nofollow noopener\" target=\"_blank\"><img alt=\"Maturit\u00e0, Passer\u00f2 per Piazza di Spagna: testo della poesia di Pavese\" style=\"opacity:0;transition:opacity 0.3s\" class=\"lvbg-post-link__image\"\/>Maturit\u00e0, Passer\u00f2 per Piazza di Spagna: testo della poesia di PaveseVai al contenuto <\/a><\/p>\n<p>10:25<\/p>\n<p>Iniziativa Rete studenti: &#8220;Aboliamo la Maturit\u00e0&#8221;<\/p>\n<p>Oggi davanti al Liceo Plinio Seniore di Roma la Rete degli Studenti Medi del Lazio ha organizzato un&#8217;azione contro l&#8217;esame di Maturit\u00e0. &#8220;Aboliamo la maturit\u00e0. Valditara bocciato&#8221;, questa la scritta sul cartello scelta dal sindacato studentesco. &#8220;Vogliamo l&#8217;abolizione di una pratica che sempre di pi\u00f9 si dimostra essere un semplice retaggio del passato piuttosto che un vero strumento educativo \u2060- spiega Bianca Piergentili, coordinatrice regionale della Rete degli Studenti Medi del Lazio &#8211; sono anni che denunciamo come l&#8217;attuale Maturit\u00e0 non risponda alle reali esigenze della comunit\u00e0 studentesca, ignorando un percorso che dura anni&#8221;. Per questo l&#8217;esame di Stato, secondo gli studenti, non ha pi\u00f9 senso di esistere: &#8220;Abbiamo bisogno di una scuola che ci formi, ci accresca e ci renda cittadini consapevoli del futuro. Oggi questo la scuola non \u00e8 in grado di farlo e, invece di mettersi in discussione rimane ferma a cent&#8217;anni fa&#8221;, conclude Piergentili.<\/p>\n<p>Leggi di pi\u00f9 <\/p>\n<p>10:11<\/p>\n<p>Pavese tra gli autori pi\u00f9 scelti dal ministero<\/p>\n<p>Cesare Pavese avanza tra gli autori pi\u00f9 scelti dal Ministero per le tracce della prima prova scritta all&#8217;esame di Maturit\u00e0. Secondo quanto emerge, oltre a quest&#8217;anno, lo scrittore e poeta era gi\u00e0 uscito altre quattro volte. Questa del 2026 sarebbe dunque la quinta. Debutto invece per Vitaliano Brancati, non risulta infatti che l&#8217;intellettuale siciliano fosse mai stato scelto per la prima prova scritta.<\/p>\n<p>10:01<\/p>\n<p>Calabresi: &#8220;Mio libro nato da un incontro con gruppo di maturandi&#8221;<\/p>\n<p>&#8220;Il mio libro \u00e8 nato da un incontro con un gruppo di ragazzi che dovevano sostenere la maturit\u00e0. Gli dissi: &#8220;Vi auguro nella vita di fare tanta fatica&#8221;. Il giornalista e scrittore Mario Calabresi, commenta cos\u00ec, a Radio24, il fatto che un brano del suo libro Alzarsi all&#8217;alba sia stato scelto tra le tracce per la prima prova della Maturit\u00e0 2026. &#8220;\u00c8 un libro sulla fatica, racconta storie di chi si alza all&#8217;alba, di chi non si risparmia anche fisicamente. Certo non mi sarei aspettato di finire tra i temi della maturit\u00e0&#8221;, ha detto Calabresi, rivelando anche che nei giorni scorsi &#8220;degli studenti di un liceo di Fondi mi hanno scritto perch\u00e8 la loro tesina per l&#8217;orale della maturit\u00e0 \u00e8 ispirata proprio al mio libro&#8221;.<\/p>\n<p>Leggi di pi\u00f9 <\/p>\n<p>09:53<\/p>\n<p>Il messaggio ai maturandi della premier Meloni<a href=\"https:\/\/tg24.sky.it\/politica\/2026\/06\/18\/maturita-meloni-messaggio-maturandi\" title=\"Maturit\u00e0, Meloni: \u201cIn bocca al lupo a tutti i maturandi&#039;\" class=\"lvbg-post-link\" data-intcmp=\"skytg24_liveblog_liveblog-preview_null\" data-analytics-element=\"liveblog-preview\" rel=\"nofollow noopener\" target=\"_blank\"><img alt=\"Maturit\u00e0, Meloni: \u201cIn bocca al lupo a tutti i maturandi'\" style=\"opacity:0;transition:opacity 0.3s\" class=\"lvbg-post-link__image\"\/>Maturit\u00e0, Meloni: \u201cIn bocca al lupo a tutti i maturandi&#8217;Vai al contenuto <\/a><\/p>\n<p>09:45<\/p>\n<p>Il riepilogo delle tracce della prima prova<\/p>\n<p>Per la Maturit\u00e0 2026, queste le tracce del tema:\u00a0<\/p>\n<p><strong>per la tipologia A,<\/strong> che prevede l&#8217;analisi del testo, sono stati scelti Cesare Pavese per la poesia e Vitaliano Brancati per la prosa.\u00a0<\/p>\n<p><strong>Per la tipologia B,<\/strong> testo argomentativo, un brano del presidente Saragat, Bianucci e Freudi.\u00a0<\/p>\n<p><strong>Per la tipologia C<\/strong>, Wenke Husmann e Mario Calabresi per il tema d&#8217;attualit\u00e0.<\/p>\n<p>09:25<\/p>\n<p>Anche Pupo tra i maturandi<\/p>\n<p>Anche il cantante Enzo Ghinazzi, in arte Pupo, \u00e8 impegnato nella prima prova scritta degli esami di Maturit\u00e0. Dopo aver lasciato il liceo scientifico in seconda, all\u2019et\u00e0 di 16 anni, per dedicarsi solo alla musica, Pupo ha ora deciso di tornare sui banchi di scuola e di diplomarsi presso l&#8217;Istituto Minerva di Roma.<\/p>\n<p><img decoding=\"async\" src=\"https:\/\/www.europesays.com\/it\/wp-content\/uploads\/2026\/06\/pupo_maturita_ansa.jpeg\" alt=\"Pupo\" loading=\"lazy\"\/><\/p>\n<p class=\"lvbg-post-image__credits-v2\">\u00a9Ansa<\/p>\n<p>09:18<\/p>\n<p>Tutte le tracce della prima prova<a href=\"https:\/\/tg24.sky.it\/cronaca\/2026\/06\/18\/prima-prova-maturita-2026-tracce\" title=\"Maturit\u00e0 2026, le tracce della prima prova: da Pavese a Calabresi\" class=\"lvbg-post-link\" data-intcmp=\"skytg24_liveblog_liveblog-preview_null\" data-analytics-element=\"liveblog-preview\" rel=\"nofollow noopener\" target=\"_blank\"><img alt=\"Maturit\u00e0 2026, le tracce della prima prova: da Pavese a Calabresi\" style=\"opacity:0;transition:opacity 0.3s\" class=\"lvbg-post-link__image\"\/>Maturit\u00e0 2026, le tracce della prima prova: da Pavese a CalabresiVai al contenuto <\/a><\/p>\n<p>09:04<\/p>\n<p>Tra le tracce brano di Wenke Husmann<\/p>\n<p>Uno dei due temi di attualit\u00e0 prende spunto da un articolo della giornalista Wenke Husmann: Funziona a meraviglia. L&#8217;articolo \u00e8 apparso sulla rivista Internazionale nel gennaio 2026. Agli studenti \u00e8 chiesto di fare una serie di considerazioni sulla capacit\u00e0 umana di provare meraviglia di fronte ai fenomeni della natura.<\/p>\n<p>08:57<\/p>\n<p>Il testo di Brancati<\/p>\n<p>Come detto, per l&#8217;analisi del testo, oltre a Pavese, \u00e8 stato scelto Brancati con I piaceri. Qui un passaggio del testo: &#8220;Se noi non ricordassimo, il mondo sarebbe sottilissimo, una lastra priva di spessore, sulla quale fulmineamente stampato, un perpetuo presente attirerebbe su di s\u00e9 i nostri sguardi stupiti e incantati&#8221;. Gli studenti devono comprendere e analizzare il testo, riassumendone il contenuto, commentandolo e rispondendo ad alcune domande. L&#8217;opera \u00e8 il diario nel quale lo scrittore ha espresso meditazioni, fantasie, nostalgie e ricordi di esperienze anche dolorose.<\/p>\n<p>Leggi di pi\u00f9 <\/p>\n<p>08:51<\/p>\n<p>Tra le tracce un testo tratto dall\u2019Assemblea Costituente<\/p>\n<p>\u00c8 stato scelto dal ministero anche un testo tratto dall\u2019Assemblea Costituente (insediamento e discorso del Presidente Giuseppe Saragat).<\/p>\n<p>08:50<\/p>\n<p>Tra le tracce anche un testo di Bianucci<\/p>\n<p>Anche il testo di Piero Bianucci, Te lo dico con parole tue: la scienza di scrivere per farsi capire, \u00e8 tra le tracce.<\/p>\n<p>08:45<\/p>\n<p>Brancati e Pavesi per l&#8217;analisi del testo<\/p>\n<p>Vitaliano Brancati e Cesare Pavese sono gli autori usciti per l&#8217;analisi del testo alla Maturit\u00e0 2026. Del primo \u00e8 stato scelto un brano tratto da I piaceri, del secondo, invece, \u00e8 uscita la poesia Passer\u00f2 per piazza di Spagna.<\/p>\n<p>08:43<\/p>\n<p>Tra le tracce anche Frank Furedi e &#8220;I confini contano&#8221;<\/p>\n<p>Tra le proposte anche un brano tratto dal testo del professor Frank Furedi, I confini contano. Perch\u00e8 l&#8217;umanit\u00e0 deve riscoprire l&#8217;arte di tracciare fontiere.<\/p>\n<p>08:40<\/p>\n<p>Tra le tracce proposte un testo tratto dal libro di Calabresi <\/p>\n<p>Anche un brano tratto dal libro di Mario Calabresi Alzarsi all&#8217;alba \u00e8 tra le tracce proposte alla prima prova scritta degli esami di Maturit\u00e0. Qui un estratto: &#8220;Con lei [si riferisce alla nonna] ho parlato molto di come il Novecento fosse stato il secolo della liberazione da fatiche antiche e terribili&#8230;Restava per\u00f2 un&#8217;idea diversa della fatica, intesa come dedizione, costanza, pazienza, tenacia. La convinzione che non ci sono scorciatoie e che, se ci sono, sono un inganno&#8221;.<\/p>\n<p>08:38<\/p>\n<p>Tra le tracce nell&#8217;analisi del testo c&#8217;\u00e8 Pavese<\/p>\n<p>Tra le tracce proposte dal ministero anche una su Pavese.\u00a0Passer\u00f2 per piazza di Spagna \u00e8 la poesia scelta per l\u2019analisi del testo.<\/p>\n<p>08:28<\/p>\n<p>Attesa per l&#8217;apertura dei plichi telematici con le tracce<\/p>\n<p>Tra poco sar\u00e0 possibile aprire i plichi telematici inviati dal MIM alle commissioni d&#8217;esame con le sette tracce della prima prova della Maturit\u00e0 2026.<\/p>\n<p>08:25<\/p>\n<p>Il messaggio della premier Meloni<\/p>\n<p>Dopo il messaggio su Skuola.net, la premier Meloni, questa mattina, ha pubblicato sui suoi canali social un video dove fa un ulteriore &#8220;in bocca al lupo&#8221; ai maturandi.<\/p>\n<p>08:22<\/p>\n<p>Quanto vale la prima prova<\/p>\n<p>La prima prova scritta all&#8217;esame di Maturit\u00e0 2026 vale 20 punti sul voto finale. Lo stesso vale per la seconda prova e anche per la terza, cio\u00e8 l\u2019esame orale. Per essere promossi \u00e8 necessario raggiungere una valutazione complessiva di almeno 60\/100 sommando i voti delle prove e i crediti accumulati nel corso degli anni.<\/p>\n<p>08:16<\/p>\n<p>In attesa delle tracce dal ministero<\/p>\n<p>\u00a0Alle ore 08.30 vengono aperti i plichi telematici del ministero e si conosceranno le tracce ufficiali della prima prova.\u00a0<\/p>\n<p>08:08<\/p>\n<p>Come funziona la prima prova<\/p>\n<p>Oggi, dalle 8.30, i candidati si confrontano con la prima prova, quella di italiano, uguale per tutti. Sono sei le ore a disposizione per consegnare il proprio elaborato. Le tracce vengono fornite direttamente dal ministero dell\u2019Istruzione e del Merito. Gli studenti possono scegliere liberamente tra sette opzioni, suddivise in tre tipologie: due analisi del testo (di cui uno poetico e l&#8217;altro in prosa) tre tracce di testo argomentativo e due temi di attualit\u00e0.<\/p>\n<p>06:28<\/p>\n<p>Maturit\u00e0, dai cellulari vietati alla scena muta all\u2019orale: le regole da conoscere<\/p>\n<p>Cellulari da consegnare, smartwatch vietati, internet disattivato durante gli scritti e attenzione massima anche al colloquio orale. Con <a href=\"https:\/\/tg24.sky.it\/cronaca\/approfondimenti\/maturita\" target=\"_self\" data-intcmp=\"skytg24_liveblog_interlink_text\" rel=\"nofollow noopener\">l\u2019esame di maturit\u00e0<\/a> ormai alle porte, non contano soltanto preparazione e crediti scolastici: il rispetto delle regole pu\u00f2 incidere direttamente sull\u2019esito finale. Lo confermano le disposizioni richiamate dal ministero dell\u2019Istruzione e del Merito in una nota operativa diffusa in vista delle prove, insieme alle recenti pronunce dei giudici su cellulari, scena muta all\u2019orale e ricorsi contro le bocciature. Ecco le regole da tenere a mente.<\/p>\n<p><a href=\"https:\/\/tg24.sky.it\/cronaca\/2026\/06\/16\/maturita-2026-regole-ministero-istruzione\" title=\"Maturit\u00e0, cellulari vietati e orale obbligatorio: tutte le regole\" class=\"lvbg-post-link\" data-intcmp=\"skytg24_liveblog_liveblog-preview_null\" data-analytics-element=\"liveblog-preview\" rel=\"nofollow noopener\" target=\"_blank\"><img alt=\"Maturit\u00e0, cellulari vietati e orale obbligatorio: tutte le regole\" style=\"opacity:0;transition:opacity 0.3s\" class=\"lvbg-post-link__image\"\/>Maturit\u00e0, cellulari vietati e orale obbligatorio: tutte le regoleVai al contenuto <\/a><\/p>\n<p>06:27<\/p>\n<p>&#8220;Nonno&#8221; Orazio d\u00e0 l&#8217;esame a 78 anni: &#8220;Ho frequentato l&#8217;intero anno e lo consiglio a tutti&#8221;<\/p>\n<p>&#8220;Stasera cena alle 8 con mia moglie, poi un po&#8217; di tv e a letto. Domani sveglia alle 5, ginnastica, un caff\u00e8 con qualche biscotto e poi a scuola per dare l&#8217;esame di maturit\u00e0&#8221;. Orazio Rinaldi, 78 anni, romano d&#8217;adozione ma pugliese originario di Monte Sant&#8217;Angelo, \u00e8 sicuramente uno degli studenti pi\u00f9 anziani che domani, all&#8217;Istituto superiore Calamandrei di Roma, affronter\u00e0 la prima prova scritta. &#8220;E sto vivendo la stessa ansia dei miei compagni 19enni &#8211; confida all&#8217;Adnkronos &#8211; tuttavia \u00e8 un&#8217;esperienza che consiglio di fare a tutti i miei coetanei che per diversi motivi non hanno mai conseguito un diploma&#8221;. \u00a0Tenente colonnello dell&#8217;Esercito in pensione, per 16 anni al Centro sportivo come vicepresidente vicario dell&#8217;Associazione italiana scherma, Rinaldi aveva sempre rimpianto di non avere un &#8216;pezzo di carta&#8217;. &#8220;Ho sempre pensato che un ufficiale non pu\u00f2 non avere la maturit\u00e0, io da militare ho studiato ma non c&#8217;era un riconoscimento civile&#8221;. Quindi la decisione di mettersi in gioco, e farlo con tutti i crismi.<\/p>\n<p>Leggi di pi\u00f9 <\/p>\n<p>06:26<\/p>\n<p>Nuova Maturit\u00e0 al via, in archivio l&#8217;esame di Stato: ecco cosa cambia<\/p>\n<p>La Maturit\u00e0 2026 cambia fisionomia, a partire dal nome &#8211; non pi\u00f9 esame di Stato ma Maturit\u00e0, appunto &#8211; e dal calendario, che si sposta in avanti di 24 ore rispetto alla tradizione. Per ottenere il diploma non baster\u00e0 pi\u00f9 affidarsi ai calcoli sui crediti: la nuova architettura delle prove richiede un ruolo attivo dello studente, punta a valutarne il grado di maturazione, autonomia e responsabilit\u00e0, e attribuisce un peso inedito al comportamento in classe<\/p>\n<p><a href=\"https:\/\/tg24.sky.it\/cronaca\/2026\/06\/08\/nuova-maturita-esame-di-stato-cosa-cambia\" title=\"Nuova Maturit\u00e0 al via, in archivio l&#039;esame di Stato: ecco cosa cambia\" class=\"lvbg-post-link\" data-intcmp=\"skytg24_liveblog_liveblog-preview_null\" data-analytics-element=\"liveblog-preview\" rel=\"nofollow noopener\" target=\"_blank\"><img alt=\"Nuova Maturit\u00e0 al via, in archivio l'esame di Stato: ecco cosa cambia\" style=\"opacity:0;transition:opacity 0.3s\" class=\"lvbg-post-link__image\"\/>Nuova Maturit\u00e0 al via, in archivio l&#8217;esame di Stato: ecco cosa cambiaVai al contenuto <\/a><\/p>\n<p>06:25<\/p>\n<p>La maturit\u00e0 per 527mila, Meloni: &#8220;Non definisce il vostro valore&#8221;<\/p>\n<p>Si partir\u00e0 puntuali alle 8,30 con la prima prova, il tema. Le tracce sono comuni a tutti gli indirizzi di studio e sono in tutto sette, divise in tre tipologie diverse: due analisi del testo (uno poetico e l&#8217;altro in prosa), tre tracce di testo argomentativo e due temi di attualit\u00e0. E&#8217; fondamentale avere con s\u00e9 un documento d&#8217;identit\u00e0, penne e il dizionario di lingua italiana. I fogli protocollo, timbrati, verranno forniti dalla scuola. Smartphone, smartwatch, tablet e auricolari sono vietati o si rischia l&#8217;esclusione dall&#8217;esame. La premier Giorgia Meloni, ha voluto rivolgere i propri auguri agli studenti. &#8220;La Maturit\u00e0 \u00e8 una prova importante, certo &#8211; ha detto &#8211; ma non pu\u00f2 essere vissuta come un giudizio definitivo sul valore di una persona. Affrontate questa prova con fiducia&#8221;. Nel suo messaggio, Meloni riconosce il carico emotivo che accompagna questi giorni, come la fatica della preparazione, l&#8217;attesa, le aspettative, l&#8217;ansia. &#8220;\u00c8 normale&#8221;, ha assicurato. E proprio per questo, ha spiegato, ha voluto mandare loro &#8220;un saluto sincero e un incoraggiamento affettuoso&#8221;.\u00a0<\/p>\n<p>Leggi di pi\u00f9<br \/>\n      <script async src=\"https:\/\/platform.twitter.com\/widgets.js\" charset=\"utf-8\"><\/script><script async src=\"\/\/www.instagram.com\/embed.js\"><\/script><\/p>\n","protected":false},"excerpt":{"rendered":"Da oggi oltre 527mila studenti affrontano l&#8217;esame di Maturit\u00e0 (TUTTE LE TRACCE DELLA PRIMA PROVA). La partenza, come&hellip;\n","protected":false},"author":3,"featured_media":544721,"comment_status":"","ping_status":"","sticky":false,"template":"","format":"standard","meta":{"footnotes":"","_share_on_mastodon":"0"},"categories":[79],"tags":[14,93,94,369,6104,1537,90,89,3998,7,15,2061,11,84,91,12,85,92],"class_list":["post-544720","post","type-post","status-publish","format-standard","has-post-thumbnail","category-italia","tag-cronaca","tag-cronaca-italiana","tag-cronacaitaliana","tag-digitall","tag-esami","tag-it","tag-italia","tag-italy","tag-maturita","tag-news","tag-notizie","tag-scuola","tag-ultime-notizie","tag-ultime-notizie-e-news-di-oggi","tag-ultime-notizie-italia","tag-ultimenotizie","tag-ultimenotizieenewsdioggi","tag-ultimenotizieitalia"],"share_on_mastodon":{"url":"https:\/\/pubeurope.com\/@it\/116770726295207105","error":""},"_links":{"self":[{"href":"https:\/\/www.europesays.com\/it\/wp-json\/wp\/v2\/posts\/544720","targetHints":{"allow":["GET"]}}],"collection":[{"href":"https:\/\/www.europesays.com\/it\/wp-json\/wp\/v2\/posts"}],"about":[{"href":"https:\/\/www.europesays.com\/it\/wp-json\/wp\/v2\/types\/post"}],"author":[{"embeddable":true,"href":"https:\/\/www.europesays.com\/it\/wp-json\/wp\/v2\/users\/3"}],"replies":[{"embeddable":true,"href":"https:\/\/www.europesays.com\/it\/wp-json\/wp\/v2\/comments?post=544720"}],"version-history":[{"count":0,"href":"https:\/\/www.europesays.com\/it\/wp-json\/wp\/v2\/posts\/544720\/revisions"}],"wp:featuredmedia":[{"embeddable":true,"href":"https:\/\/www.europesays.com\/it\/wp-json\/wp\/v2\/media\/544721"}],"wp:attachment":[{"href":"https:\/\/www.europesays.com\/it\/wp-json\/wp\/v2\/media?parent=544720"}],"wp:term":[{"taxonomy":"category","embeddable":true,"href":"https:\/\/www.europesays.com\/it\/wp-json\/wp\/v2\/categories?post=544720"},{"taxonomy":"post_tag","embeddable":true,"href":"https:\/\/www.europesays.com\/it\/wp-json\/wp\/v2\/tags?post=544720"}],"curies":[{"name":"wp","href":"https:\/\/api.w.org\/{rel}","templated":true}]}}