{"id":544764,"date":"2026-06-18T11:30:14","date_gmt":"2026-06-18T11:30:14","guid":{"rendered":"https:\/\/www.europesays.com\/it\/544764\/"},"modified":"2026-06-18T11:30:14","modified_gmt":"2026-06-18T11:30:14","slug":"ronaldo-critiche-in-portogallo-il-quotidiano-record-gli-da-addirittura-2-in-pagella","status":"publish","type":"post","link":"https:\/\/www.europesays.com\/it\/544764\/","title":{"rendered":"Ronaldo, critiche in Portogallo. Il quotidiano Record gli d\u00e0 addirittura 2 in pagella"},"content":{"rendered":"<p>                                Il fuoriclasse della nazionale di Martinez \u00e8 stato al centro delle polemiche dopo il pareggio contro la Repubblica Democratica del Congo: &#8220;Cristiano passeggia&#8221;, scrivono in patria. &#8220;Vuole solo segnare&#8221;, punge Henry. E sui social ci si scatena tra meme e video<\/p>\n<p class=\"paragraph\" spellcheck=\"true\">Ronaldo ciondola in campo. Non incide, delude, non calcia mai verso la porta. E in Portogallo non lo perdonano.\u00a0Record\u00a0titola \u201cCos\u00ec non funziona\u201d. A Bola gli fa da eco. E Cristiano finisce, ovviamente sul banco degli imputati. In prima fila.\u00a0Record gli d\u00e0 addirittura 2 in pagella (su cinque). Il quotidiano A Bola rincara la dose anche per quanto riguarda l\u2019atteggiamento nel post-partita: \u201c\u00c8 stato uno dei primi a lasciare il campo e non ha partecipato al giro d\u2019onore compiuto dagli altri compagni di squadra\u201d. Stoccata.<\/p>\n<p>    critiche\u2014 \u00a0<\/p>\n<p class=\"paragraph is-inline\" spellcheck=\"true\">Anche analisi e commenti non hanno risparmiato la prestazione opaca di Cristiano. Il primo, a sorpresa, \u00e8 stato l\u2019esterno della Repubblica Democratica del Congo Mukau: \u201cAd essere sinceri, non abbiamo preparato alcuna strategia speciale per Cristiano Ronaldo. Sappiamo che non \u00e8 pi\u00f9 quello di una volta, \u00e8 un po\u2019 pi\u00f9 vecchio\u201d. Poi \u00e8 arrivata la critica di Thierry Henry, oggi opinionista. L\u2019ex attaccante ha commentato negativamente un\u2019azione in particolare. \u201cVisto che vuole segnare, si mette in traiettoria e nega a Bruno la possibilit\u00e0 di segnare facilmente. Tutto questo perch\u00e9 voleva segnare lui\u201d.<\/p>\n<p>    sui social\u2014 \u00a0<\/p>\n<p class=\"paragraph is-inline\" spellcheck=\"true\">Poi, i social. Anche qui, nessuna piet\u00e0. Tra analisi, video e dati ce ne \u00e8 per tutti. E Cristiano \u00e8 il bersaglio principale. \u201cPascola in campo\u201d, si legge. Poi un po\u2019 di numeri: vengono sottolineati i pochissimi tiri &#8211; appena tre, zero nello specchio &#8211; e altre statistiche impietose. Solo 20 tocchi, tanti errori, nessun dribbling completato, nessuna azione pericolosa creata, nessun contrasto vinto. Insomma, la casella dello zero regna indiscussa. E ancora i tifosi avversari che ironicamente gli urlano: &#8220;Messi, Messi, Messi&#8221;. Lui risponde con applausi polemici.<\/p>\n<p><a class=\"is-partner-link\" href=\"https:\/\/abbonamenti.gazzetta.it\/de-promo-mondiali\/?pwcmp=cta&amp;forceBrowser=true\" rel=\"nofollow noopener\" target=\"_blank\">Gazzetta Mondiale: ogni notte un\u2019edizione straordinaria esclusiva. Non perdertela, abbonati a 1\u20ac\/mese!<\/a><\/p>\n<p>    meme\u2014 \u00a0<\/p>\n<p class=\"paragraph is-inline\" spellcheck=\"true\">Tanti altri sottolineano l\u2019azione che commentava Henry, postando l\u2019immagine di Bruno Fernandes che si lamenta. \u201cColpa del suo egoismo\u201d, scrive un utente. Altri lo criticano, esaltandone il declino. \u201cSi sta avviando verso il declino\u201d. Poi non mancano i meme. Un leone stanco, Ronaldo a rallentatore e cos\u00ec via. Fotografie social di un pomeriggio da dimenticare.<\/p>\n<p class=\"is-copyright\">\u00a9 RIPRODUZIONE RISERVATA<\/p>\n","protected":false},"excerpt":{"rendered":"Il fuoriclasse della nazionale di Martinez \u00e8 stato al centro delle polemiche dopo il pareggio contro la Repubblica&hellip;\n","protected":false},"author":3,"featured_media":544765,"comment_status":"","ping_status":"","sticky":false,"template":"","format":"standard","meta":{"footnotes":"","_share_on_mastodon":"0"},"categories":[1452],"tags":[3811,5143,2482,33956,10100,721,921,16220,6101,9182,2727,31662,50464,1740,9165,1537,90,89,15068,59,300157,76038,17294,3421,981,50466,50467,1956,17114,1739,1686,245,244,5248,2392,4969,300158,7778],"class_list":["post-544764","post","type-post","status-publish","format-standard","has-post-thumbnail","category-calcio","tag-addirittura","tag-analisi","tag-azione","tag-bola","tag-bruno","tag-calcio","tag-campo","tag-congo","tag-cristiano","tag-critiche","tag-declino","tag-democratica","tag-democratica-congo","tag-football","tag-henry","tag-it","tag-italia","tag-italy","tag-meme","tag-messi","tag-messi-messi","tag-pagella","tag-portogallo","tag-record","tag-repubblica","tag-repubblica-democratica","tag-repubblica-democratica-congo","tag-ronaldo","tag-segnare","tag-soccer","tag-social","tag-sport","tag-sports","tag-tanti","tag-video","tag-vuole","tag-vuole-segnare","tag-zero"],"share_on_mastodon":{"url":"https:\/\/pubeurope.com\/@it\/116770886643994606","error":""},"_links":{"self":[{"href":"https:\/\/www.europesays.com\/it\/wp-json\/wp\/v2\/posts\/544764","targetHints":{"allow":["GET"]}}],"collection":[{"href":"https:\/\/www.europesays.com\/it\/wp-json\/wp\/v2\/posts"}],"about":[{"href":"https:\/\/www.europesays.com\/it\/wp-json\/wp\/v2\/types\/post"}],"author":[{"embeddable":true,"href":"https:\/\/www.europesays.com\/it\/wp-json\/wp\/v2\/users\/3"}],"replies":[{"embeddable":true,"href":"https:\/\/www.europesays.com\/it\/wp-json\/wp\/v2\/comments?post=544764"}],"version-history":[{"count":0,"href":"https:\/\/www.europesays.com\/it\/wp-json\/wp\/v2\/posts\/544764\/revisions"}],"wp:featuredmedia":[{"embeddable":true,"href":"https:\/\/www.europesays.com\/it\/wp-json\/wp\/v2\/media\/544765"}],"wp:attachment":[{"href":"https:\/\/www.europesays.com\/it\/wp-json\/wp\/v2\/media?parent=544764"}],"wp:term":[{"taxonomy":"category","embeddable":true,"href":"https:\/\/www.europesays.com\/it\/wp-json\/wp\/v2\/categories?post=544764"},{"taxonomy":"post_tag","embeddable":true,"href":"https:\/\/www.europesays.com\/it\/wp-json\/wp\/v2\/tags?post=544764"}],"curies":[{"name":"wp","href":"https:\/\/api.w.org\/{rel}","templated":true}]}}