{"id":544923,"date":"2026-06-18T13:44:18","date_gmt":"2026-06-18T13:44:18","guid":{"rendered":"https:\/\/www.europesays.com\/it\/544923\/"},"modified":"2026-06-18T13:44:18","modified_gmt":"2026-06-18T13:44:18","slug":"i-90-anni-di-cantu-si-rigioca-una-finale-degli-anni-doro","status":"publish","type":"post","link":"https:\/\/www.europesays.com\/it\/544923\/","title":{"rendered":"I 90 anni di Cant\u00f9. Si rigioca una finale degli anni d\u2019oro"},"content":{"rendered":"\n<p>Una grande amichevole contro una squadra europea, magari inscenando il \u201cremake\u201d di una finale del passato. Sar\u00e0 uno dei piatti forti del programma delle celebrazioni per il novantesimo di fondazione Pallacanestro Cant\u00f9. Il sogno \u00e8 il Real Madrid, per rievocare la finale di Coppa Korac del \u201991, l\u2019ultimo trofeo internazionale sollevato dal capitano dell\u2019epoca, Pier Luigi Marzorati, e da Cant\u00f9. Il Real non \u00e8 l\u2019unica candidata, ma il sogno \u00e8 di portare la corazzata spagnola \u2013 nel roster c\u2019\u00e8 il comasco Gabriele Procida, cresciuto nel Pgc \u2013 per una sfida tra le due \u201cregine d\u2019Europa\u201d.<\/p>\n<p> Per ora \u00e8 un\u2019idea, ma Cant\u00f9 ci sta lavorando, compatibilmente con i calendari internazionali, che consentono ben pochi momenti di tregua. Intanto, la societ\u00e0 \u00e8 all\u2019opera per un programma che celebri l\u2019anniversario in modo coinvolgente. Ci si \u00e8 gi\u00e0 immersi nel \u201cmood\u201d del novantesimo sui social: il club ha infatti pubblicato nove fotografie storiche di giocatori-simbolo, tutte in bianco e nero (anche le pi\u00f9 recenti) che rappresentano le nove decadi che hanno caratterizzato la storia di Cant\u00f9. Collegato alla pubblicazione, c\u2019\u00e8 anche un giochino tipo \u201cindovina chi \u00e8\u201d, che ha fatto breccia tra i tifosi.<\/p>\n<p> Del resto, ormai ci siamo: la stagione che comincer\u00e0 a breve sar\u00e0 quella dell\u2019importante ricorrenza, dal momento che il club \u00e8 stato fondato nel 1936. Il giorno? Nessuno lo sa con esattezza. Le ricerche per arrivare a una data sono in corso, ma non esistono documenti o testimonianze. Si sa, per\u00f2, che l\u2019Associazione Pallacanestro Cant\u00f9 fu creata nei mesi conclusivi di quell\u2019anno.<\/p>\n<p>  Eventi per tutta la citt\u00e0 <\/p>\n<p>Sar\u00e0 una festa lunga una stagione, ricca di eventi che coinvolgeranno tifosi e citt\u00e0. Quello pubblicato sui social non \u00e8 che un semplice antipasto di quello che Pallacanestro Cant\u00f9 organizzer\u00e0. Con questa anteprima, Cant\u00f9 \u00e8 partita dagli albori del club, quando ancora le partite venivano disputate all\u2019aperto. Del resto, negli anni Trenta, la pallacanestro era uno sport sconosciuto e il primo campo di cui si ha notizia a Cant\u00f9 \u00e8 quello realizzato all\u2019interno del cortile delle Suore Sacramentine, ancora oggi conservato all\u2019Istituto Cardinal Ferrari in centro citt\u00e0. Lo ide\u00f2 Mario Broggi, protagonista della prima fotografia.<\/p>\n<p> A seguire, nella galleria fotografica, altri giganti dei tempi andati e dei tempi moderni: Lino Cappelletti, Tonino Frigerio, passaggio agli anni Settanta con Carlo Recalcati, per poi proseguire con la decade \u201976-\u201986 con Ciccio Della Fiori. Gran finale con Pier Luigi Marzorati (che di decadi in maglia canturina ne ha attraversate cinque, recordman assoluto), Antonello Riva (di ritorno a Cant\u00f9 nella parte finale della sua splendida carriera), l\u2019amatissimo Nicolas Mazzarino e il capitano di oggi, Riccardo Moraschini.<\/p>\n<p> Cosa succeder\u00e0 quest\u2019anno? Si ancora poco, ma certamente l\u2019Arena \u2013 in fase di ultimazione \u2013 sar\u00e0 l\u2019epicentro di tanti eventi. Uno di questi sar\u00e0 la partita della Nazionale che sar\u00e0 ospitata a giugno o novembre. Certamente, il tema del novantesimo attraverser\u00e0, permeandola di significato, la presentazione della campagna abbonamenti che comincer\u00e0 il 6 luglio.<\/p>\n<p> Il novantesimo sar\u00e0 una festa \u2013 si spera anche sul campo \u2013 che passer\u00e0 anche dal restyling del logo societario, ormai ultimato. Sar\u00e0 lanciato a giorni, dopo essere stato valutato, soppesato e scelto tra pi\u00f9 idee. Quello che pochi sanno \u00e8 che un campione abbastanza ampio ed eterogeneo di tifosi dei vari settori del PalaDesio e cittadini intervistati per le vie di Cant\u00f9, ha espresso un\u2019idea su cosa identifichi davvero Cant\u00f9, ignari che le loro risposte servissero al club per delineare i temi del nuovo logo. Idee che hanno avuto un peso, cos\u00ec come le varie anime della societ\u00e0 e quella storia che \u2013 il presidente Roberto Allievi non smetter\u00e0 mai di ricordarlo \u2013 per Cant\u00f9 e i canturini \u00e8 un valore da preservare.  <\/p>\n","protected":false},"excerpt":{"rendered":"Una grande amichevole contro una squadra europea, magari inscenando il \u201cremake\u201d di una finale del passato. Sar\u00e0 uno&hellip;\n","protected":false},"author":3,"featured_media":544924,"comment_status":"","ping_status":"","sticky":false,"template":"","format":"standard","meta":{"footnotes":"","_share_on_mastodon":"0"},"categories":[1453],"tags":[296090,1615,300226,1756,1757,249349,1644,300225,16297,204,1537,90,89,300227,1539,296091,11377,1761,9652,245,244],"class_list":["post-544923","post","type-post","status-publish","format-standard","has-post-thumbnail","category-basket","tag-antonello-riva","tag-arte","tag-associazione-pallacanestro-cantu","tag-basket","tag-basketball","tag-cardinal-ferrari","tag-cultura","tag-europeail","tag-gabriele-procida","tag-intrattenimento","tag-it","tag-italia","tag-italy","tag-mario-broggi","tag-musica","tag-pier-luigi-marzorati","tag-real","tag-riccardo-moraschini","tag-roberto-allievi","tag-sport","tag-sports"],"share_on_mastodon":{"url":"https:\/\/pubeurope.com\/@it\/116771413621210754","error":""},"_links":{"self":[{"href":"https:\/\/www.europesays.com\/it\/wp-json\/wp\/v2\/posts\/544923","targetHints":{"allow":["GET"]}}],"collection":[{"href":"https:\/\/www.europesays.com\/it\/wp-json\/wp\/v2\/posts"}],"about":[{"href":"https:\/\/www.europesays.com\/it\/wp-json\/wp\/v2\/types\/post"}],"author":[{"embeddable":true,"href":"https:\/\/www.europesays.com\/it\/wp-json\/wp\/v2\/users\/3"}],"replies":[{"embeddable":true,"href":"https:\/\/www.europesays.com\/it\/wp-json\/wp\/v2\/comments?post=544923"}],"version-history":[{"count":0,"href":"https:\/\/www.europesays.com\/it\/wp-json\/wp\/v2\/posts\/544923\/revisions"}],"wp:featuredmedia":[{"embeddable":true,"href":"https:\/\/www.europesays.com\/it\/wp-json\/wp\/v2\/media\/544924"}],"wp:attachment":[{"href":"https:\/\/www.europesays.com\/it\/wp-json\/wp\/v2\/media?parent=544923"}],"wp:term":[{"taxonomy":"category","embeddable":true,"href":"https:\/\/www.europesays.com\/it\/wp-json\/wp\/v2\/categories?post=544923"},{"taxonomy":"post_tag","embeddable":true,"href":"https:\/\/www.europesays.com\/it\/wp-json\/wp\/v2\/tags?post=544923"}],"curies":[{"name":"wp","href":"https:\/\/api.w.org\/{rel}","templated":true}]}}