{"id":544972,"date":"2026-06-18T14:19:18","date_gmt":"2026-06-18T14:19:18","guid":{"rendered":"https:\/\/www.europesays.com\/it\/544972\/"},"modified":"2026-06-18T14:19:18","modified_gmt":"2026-06-18T14:19:18","slug":"bagnaia-capisco-non-provare-la-850cc-ma-non-provare-le-pirelli-e-uno-svantaggio","status":"publish","type":"post","link":"https:\/\/www.europesays.com\/it\/544972\/","title":{"rendered":"Bagnaia: &#8220;Capisco non provare la 850cc, ma non provare le Pirelli \u00e8 uno svantaggio&#8221;"},"content":{"rendered":"<p>Dopo tre podi consecutivi, l&#8217;ultimo dei quali arrivato su una pista decisamente poco favorevole come quella di Balaton Park, seppur con un po&#8217; di fortuna, Pecco Bagnaia guarda giustamente con ottimismo al Gran Premio di Repubblica Ceca. Questo fine settimana, infatti, la MotoGP fa tappa a Brno, su un saliscendi che ha caratteristiche molto simili al Mugello, dove il mese scorso aveva battagliato per la vittoria con l&#8217;Aprilia dell&#8217;amico Marco Bezzecchi. Il ducatista, dunque, \u00e8 apparso fiducioso quando al suo arrivo ha incontrato i giornalisti, tra i quali quelli di Motorsport.com.<\/p>\n<p>&#8220;Sono ottimista perch\u00e9 \u00e8 un circuito che mi piace molto, proprio come il Mugello. Ma vedremo. Penso che andr\u00e0 bene, \u00e8 un tracciato che mi si addice, adatto al mio stile di guida. La moto di quest&#8217;anno mi aiuta un po&#8217; di pi\u00f9 sull&#8217;anteriore, quindi sar\u00f2 pi\u00f9 competitivo rispetto all&#8217;anno scorso. E lo ero gi\u00e0 l&#8217;anno scorso, quindi dobbiamo solo continuare a lavorare nella stessa direzione. Penso che il lavoro svolto nell&#8217;ultimo GP ci aiuter\u00e0&#8221;, ha detto Bagnaia.<\/p>\n<p>Ai motivi per pensare positivo, si aggiunge la pole position ottenuta un anno fa su questa pista, a patto che la carenza di grip al posteriore della sua GP26 sia meno invasivo che in Ungheria: &#8220;S\u00ec, ma solo perch\u00e9 Marc \u00e8 caduto. Penso che possiamo essere competitivi, \u00e8 una bella pista. Il livello di grip \u00e8 molto alto, e spero davvero che questo fine settimana il feeling che ho sul posteriore scompaia. Il fatto \u00e8 che non riesco a spingere quando voglio, perch\u00e9 il posteriore inizia a scivolare. Al momento \u00e8 un grosso limite per me e non riesco a guidare la moto in modo naturale. Devo riflettere molto su queste cose e questo mi rallenta un po&#8217;. Quindi spero solo che qui questo problema non si presenti anche qui&#8221;.<\/p>\n<p>Il nuovo regolamento che entrer\u00e0 in vigore il prossimo anno non prevede solo novit\u00e0 dal punto di vista tecnico, perch\u00e9 si parla con insistenza della possibilit\u00e0 di ridurre da due ad una sola le moto a disposizione di ogni pilota nel box a partire dall&#8217;anno prossimo. Una proposta che non piace per niente al tre volte iridato.<\/p>\n<p>&#8220;Sinceramente, credo di non essere d&#8217;accordo con nessuna delle nuove proposte. Ma poi avere una sola moto \u00e8 strano, perch\u00e9 se cadi in qualifica devi usare la moto di scorta in gara senza averci fatto neanche un giro. E&#8217; strano, ci sar\u00e0 meno gente nel box, quindi \u00e8 strano. Insomma, non capisco, ma \u00e8 cos\u00ec e per fortuna non sono io a dover prendere le decisioni&#8221;.<\/p>\n<p>   <img decoding=\"async\" draggable=\"false\" src=\"https:\/\/www.europesays.com\/it\/wp-content\/uploads\/2026\/06\/1781792358_518_francesco-bagnaia-ducati-team.jpg\" alt=\"Francesco Bagnaia, Ducati Team\" width=\"1200\" height=\"800\" loading=\"lazy\"\/> <\/p>\n<p class=\"title\">Francesco Bagnaia, Ducati Team<\/p>\n<p class=\"photographer\">Foto di: Gold and Goose Photography \/ Getty Images<\/p>\n<p>&#8220;Non puoi spingere come vorresti, come invece stiamo facendo adesso. Se sai di avere due moto, spingi al limite. Se ne hai una sola, sai che due o tre ore dopo le qualifiche dovrai fare la Sprint, e se hai un brutto incidente, non avrai la tua moto. Ne hai un&#8217;altra disponibile, ma non ci hai mai fatto neanche un giro, quindi \u00e8 un po&#8217; strano rispetto a come siamo abituati ora. Stiamo facendo grandi passi indietro rispetto alla MotoGP odierna, quindi \u00e8 un po&#8217; strano&#8221;.<\/p>\n<p>Nell&#8217;immediato invece, per questioni di sicurezza, potrebbe essere aumentato lo spazio tra le file in griglia e potrebbe essere anticipato il bando degli abbassatori anteriori in partenza (dall&#8217;anno prossimo spariranno in ogni forma). Questo \u00e8 uno dei pochi punti che il piemontese sembra condividere.<\/p>\n<p>&#8220;Penso che il device della Ducati sia un capolavoro, ma se guardi alle altre moto, a volte devono fare diverse cose per disingaggiarli. Pensando alla prima curva, penso che per la sicurezza sia un bene rimuoverli&#8221;.<\/p>\n<p>Se c&#8217;\u00e8 una cosa che sembra infastidire pi\u00f9 di tutto Bagnaia \u00e8 l&#8217;impossibilit\u00e0 di poter provare le gomme Pirelli, che arriveranno il prossimo anno, fino al test di dicembre a Valencia, visto che non potr\u00e0 salire sulla 850cc della Ducati essendo in uscita a fine stagione. Uno svantaggio secondo lui rispetto a quei piloti che invece avranno la possibilit\u00e0 di girare non solo luned\u00ec a Brno, ma anche dopo il Gran Premio d&#8217;Austria.<\/p>\n<p>&#8220;Penso che sia giusto non poter guidare la 850cc e lo capisco. Ma arrivare l&#8217;1 dicembre senza nemmeno aver provato le gomme Pirelli, considerando anche che \u00e8 dicembre e che si girer\u00e0 solo dalle 11 alle 15, quindi non c&#8217;\u00e8 molto tempo. E&#8217; un po&#8217; strano, perch\u00e9 non si capiscono le gomme, quindi non penso che sia l&#8217;idea migliore, anche perch\u00e9 per noi sar\u00e0 impossibile fare richieste. Sarebbe stato meglio farmi guidare l&#8217;attuale MotoGP con le Pirelli, ma \u00e8 impossibile, penso che la Michelin non voglia che facciamo una comparazione. E chi non girer\u00e0 sar\u00e0 in svantaggio rispetto a tutti gli altri, anche se saranno in pochi che gireranno luned\u00ec&#8221;, ha concluso.<\/p>\n<p>Leggi anche:<\/p>\n<p>            Vogliamo la vostra opinione!<\/p>\n<p class=\"mt-auto\">Cosa vorresti vedere su Motorsport.com?<\/p>\n<p>            <a href=\"#\" class=\"ms-link text-link font-bold\">Partecipate al nostro sondaggio di 5 minuti.<\/a><\/p>\n<p class=\"mt-1 text-body\">&#8211; Il team di Motorsport.com<\/p>\n","protected":false},"excerpt":{"rendered":"Dopo tre podi consecutivi, l&#8217;ultimo dei quali arrivato su una pista decisamente poco favorevole come quella di Balaton&hellip;\n","protected":false},"author":3,"featured_media":544973,"comment_status":"","ping_status":"","sticky":false,"template":"","format":"standard","meta":{"footnotes":"","_share_on_mastodon":"0"},"categories":[176],"tags":[1787,2834,2360,1537,90,89,300244,1785,300243,16594,245,244],"class_list":["post-544972","post","type-post","status-publish","format-standard","has-post-thumbnail","category-sport","tag-brno-circuit","tag-ducati-team","tag-francesco-bagnaia","tag-it","tag-italia","tag-italy","tag-ma-non-provare-le-pirelli-u00e8-uno-svantaggio","tag-motogp","tag-motogp-bagnaia-capisco-non-provare-la-850cc","tag-repubblica-ceca","tag-sport","tag-sports"],"share_on_mastodon":{"url":"https:\/\/pubeurope.com\/@it\/116771551795695778","error":""},"_links":{"self":[{"href":"https:\/\/www.europesays.com\/it\/wp-json\/wp\/v2\/posts\/544972","targetHints":{"allow":["GET"]}}],"collection":[{"href":"https:\/\/www.europesays.com\/it\/wp-json\/wp\/v2\/posts"}],"about":[{"href":"https:\/\/www.europesays.com\/it\/wp-json\/wp\/v2\/types\/post"}],"author":[{"embeddable":true,"href":"https:\/\/www.europesays.com\/it\/wp-json\/wp\/v2\/users\/3"}],"replies":[{"embeddable":true,"href":"https:\/\/www.europesays.com\/it\/wp-json\/wp\/v2\/comments?post=544972"}],"version-history":[{"count":0,"href":"https:\/\/www.europesays.com\/it\/wp-json\/wp\/v2\/posts\/544972\/revisions"}],"wp:featuredmedia":[{"embeddable":true,"href":"https:\/\/www.europesays.com\/it\/wp-json\/wp\/v2\/media\/544973"}],"wp:attachment":[{"href":"https:\/\/www.europesays.com\/it\/wp-json\/wp\/v2\/media?parent=544972"}],"wp:term":[{"taxonomy":"category","embeddable":true,"href":"https:\/\/www.europesays.com\/it\/wp-json\/wp\/v2\/categories?post=544972"},{"taxonomy":"post_tag","embeddable":true,"href":"https:\/\/www.europesays.com\/it\/wp-json\/wp\/v2\/tags?post=544972"}],"curies":[{"name":"wp","href":"https:\/\/api.w.org\/{rel}","templated":true}]}}