{"id":545063,"date":"2026-06-18T15:34:15","date_gmt":"2026-06-18T15:34:15","guid":{"rendered":"https:\/\/www.europesays.com\/it\/545063\/"},"modified":"2026-06-18T15:34:15","modified_gmt":"2026-06-18T15:34:15","slug":"premio-ravera-2026-un-cast-stellare-gianni-ci-ha-insegnato-che-le-canzoni-le-sceglie-il-popolo","status":"publish","type":"post","link":"https:\/\/www.europesays.com\/it\/545063\/","title":{"rendered":"Premio Ravera 2026, un cast stellare: &#8220;Gianni ci ha insegnato che le canzoni le sceglie il popolo&#8221;"},"content":{"rendered":"<p>L\u2019undicesima edizione del <strong>Premio Ravera. Una canzone \u00e8 per sempre<\/strong> va in scena a Castelraimondo, nelle Marche, <strong>sabato 20 giugno.<\/strong> A condurla c\u2019\u00e8 <strong>Amadeus<\/strong>. Gli artisti ospiti sono di altissimo livello e rappresentano la musica italiana a 360 gradi, attraversando tutti i generi e tutte le generazioni, da Orietta Berti a Ditonellapiaga, da Lorenzo Salvetti, vincitore di Amici 2026 che si \u00e8 aggiunto all\u2019ultimo, a Michele Bravi.<\/p>\n<p>Con <strong>Pasquale Mammaro <\/strong>e <strong>Michele Pecora<\/strong>, rispettivamente manager e direttore artistico e ideatore del Premio, abbiamo ricordato <strong>il grande Gianni Ravera<\/strong>, gli artisti che ha scoperto, il suo modo unico di lavorare e scoprire talenti. E poi ci hanno raccontato di questa undicesima edizione e dei numerosi cantanti cui il Premio Ravera ha portato fortuna. Per fare solo due nomi, Ditonellapiaga e Sal Da Vinci.<\/p>\n<p><strong>Il Premio Ravera \u00e8 arrivato alla sua undicesima edizione: Pasquale Mammaro, lei ne \u00e8 il direttore artistico, ci racconta che cosa dobbiamo aspettarci quest\u2019anno?<\/strong><br \/>Ricordo ancora il momento in cui, undici anni fa, Michele mi telefon\u00f2 e mi disse: \u201cHo un\u2019idea nel cassetto\u201d. Quando mi spieg\u00f2 che desiderava creare un evento per ricordare Gianni Ravera, che aveva iniziato la sua carriera proprio con lui e che Ravera era profondamente legato alle Marche, capii subito che era un progetto importante.<br \/>Da l\u00ec \u00e8 iniziata un\u2019avventura straordinaria. Pensammo immediatamente che la prima edizione dovesse avere un volto simbolico e chi meglio di Pippo Baudo, legatissimo a Ravera, poteva inaugurare questo percorso? Accett\u00f2 con grande entusiasmo e da quel momento il Premio ha continuato a crescere. Nel corso degli anni si sono alternati grandi conduttori, da Fabrizio Frizzi a Mara Venier, da Pupo a Carlo Conti, che ha guidato le ultime tre edizioni. Quest\u2019anno, poi, abbiamo il ritorno di <a href=\"https:\/\/dilei.it\/star-e-vip\/amadeus\/\" rel=\"nofollow noopener\" target=\"_blank\">Amadeus<\/a>, che in passato \u00e8 gi\u00e0 stato nostro ospite per ritirare il Premio e che questa volta ne sar\u00e0 il conduttore. \u00c8 un motivo di grande orgoglio.<\/p>\n<p><strong>Michele Pecora, lei \u00e8 l\u2019ideatore del Premio. Qual \u00e8 il significato pi\u00f9 profondo di questa manifestazione?<br \/><\/strong>\u00c8 innanzitutto un atto d\u2019amore verso Gianni Ravera, una persona che ha fatto tantissimo per la musica italiana. Era un talent scout straordinario, un uomo animato da una passione immensa e con un legame fortissimo con la sua terra, le Marche. Spesso mi parlava con emozione della sua regione e dei suoi ricordi. Da qui \u00e8 nata l\u2019idea di dedicargli un evento che ne custodisse la memoria.<\/p>\n<p><strong>Pasquale, lei ha conosciuto personalmente Ravera e custodisce un aneddoto che racconta bene il suo modo di intendere la musica?<br \/><\/strong>S\u00ec, \u00e8 un ricordo a cui sono molto affezionato. Ero ancora un ragazzo e frequentavo il suo ufficio romano. Un giorno gli feci una domanda che credo si siano posti in tanti: \u201cCome fai a capire se una canzone diventer\u00e0 un successo? \u00c8 un dono naturale?\u201d. La sua risposta mi sorprese. Mi disse: \u201cLe canzoni le sceglie il popolo\u201d. Mi raccont\u00f2 che, quando individuava alcune canzoni che riteneva particolarmente forti, le faceva ascoltare alle persone comuni: il macellaio, il panettiere, il benzinaio, gli amici. Voleva capire quali emozioni suscitassero nella gente. Il suo metodo era semplice ma geniale: prima di tutto veniva il pubblico.<\/p>\n<p><strong>Una lezione che ha messo in pratica?<br \/><\/strong>Assolutamente s\u00ec. Lo faccio ancora oggi. Quando ascolto un brano, naturalmente ho le mie impressioni professionali, ma poi mi piace confrontarmi con persone che fanno tutt\u2019altro nella vita. Il loro sguardo \u00e8 libero da dinamiche e sovrastrutture del settore. E devo dire che molte intuizioni vincenti sono nate proprio cos\u00ec.<\/p>\n<p><strong>Michele, quale eredit\u00e0 le ha lasciato, personalmente, Gianni Ravera?<br \/><\/strong>La passione, senza alcun dubbio. L\u2019ho conosciuto nel 1977, quando un amico mi segnal\u00f2 a lui. Ho ancora la lettera originale in cui Ravera rispondeva dicendo che quel ragazzo gli sembrava interessante e che avrebbe dovuto partecipare a Castrocaro. Da l\u00ec inizi\u00f2 tutto e io vinsi quel Festival. Ma ci\u00f2 che ricordo di pi\u00f9 \u00e8 il suo modo di lavorare. Durante le selezioni era sempre presente. Non si limitava ad assistere alle esibizioni serali: seguiva le prove, passeggiava davanti al palco, osservava, ascoltava, dispensava consigli. Era totalmente immerso nella musica. Quella passione era il suo motore e credo sia anche l\u2019insegnamento pi\u00f9 importante che abbia lasciato a chi lavora in questo mondo.<\/p>\n<p><strong>Anche quest\u2019anno il cast \u00e8 ricchissimo: Noemi, <a href=\"https:\/\/dilei.it\/interviste\/orietta-berti-qcpf-quadri-cuori-picche-fiori\/2407332\/\" rel=\"nofollow noopener\" target=\"_blank\">Orietta Berti<\/a>, Ditonellapiaga, Fausto Leali, Fabrizio Moro\u2026 Come \u00e8 possibile riunire cos\u00ec tanti artisti?<br \/>Pasquale Mammaro<\/strong>: Direi con passione, relazioni e anche un pizzico di intuito. Ogni anno c\u2019\u00e8 sempre qualche sorpresa. Per esempio, abbiamo voluto invitare<a href=\"https:\/\/dilei.it\/spettacolo\/lorenzo-salvetti-vince-amici-25-commento-achille-lauro\/2358400\/\" rel=\"nofollow noopener\" target=\"_blank\"> Lorenzo Salvetti, vincitore di Amici<\/a>, anche perch\u00e9 quest\u2019anno alla conduzione ci sar\u00e0 Amadeus, che di quel programma \u00e8 stato giudice. Ha accettato immediatamente.<br \/>Ci sar\u00e0 anche Michele Bravi, che \u00e8 riuscito a spostare un impegno pur di essere presente. E poi ci sono artisti ai quali siamo particolarmente legati, come <a href=\"https:\/\/dilei.it\/spettacolo\/sanremo-2026-ditonellapiaga-che-fastidio-testo\/2106847\/\" rel=\"nofollow noopener\" target=\"_blank\">Ditonellapiaga<\/a>. Lo scorso anno era in un momento delicato del suo percorso artistico. La invitammo al Premio e, scherzando ma non troppo, le dissi che magari Carlo Conti avrebbe potuto notarla e pensare a lei per Sanremo. \u00c8 andata esattamente cos\u00ec. Sono piccoli episodi che ci rendono felici.<\/p>\n<p><strong>Michele Pecora: <\/strong>C\u2019\u00e8 un altro aspetto importante. Abbiamo sempre cercato di mantenere un equilibrio tra memoria e innovazione, tra artisti storici e nuove generazioni. \u00c8 esattamente ci\u00f2 che faceva Gianni Ravera. Aveva una straordinaria capacit\u00e0 di rinnovarsi e di comprendere i nuovi linguaggi musicali. Esiste un video di Vasco Rossi che gira sul web e che io conservo gelosamente. Vasco ringrazia Ravera perch\u00e9 fu lui a convincerlo a partecipare a Sanremo. Aveva intuito il suo enorme potenziale e quell\u2019occasione cambi\u00f2 il corso della sua carriera. Questo racconta perfettamente chi fosse Gianni Ravera.<\/p>\n<p><strong>Allora il Premio Ravera porta fortuna?<\/strong><br \/><strong>Pasquale Mammaro<\/strong>: Beh, diciamo che qualche indizio c\u2019\u00e8. Lo scorso anno era con noi <a href=\"https:\/\/dilei.it\/star-e-vip\/sal-da-vinci\/\" rel=\"nofollow noopener\" target=\"_blank\">Sal Da Vinci<\/a> e tutti sappiamo quanto sia cresciuta ulteriormente la sua popolarit\u00e0. Anche Tananai, arrivato ultimo a Sanremo, ha poi conquistato il pubblico. E noi scherziamo spesso su questa cosa: chi passa dal Premio Ravera sembra avere una marcia in pi\u00f9.<\/p>\n<p><strong>Michele Pecora: <\/strong>Pi\u00f9 che fortuna, forse il Premio ha la capacit\u00e0 di intercettare talento, proprio come faceva Gianni Ravera.<\/p>\n<p><strong>Anche il Premio in s\u00e9 \u00e8 un\u2019opera artistica speciale, non \u00e8 cos\u00ec Pasquale?<br \/><\/strong>S\u00ec, il Premio \u00e8 realizzato dal maestro orafo Michele Affidato, artista ufficiale del Festival di Sanremo e del Vaticano. Per noi \u00e8 motivo di grande orgoglio poter affidare a lui la realizzazione di un riconoscimento che non \u00e8 soltanto un premio, ma un simbolo di gratitudine e di memoria.<\/p>\n<p><strong>Dopo undici anni, quale pensate sia il vero successo del Premio Ravera?<br \/><\/strong><strong>Michele Pecora: <\/strong>Aver trasformato un ricordo in una realt\u00e0 nazionale capace di parlare ancora al presente e al futuro della musica italiana.<\/p>\n<p><strong>Pasquale Mammaro: <\/strong>E soprattutto aver dimostrato che la lezione di Gianni Ravera \u00e8 ancora attualissima: il talento va cercato, ascoltato e accompagnato. Sempre con passione e con lo sguardo rivolto alla gente.<\/p>\n","protected":false},"excerpt":{"rendered":"L\u2019undicesima edizione del Premio Ravera. Una canzone \u00e8 per sempre va in scena a Castelraimondo, nelle Marche, sabato&hellip;\n","protected":false},"author":3,"featured_media":545064,"comment_status":"","ping_status":"","sticky":false,"template":"","format":"standard","meta":{"footnotes":"","_share_on_mastodon":"0"},"categories":[1451],"tags":[1621,1620,203,6272,204,1537,90,89,81849,1539,41581],"class_list":["post-545063","post","type-post","status-publish","format-standard","has-post-thumbnail","category-celebrita","tag-celebrita","tag-celebrities","tag-entertainment","tag-interviste","tag-intrattenimento","tag-it","tag-italia","tag-italy","tag-michele-bravi","tag-musica","tag-orietta-berti"],"share_on_mastodon":{"url":"https:\/\/pubeurope.com\/@it\/116771846474896341","error":""},"_links":{"self":[{"href":"https:\/\/www.europesays.com\/it\/wp-json\/wp\/v2\/posts\/545063","targetHints":{"allow":["GET"]}}],"collection":[{"href":"https:\/\/www.europesays.com\/it\/wp-json\/wp\/v2\/posts"}],"about":[{"href":"https:\/\/www.europesays.com\/it\/wp-json\/wp\/v2\/types\/post"}],"author":[{"embeddable":true,"href":"https:\/\/www.europesays.com\/it\/wp-json\/wp\/v2\/users\/3"}],"replies":[{"embeddable":true,"href":"https:\/\/www.europesays.com\/it\/wp-json\/wp\/v2\/comments?post=545063"}],"version-history":[{"count":0,"href":"https:\/\/www.europesays.com\/it\/wp-json\/wp\/v2\/posts\/545063\/revisions"}],"wp:featuredmedia":[{"embeddable":true,"href":"https:\/\/www.europesays.com\/it\/wp-json\/wp\/v2\/media\/545064"}],"wp:attachment":[{"href":"https:\/\/www.europesays.com\/it\/wp-json\/wp\/v2\/media?parent=545063"}],"wp:term":[{"taxonomy":"category","embeddable":true,"href":"https:\/\/www.europesays.com\/it\/wp-json\/wp\/v2\/categories?post=545063"},{"taxonomy":"post_tag","embeddable":true,"href":"https:\/\/www.europesays.com\/it\/wp-json\/wp\/v2\/tags?post=545063"}],"curies":[{"name":"wp","href":"https:\/\/api.w.org\/{rel}","templated":true}]}}