{"id":545095,"date":"2026-06-18T16:01:20","date_gmt":"2026-06-18T16:01:20","guid":{"rendered":"https:\/\/www.europesays.com\/it\/545095\/"},"modified":"2026-06-18T16:01:20","modified_gmt":"2026-06-18T16:01:20","slug":"gianni-morandi-e-alessandra-amoroso-pronti-a-conquistare-lestate-col-nuovo-brano-hit-parade","status":"publish","type":"post","link":"https:\/\/www.europesays.com\/it\/545095\/","title":{"rendered":"Gianni Morandi e Alessandra Amoroso pronti a conquistare l\u2019estate col nuovo brano \u2018Hit Parade\u2019"},"content":{"rendered":"<p>Bologna, 18 giugno 2026 \u2013 \u00c8 iniziato il conto alla rovescia per l\u2019uscita di \u201c<strong>Hit Parade\u201d<\/strong>, nuovo brano di <strong>Gianni Morandi<\/strong> e <strong>Alessandra Amoroso<\/strong>, disponibile da venerd\u00ec 19 giugno in radio e su tutte le piattaforme digitali per Epic Records\/Sony Music Italy.<\/p>\n<p>L\u2019annuncio \u00e8 stato accompagnato da un\u2019immancabile <strong>\u201cfoto di Anna\u201d<\/strong>, moglie di Gianni, che ritrae i due artisti insieme e che \u00e8 stata successivamente condivisa sui rispettivi <strong>profili social. <\/strong>Gi\u00e0 due giorni fa Morandi e Amoroso avevano portato i loro follower dietro le quinte del nuovo progetto con un <strong>simpatico video<\/strong> realizzato durante l&#8217;incisione del brano, anticipando le note del ritornello di \u201cHit Parade\u201d.<\/p>\n<p>Il nuovo brano <\/p>\n<p><strong>Piena di energia<\/strong> e caratterizzata da un tono ironico, \u201cHit Parade\u201d si muove con naturalezza nel <strong>pop leggero e spensierato <\/strong>che ha accompagnato alcune delle stagioni pi\u00f9 felici della musica italiana, reinterpretandolo per\u00f2 con uno <strong>sguardo contemporaneo<\/strong>. Il brano celebra il piacere di <strong>vivere il momento<\/strong>, cantare insieme e lasciarsi cullare dalla leggerezza.<\/p>\n<p> <img alt=\"Gianni Morandi e Alessandra Amoroso pronti a conquistare l\u2019estate col nuovo brano \u2018Hit Parade\u2019\" loading=\"lazy\" width=\"762\" height=\"429\" decoding=\"async\" data-nimg=\"1\" style=\"color:transparent\"  src=\"https:\/\/www.europesays.com\/it\/wp-content\/uploads\/2026\/06\/xaglowe.jpeg\"\/><br \/>\nLa collaborazione tra Morandi e Amoroso <\/p>\n<p>Quella tra Gianni Morandi e Alessandra Amoroso <strong>non \u00e8 una collaborazione inedita<\/strong>. I loro percorsi si erano gi\u00e0 incrociati nel 2009, quando Alessandra, fresca vincitrice di Amici, fu scelta da Morandi per affiancarlo in uno dei suoi grandi <strong>one man show televisivi<\/strong>, un format di cui il cantante bolognese \u00e8 stato tra i principali pionieri. Da allora il rapporto tra i due artisti \u00e8 rimasto solido e si \u00e8 trasformato nel tempo in una profonda amicizia. Oggi quella sintonia trova una nuova espressione musicale proprio in Hit Parade.<\/p>\n<p>La firma del brano porta il nome di<strong> Jovanotti<\/strong>, mentre il sound \u00e8 curato da Sixpm con la collaborazione di <strong>Vincenzo Liguori<\/strong> e <strong>Alessandro Donadei<\/strong>. Il risultato \u00e8 una canzone che unisce immediatezza e sensibilit\u00e0 pop, mantenendo un equilibrio tra leggerezza e contemporaneit\u00e0.<\/p>\n<p> <img alt=\"Alessandra Amoroso\" loading=\"lazy\" width=\"3000\" height=\"1997\" decoding=\"async\" data-nimg=\"1\" style=\"color:transparent;max-width:100%;height:auto\"   src=\"https:\/\/www.europesays.com\/it\/wp-content\/uploads\/2026\/06\/alessandra-amoroso.webp\"\/><\/p>\n<p>Alessandra Amoroso<\/p>\n<p>Il tour estivo di Gianni Morandi <\/p>\n<p>Parallelamente all\u2019uscita del singolo, Gianni Morandi si prepara a tornare sul palco con \u201c<strong>C&#8217;era un ragazzo Estate 2026\u201d<\/strong>, la nuova tourn\u00e9e che prender\u00e0 il via il 31 agosto e che celebrer\u00e0 i 70 anni di uno dei brani pi\u00f9 rappresentativi del suo repertorio.<\/p>\n<p>Ad aprire il calendario sar\u00e0 la data di Este, in provincia di Padova, il 31 agosto. Il tour proseguir\u00e0 poi con gli appuntamenti di <strong>Vigevano <\/strong>(2 settembre), <strong>Mantova <\/strong>(4 settembre), <strong>Campobasso <\/strong>(8 settembre), <strong>Riccione <\/strong>(10 settembre), <strong>Ostuni <\/strong>(12 settembre), <strong>Barletta <\/strong>(14 settembre), <strong>Palermo <\/strong>(17 settembre), <strong>Catania <\/strong>(19 settembre), <strong>Macerata <\/strong>(22 settembre), <strong>Massa <\/strong>(24 settembre), <strong>Torbole sul Garda<\/strong>, in provincia di Trento (26 settembre), <strong>Bergamo <\/strong>(28 settembre) e <strong>Napoli <\/strong>(primo\u00a0ottobre), fino al gran finale previsto a <strong>Locarno <\/strong>il 4 ottobre.<\/p>\n<p> <img alt=\"Un'immagine di Gianni Morandi al concerto all'Unipol Arena\" loading=\"lazy\" width=\"3000\" height=\"2000\" decoding=\"async\" data-nimg=\"1\" style=\"color:transparent;max-width:100%;height:auto\"   src=\"https:\/\/www.europesays.com\/it\/wp-content\/uploads\/2026\/06\/un-immagine-di-gianni-morandi-al-concerto-all-unipol-arena.webp\"\/><\/p>\n<p>Un&#8217;immagine di Gianni Morandi al concerto all&#8217;Unipol Arena<\/p>\n","protected":false},"excerpt":{"rendered":"Bologna, 18 giugno 2026 \u2013 \u00c8 iniziato il conto alla rovescia per l\u2019uscita di \u201cHit Parade\u201d, nuovo brano&hellip;\n","protected":false},"author":3,"featured_media":545096,"comment_status":"","ping_status":"","sticky":false,"template":"","format":"standard","meta":{"footnotes":"","_share_on_mastodon":"0"},"categories":[1451],"tags":[3383,3380,14096,1621,1620,26860,203,11405,12785,204,1537,90,89,20819,135175,3237],"class_list":["post-545095","post","type-post","status-publish","format-standard","has-post-thumbnail","category-celebrita","tag-alessandra","tag-amoroso","tag-brano","tag-celebrita","tag-celebrities","tag-conquistare","tag-entertainment","tag-gianni","tag-hit","tag-intrattenimento","tag-it","tag-italia","tag-italy","tag-morandi","tag-parade","tag-pronti"],"share_on_mastodon":{"url":"https:\/\/pubeurope.com\/@it\/116771953088084312","error":""},"_links":{"self":[{"href":"https:\/\/www.europesays.com\/it\/wp-json\/wp\/v2\/posts\/545095","targetHints":{"allow":["GET"]}}],"collection":[{"href":"https:\/\/www.europesays.com\/it\/wp-json\/wp\/v2\/posts"}],"about":[{"href":"https:\/\/www.europesays.com\/it\/wp-json\/wp\/v2\/types\/post"}],"author":[{"embeddable":true,"href":"https:\/\/www.europesays.com\/it\/wp-json\/wp\/v2\/users\/3"}],"replies":[{"embeddable":true,"href":"https:\/\/www.europesays.com\/it\/wp-json\/wp\/v2\/comments?post=545095"}],"version-history":[{"count":0,"href":"https:\/\/www.europesays.com\/it\/wp-json\/wp\/v2\/posts\/545095\/revisions"}],"wp:featuredmedia":[{"embeddable":true,"href":"https:\/\/www.europesays.com\/it\/wp-json\/wp\/v2\/media\/545096"}],"wp:attachment":[{"href":"https:\/\/www.europesays.com\/it\/wp-json\/wp\/v2\/media?parent=545095"}],"wp:term":[{"taxonomy":"category","embeddable":true,"href":"https:\/\/www.europesays.com\/it\/wp-json\/wp\/v2\/categories?post=545095"},{"taxonomy":"post_tag","embeddable":true,"href":"https:\/\/www.europesays.com\/it\/wp-json\/wp\/v2\/tags?post=545095"}],"curies":[{"name":"wp","href":"https:\/\/api.w.org\/{rel}","templated":true}]}}