{"id":545109,"date":"2026-06-18T16:09:22","date_gmt":"2026-06-18T16:09:22","guid":{"rendered":"https:\/\/www.europesays.com\/it\/545109\/"},"modified":"2026-06-18T16:09:22","modified_gmt":"2026-06-18T16:09:22","slug":"angelina-jolie-il-nero-torna-protagonista-eleganza-minimal-e-silhouette-scultorea-a-new-york","status":"publish","type":"post","link":"https:\/\/www.europesays.com\/it\/545109\/","title":{"rendered":"Angelina Jolie, il nero torna protagonista: eleganza minimal e silhouette scultorea a New York"},"content":{"rendered":"<p>    di<br \/>\n    Federica Bandirali<\/p>\n<p class=\"summary-art is-line-h-12\">Alla proiezione del film di Alice Winocour a New York, l\u2019attrice sceglie un\u2019eleganza essenziale e sofisticata: silhouette minimal, linee fluide e dettagli misurati per un look che mette al centro l\u2019abito nero firmato Tom Ford<\/p>\n<p class=\"chapter-paragraph\">Angelina Jolie \u00e8 tornata a catalizzare l\u2019attenzione sul red carpet in occasione della premi\u00e8re americana di \u201cCouture\u201d, il nuovo film di Alice Winocour ambientato nel mondo della moda parigina. Un\u2019apparizione che si inserisce perfettamente nell\u2019estetica del film e ne amplifica il racconto visivo, trasformando la serata in una dichiarazione di stile. L\u2019attrice ha scelto un look interamente giocato sulla purezza delle linee e sulla sobriet\u00e0 cromatica: un lungo abito drappeggiato senza spalline firmato Tom Ford, disegnato da Haider Ackermann, che esalta la verticalit\u00e0 della silhouette attraverso un tessuto fluido e leggero, capace di accompagnare ogni movimento senza rigidit\u00e0. Una scelta che conferma la sua predilezione per una moda essenziale, lontana dagli eccessi e costruita sull\u2019equilibrio delle proporzioni. A completare il tutto, un cappotto oversize bianco di Calvin Klein, indossato all\u2019arrivo e poi rimosso una volta all\u2019interno della sala, in un gioco di stratificazione che aggiunge profondit\u00e0 al total white.\u00a0<\/p>\n<p>        <img decoding=\"async\" class=\"is_full_image\" loading=\"lazy\" alt=\"Angelina Jolie, il nero torna protagonista: eleganza minimal e silhouette scultorea a New York\" src=\"https:\/\/www.europesays.com\/it\/wp-content\/uploads\/2026\/06\/6a33c63a5a464.jpeg\" data-full-src=\"https:\/\/www.europesays.com\/it\/wp-content\/uploads\/2026\/06\/6a33c63a5a464.jpeg\"\/><\/p>\n<p>        <img decoding=\"async\" class=\"is_full_image\" loading=\"lazy\" alt=\"Angelina Jolie, il nero torna protagonista: eleganza minimal e silhouette scultorea a New York\" src=\"https:\/\/www.europesays.com\/it\/wp-content\/uploads\/2026\/06\/6a33c64a220ab.jpeg\" data-full-src=\"https:\/\/www.europesays.com\/it\/wp-content\/uploads\/2026\/06\/6a33c64a220ab.jpeg\"\/><\/p>\n<p class=\"chapter-paragraph\">L\u2019effetto finale \u00e8 quello di un minimalismo sofisticato, dove ogni elemento \u00e8 ridotto all\u2019essenziale senza perdere forza visiva. L\u2019assenza di gioielli vistosi rafforza ulteriormente il concept del look: solo d\u00e9collet\u00e9 nere a punta e un orologio dorato discreto spezzano la continuit\u00e0 del bianco, introducendo un contrasto misurato ma efficace. A dominare la scena restano per\u00f2 gli occhiali aviator con montatura dorata di Bottega Veneta, ormai parte del suo codice estetico e dettaglio distintivo che ritorna con costanza nelle sue apparizioni pubbliche. Nel film \u201cCouture\u201d, Jolie interpreta Maxine Walker, una regista americana immersa nell\u2019universo della Settimana della Moda di Parigi. La pellicola, ambientata tra atelier e backstage, racconta il lato pi\u00f9 umano e complesso dell\u2019industria fashion, intrecciando le storie di tre donne e mostrando come, dietro il glamour, si sviluppino dinamiche di solidariet\u00e0 e connessione inaspettate.    &#13;<br \/>\n&#13;<br \/>\n&#13;<br \/>\n&#13;<br \/>\n&#13;<br \/>\n&#13;<br \/>\n&#13;<br \/>\n&#13;<br \/>\n&#13;<br \/>\n&#13;<br \/>\n&#13;<br \/>\n&#13;<br \/>\n&#13;<br \/>\n&#13;<br \/>\n&#13;<br \/>\n&#13;<br \/>\n&#13;<br \/>\n&#13;<br \/>\n&#13;<br \/>\n&#13;<br \/>\n&#13;<br \/>\n&#13;<br \/>\n&#13;<br \/>\n&#13;<br \/>\n&#13;<br \/>\n&#13;<br \/>\n&#13;<br \/>\n&#13;<br \/>\n&#13;<br \/>\n&#13;<br \/>\n&#13;<br \/>\n&#13;<br \/>\n&#13;<br \/>\n&#13;<br \/>\n&#13;<br \/>\n&#13;<br \/>\n&#13;<br \/>\n&#13;<br \/>\n&#13;<br \/>\n&#13;<br \/>\n&#13;<br \/>\n&#13;<br \/>\n&#13;<br \/>\n&#13;<br \/>\n&#13;<br \/>\n&#13;<br \/>\n&#13;<br \/>\n&#13;<br \/>\n&#13;<br \/>\n&#13;<br \/>\n&#13;<br \/>\n&#13;<br \/>\n&#13;\n<\/p>\n<p>        <img decoding=\"async\" class=\"is_full_image\" loading=\"lazy\" alt=\"Angelina Jolie, il nero torna protagonista: eleganza minimal e silhouette scultorea a New York\" src=\"https:\/\/www.europesays.com\/it\/wp-content\/uploads\/2026\/06\/6a33c6562624e.jpeg\" data-full-src=\"https:\/\/www.europesays.com\/it\/wp-content\/uploads\/2026\/06\/6a33c6562624e.jpeg\"\/><\/p>\n<p class=\"is-last-update\" datetime=\"2026-06-17T15:39:41+02:00\">18 giugno 2026<\/p>\n<p class=\"is-copyright\">\n            \u00a9 RIPRODUZIONE RISERVATA\n        <\/p>\n","protected":false},"excerpt":{"rendered":"di Federica Bandirali Alla proiezione del film di Alice Winocour a New York, l\u2019attrice sceglie un\u2019eleganza essenziale e&hellip;\n","protected":false},"author":3,"featured_media":545110,"comment_status":"","ping_status":"","sticky":false,"template":"","format":"standard","meta":{"footnotes":"","_share_on_mastodon":"0"},"categories":[174],"tags":[7730,37492,105204,4717,15248,24619,7738,6381,105205,33189,203,64886,454,300271,300272,10087,300273,300274,8303,204,1537,90,89,15260,18327,467,161459,3112,7244,251908],"class_list":["post-545109","post","type-post","status-publish","format-standard","has-post-thumbnail","category-intrattenimento","tag-abito","tag-alice","tag-alice-winocour","tag-americana","tag-angelina","tag-angelina-jolie","tag-attrice","tag-bianco","tag-couture","tag-eleganza","tag-entertainment","tag-essenziale","tag-film","tag-film-alice","tag-film-alice-winocour","tag-firmato","tag-firmato-tom","tag-firmato-tom-ford","tag-ford","tag-intrattenimento","tag-it","tag-italia","tag-italy","tag-jolie","tag-linee","tag-look","tag-minimal","tag-moda","tag-nero","tag-silhouette"],"share_on_mastodon":{"url":"https:\/\/pubeurope.com\/@it\/116771984326194437","error":""},"_links":{"self":[{"href":"https:\/\/www.europesays.com\/it\/wp-json\/wp\/v2\/posts\/545109","targetHints":{"allow":["GET"]}}],"collection":[{"href":"https:\/\/www.europesays.com\/it\/wp-json\/wp\/v2\/posts"}],"about":[{"href":"https:\/\/www.europesays.com\/it\/wp-json\/wp\/v2\/types\/post"}],"author":[{"embeddable":true,"href":"https:\/\/www.europesays.com\/it\/wp-json\/wp\/v2\/users\/3"}],"replies":[{"embeddable":true,"href":"https:\/\/www.europesays.com\/it\/wp-json\/wp\/v2\/comments?post=545109"}],"version-history":[{"count":0,"href":"https:\/\/www.europesays.com\/it\/wp-json\/wp\/v2\/posts\/545109\/revisions"}],"wp:featuredmedia":[{"embeddable":true,"href":"https:\/\/www.europesays.com\/it\/wp-json\/wp\/v2\/media\/545110"}],"wp:attachment":[{"href":"https:\/\/www.europesays.com\/it\/wp-json\/wp\/v2\/media?parent=545109"}],"wp:term":[{"taxonomy":"category","embeddable":true,"href":"https:\/\/www.europesays.com\/it\/wp-json\/wp\/v2\/categories?post=545109"},{"taxonomy":"post_tag","embeddable":true,"href":"https:\/\/www.europesays.com\/it\/wp-json\/wp\/v2\/tags?post=545109"}],"curies":[{"name":"wp","href":"https:\/\/api.w.org\/{rel}","templated":true}]}}