{"id":545151,"date":"2026-06-18T16:40:14","date_gmt":"2026-06-18T16:40:14","guid":{"rendered":"https:\/\/www.europesays.com\/it\/545151\/"},"modified":"2026-06-18T16:40:14","modified_gmt":"2026-06-18T16:40:14","slug":"sorelle-scomparse-nellaquilano-proseguono-le-ricerche-al-setaccio-boschi-e-grotte","status":"publish","type":"post","link":"https:\/\/www.europesays.com\/it\/545151\/","title":{"rendered":"Sorelle scomparse nell&#8217;Aquilano, proseguono le ricerche: al setaccio boschi e grotte"},"content":{"rendered":"<p>I carabinieri stanno incrociando le immagini delle telecamere comunali posizionate ai due ingressi di Civitella Alfedena e tracciando i passaggi veicolari. Le ricerche, tra l&#8217;altro, proseguono anche nei boschi. Ispezionati rifugi in quota, casolari isolati, grotte, abitazioni disabitate. Diverse volte ispezionato anche il cimitero locale<\/p>\n<p>Proseguono le ricerche delle <a data-intcmp=\"skytg24_foglia articolo_interlink_text\" href=\"https:\/\/tg24.sky.it\/cronaca\/video\/2026\/06\/16\/sorelle-scomparse-fuga-preparata-portati-via-vestiti-1105587\" rel=\"nofollow noopener\" target=\"_blank\">due ragazze di 16 e 12 anni scomparse sabato 6 giugno da una casa famiglia di Civitella Alfedena<\/a> (L&#8217;Aquila). Intanto, nelle ultime ore, \u00e8 emerso come siano intestate ad un uomo di origine kosovara e al compagno della madre di Alisya e Sarah, le schede telefoniche di due dei tre telefoni che avrebbero con s\u00e8 le due. I dispositivi risultano inattivi da 96 ore e l&#8217;ultimo segnale, captato nell&#8217;area del Parco nazionale d&#8217;Abruzzo, si sarebbe interrotto mercoled\u00ec 10 giugno.<\/p>\n<p>Le analisi dei dispositivi telefonici<\/p>\n<p>Gli inquirenti stanno vagliando anche il terzo numero di telefono, nel tentativo di individuare eventuali agganci alle celle e restringere il perimetro delle ricerche. Il dispositivo intestato al compagno della madre sarebbe stato affidato alla sorella pi\u00f9 piccola per ragioni di sicurezza durante gli spostamenti tra Civitella Alfedena e Barrea, necessari per raggiungere la scuola. Sotto analisi anche i dispositivi in dotazione alla struttura, utilizzati dalle minori e dagli altri ospiti della comunit\u00e0. La procura di Sulmona (L&#8217;Aquila) ha avviato un iter per sottrazione di minori e abbandono di minori, a seguito delle denunce presentate dai genitori.\u00a0<\/p>\n<p>Trovato su sentiero &#8220;un fermaglio di Sarah&#8221;<\/p>\n<p>Proprio oggi, 18 giugno, &#8220;\u00e8 stato trovato un fermaglio rosso che dovrebbe essere di Sarah su un sentiero vicino alla casa famiglia a Civitella Alfedena&#8221;. A riferirlo all&#8217;Ansa \u00e8 stata Alessia Natali, referente della sezione territoriale per l&#8217;Abruzzo di Penelope, l&#8217;associazione che si occupa di supporto alle famiglie di persone scomparse. Sarebbe questo il primo concreto segnale del passaggio delle due sorelle dall&#8217;area.\u00a0<\/p>\n<p>\t\t\t<strong>Appello del padre:&#8221;Sarah \u00e8 celiaca, i negozi ci avvisino&#8221;<\/strong><\/p>\n<p>&#8220;Ci tengo a ricordare il fatto che Sarah, la pi\u00f9 piccola, \u00e8 celiaca&#8221;: cos\u00ec Stefano Di Giacinto, il padre delle due sorelle sparite, in un video diffuso tramite l&#8217;Associazione Penelope, lancia un appello a &#8220;chiunque nei negozi, nei negozietti&#8221; noti qualcuno che acquista prodotti senza glutine, che potrebbero essere destinati alla dodicenne.<\/p>\n<p>\t\t \tLe indagini dei carabinieri<\/p>\n<p>I carabinieri, in queste ore, hanno ascoltato diverse volte, come persona informata sui fatti, il fidanzato di Alisya, Youssef, 18 anni, di origine egiziana. Gli investigatori continuano a lavorare in maniera capillare, senza tralasiare nessuna pista. Si cerca di capire cosa sia successo, ricostruendo gli ultimi movimenti e i fatti pi\u00f9 recenti. <\/p>\n<p>L&#8217;odissea di Sarah e Alisya<\/p>\n<p>Dopo la sospensione della responsabilit\u00e0 genitoriale le due sorelle erano state prelevate a scuola a Minturno, (Latina) portate via con un furgone e affidate ai servizi sociali. Da l\u00ec, l&#8217;odissea di Sarah e Alisya. In un primo momento separate, erano state poi riunite nel 2024 nella comunit\u00e0 &#8220;Ofh Hope&#8221; di Civitella Alfedena, struttura ricavata da un ex albergo immerso nella natura. L&#8217;ultimo avvistamento \u00e8 avvenuto sabato 6 giugno. Le due minori sono state riprese dalle videocamere di sorveglianza mentre erano sedute in un bar del paese. Gli educatori a distanza, nella stessa area. Poco dopo il rientro nella struttura, intorno alle 23. Poi le due hanno lasciato la stessa nel corso della notte. Da quel momento non se ne \u00e8 pi\u00f9 avuta traccia. <\/p>\n<p>L&#8217;ipotesi della fuga pianificata<\/p>\n<p>Le ragazze hanno portato con loro uno zaino con pochi abiti, scarpe e trucchi. Elementi che rafforzerebbero l&#8217;ipotesi di una fuga pianificata. Resta da chiarire se abbiano agito da sole o se qualcuno le attendesse all&#8217;esterno. I carabinieri stanno incrociando le immagini delle telecamere comunali posizionate ai due ingressi del paese e tracciando i passaggi veicolari. Le ricerche, tra l&#8217;altro, proseguono anche nei boschi. Ispezionati rifugi in quota, casolari isolati, grotte, abitazioni disabitate. Diverse volte ispezionato anche il cimitero di Civitella Alfedena.\u00a0<\/p>\n<p>\t\t\t<a class=\"c-inline-card j-inline-card c-inline-card--with-image\" href=\"https:\/\/tg24.sky.it\/cronaca\/video\/2026\/06\/17\/sorelle-scomparse-ipotesi-fuga-programmata-ricerche-anche-in-molise-1105759\" rel=\"follow nofollow noopener\" data-intcmp=\"skytg24_articolo_approfondimenti_inline\" target=\"_blank\"><\/p>\n<p>\t\t\t         <img decoding=\"async\" crossorigin=\"anonymous\" alt=\"\" src=\"https:\/\/www.europesays.com\/it\/wp-content\/uploads\/2026\/06\/1105759_1781688492506_thumb_494.0000001_1781689799425.jpg\"  loading=\"lazy\"  bad-src=\"https:\/\/www.europesays.com\/it\/wp-content\/uploads\/2026\/06\/1105759_1781688492506_thumb_494.0000001_1781689799425.jpg\"\/><\/p>\n<p>\n\t\t\t         Approfondimento<br \/>\n\t\t\t         Sorelle scomparse: ipotesi fuga programmata, ricerche anche in Molise\n\t\t\t      <\/p>\n<p>\t\t\t<\/a><\/p>\n<p>\t            TAG:<\/p>\n","protected":false},"excerpt":{"rendered":"I carabinieri stanno incrociando le immagini delle telecamere comunali posizionate ai due ingressi di Civitella Alfedena e tracciando&hellip;\n","protected":false},"author":3,"featured_media":545152,"comment_status":"","ping_status":"","sticky":false,"template":"","format":"standard","meta":{"footnotes":"","_share_on_mastodon":"0"},"categories":[79],"tags":[14,93,94,1537,90,89,15749,7,15,8752,11,84,91,12,85,92],"class_list":["post-545151","post","type-post","status-publish","format-standard","has-post-thumbnail","category-italia","tag-cronaca","tag-cronaca-italiana","tag-cronacaitaliana","tag-it","tag-italia","tag-italy","tag-l","tag-news","tag-notizie","tag-scomparsa","tag-ultime-notizie","tag-ultime-notizie-e-news-di-oggi","tag-ultime-notizie-italia","tag-ultimenotizie","tag-ultimenotizieenewsdioggi","tag-ultimenotizieitalia"],"share_on_mastodon":{"url":"https:\/\/pubeurope.com\/@it\/116772105970257051","error":""},"_links":{"self":[{"href":"https:\/\/www.europesays.com\/it\/wp-json\/wp\/v2\/posts\/545151","targetHints":{"allow":["GET"]}}],"collection":[{"href":"https:\/\/www.europesays.com\/it\/wp-json\/wp\/v2\/posts"}],"about":[{"href":"https:\/\/www.europesays.com\/it\/wp-json\/wp\/v2\/types\/post"}],"author":[{"embeddable":true,"href":"https:\/\/www.europesays.com\/it\/wp-json\/wp\/v2\/users\/3"}],"replies":[{"embeddable":true,"href":"https:\/\/www.europesays.com\/it\/wp-json\/wp\/v2\/comments?post=545151"}],"version-history":[{"count":0,"href":"https:\/\/www.europesays.com\/it\/wp-json\/wp\/v2\/posts\/545151\/revisions"}],"wp:featuredmedia":[{"embeddable":true,"href":"https:\/\/www.europesays.com\/it\/wp-json\/wp\/v2\/media\/545152"}],"wp:attachment":[{"href":"https:\/\/www.europesays.com\/it\/wp-json\/wp\/v2\/media?parent=545151"}],"wp:term":[{"taxonomy":"category","embeddable":true,"href":"https:\/\/www.europesays.com\/it\/wp-json\/wp\/v2\/categories?post=545151"},{"taxonomy":"post_tag","embeddable":true,"href":"https:\/\/www.europesays.com\/it\/wp-json\/wp\/v2\/tags?post=545151"}],"curies":[{"name":"wp","href":"https:\/\/api.w.org\/{rel}","templated":true}]}}