{"id":545171,"date":"2026-06-18T17:02:11","date_gmt":"2026-06-18T17:02:11","guid":{"rendered":"https:\/\/www.europesays.com\/it\/545171\/"},"modified":"2026-06-18T17:02:11","modified_gmt":"2026-06-18T17:02:11","slug":"paullo-giovane-medico-di-base-aggredita-in-studio-da-un-paziente-che-pretendeva-un-certificato-di-malattia-ingiustificato","status":"publish","type":"post","link":"https:\/\/www.europesays.com\/it\/545171\/","title":{"rendered":"Paullo, giovane medico di base aggredita in studio da un paziente che pretendeva un certificato di malattia (ingiustificato)"},"content":{"rendered":"<p>    di<br \/>\n    Redazione Milano<\/p>\n<p class=\"summary-art is-line-h-12\">A denunciare la nuova grave aggressione subita da una professionista della sanit\u00e0 \u00e8 stata la \u00abLibera associazione di medicina generale\u00bb<\/p>\n<p class=\"chapter-paragraph\"><b>Una dottoressa, medico di base a\u00a0Paullo, nel Milanese, \u00e8 stata aggredita nel suo ambulatorio<\/b> da\u00a0un giovane paziente che <b>pretendeva un certificato di\u00a0malattia per motivi, sembra, banali<\/b> e ingiustificati. A darne notizia, la <b>\u00abLibera associazione di medicina generale<\/b>\u00bb (Lamg), che definisce l&#8217;episodio \u00abgravissimo\u00bb\u00a0e annuncia l&#8217;intenzione di supportare ogni azione legale a\u00a0tutela della collega e di tutta la categoria.\u00a0La dottoressa vittima dell&#8217;aggressione <b>\u00e8 stata medicata al Pronto soccorso di Melegnano<\/b>.\u00a0<\/p>\n<p class=\"chapter-paragraph\">Per la Lamg questo episodio, \u00ab<b>ancora pi\u00f9 grave perch\u00e9 nei confronti di una giovane donna<\/b>, rende evidente quanto la campagna denigratoria nei confronti\u00a0della medicina generale porti anche ad episodi come questo. <b>Non<br \/>vorremmo piangere l&#8217;ennesima vittima di questo lavoro<\/b> che, anche per questi motivi, non rappresenta pi\u00f9 una opzione per i\u00a0giovani, soprattutto donne\u00bb.    &#13;<br \/>\n&#13;<br \/>\n&#13;<br \/>\n&#13;<br \/>\n&#13;<br \/>\n&#13;<br \/>\n&#13;<br \/>\n&#13;<br \/>\n&#13;<br \/>\n&#13;<br \/>\n&#13;<br \/>\n&#13;<br \/>\n&#13;<br \/>\n&#13;<br \/>\n&#13;<br \/>\n&#13;<br \/>\n&#13;<br \/>\n&#13;<br \/>\n&#13;<br \/>\n&#13;<br \/>\n&#13;<br \/>\n&#13;<br \/>\n&#13;<br \/>\n&#13;<br \/>\n&#13;<br \/>\n&#13;<br \/>\n&#13;<br \/>\n&#13;<br \/>\n&#13;<br \/>\n&#13;<br \/>\n&#13;<br \/>\n&#13;<br \/>\n&#13;<br \/>\n&#13;<br \/>\n&#13;<br \/>\n&#13;<br \/>\n&#13;<br \/>\n&#13;<br \/>\n&#13;<br \/>\n&#13;<br \/>\n&#13;<br \/>\n&#13;<br \/>\n&#13;<br \/>\n&#13;<br \/>\n&#13;<br \/>\n&#13;<br \/>\n&#13;<br \/>\n&#13;<br \/>\n&#13;<br \/>\n&#13;<br \/>\n&#13;<br \/>\n&#13;<br \/>\n&#13;\n<\/p>\n<p class=\"chapter-paragraph\">La<b> Direzione Generale di Asst Melegnano Martesana <\/b>in una nota esprime\u00a0\u00abil pi\u00f9 sentito <b>rammarico <\/b>e la massima <b>solidariet\u00e0 <\/b>alla professionista colpita\u00bb. \u00abEpisodi di questo genere &#8211; prosegue la nota &#8211; non colpiscono soltanto il singolo professionista, ma<b> feriscono l&#8217;intera comunit\u00e0<\/b> e minano la dignit\u00e0 di chi, ogni giorno con dedizione e in stretta sinergia con la nostra rete territoriale,<b> si spende in prima linea per la tutela della salute pubblica\u00bb.<\/b> \u00abDavanti a simili atti non pu\u00f2 esserci spazio per la tolleranza\u00bb, dichiara la Direzione. \u00ab<b>Chi aggredisce un operatore sanitario, aggredisce il sistema di cura di cui tutti beneficiamo<\/b>. Per questo motivo, l&#8217;Asst continuer\u00e0 a fare tutto ci\u00f2 che \u00e8 in suo potere per<b> promuovere la cultura del rispetto<\/b> e per supportare, anche attraverso le opportune interlocuzioni con le autorit\u00e0 competenti,<b> la sicurezza di chiunque operi nelle strutture <\/b>e sul territorio della nostra rete.\u00bb<\/p>\n<p class=\"is-mr-t-20 is-mr-b-20\"><b><br \/>\n                    <a href=\"https:\/\/milano.corriere.it\/?intcmp=Notizielocali_nd_010623_corriere_ss_milano\" target=\"_blank\" rel=\"nofollow noopener\">Vai a tutte le notizie di Milano<\/a><br \/>\n            <\/b><\/p>\n<p class=\"chapter-paragraph\"><b><a href=\"https:\/\/www.corriere.it\/newsletter\/?theme=41&amp;intcmp=IIIcolonna_NL_CorMilano\" target=\"_blank\" rel=\"nofollow noopener\">Iscriviti alla newsletter di Corriere Milano<\/a><\/b><\/p>\n<p class=\"is-last-update\" datetime=\"2026-06-18T17:27:23+02:00\">18 giugno 2026 ( modifica il 18 giugno 2026 | 17:27)<\/p>\n<p class=\"is-copyright\">\n            \u00a9 RIPRODUZIONE RISERVATA\n        <\/p>\n","protected":false},"excerpt":{"rendered":"di Redazione Milano A denunciare la nuova grave aggressione subita da una professionista della sanit\u00e0 \u00e8 stata la&hellip;\n","protected":false},"author":3,"featured_media":545172,"comment_status":"","ping_status":"","sticky":false,"template":"","format":"standard","meta":{"footnotes":"","_share_on_mastodon":"0"},"categories":[175],"tags":[43396,45085,4593,2332,300289,9311,2333,29935,300290,4539,274,7254,1230,9162,229,830,239,1537,90,89,120045,2504,5277,8179,240],"class_list":["post-545171","post","type-post","status-publish","format-standard","has-post-thumbnail","category-salute","tag-aggredisce","tag-aggredita","tag-aggressione","tag-associazione","tag-associazione-medicina","tag-asst","tag-base","tag-certificato","tag-certificato-malattia","tag-confronti","tag-direzione","tag-dottoressa","tag-episodi","tag-episodio","tag-giovane","tag-grave","tag-health","tag-it","tag-italia","tag-italy","tag-lamg","tag-libera","tag-medicina","tag-professionista","tag-salute"],"share_on_mastodon":{"url":"https:\/\/pubeurope.com\/@it\/116772192089399075","error":""},"_links":{"self":[{"href":"https:\/\/www.europesays.com\/it\/wp-json\/wp\/v2\/posts\/545171","targetHints":{"allow":["GET"]}}],"collection":[{"href":"https:\/\/www.europesays.com\/it\/wp-json\/wp\/v2\/posts"}],"about":[{"href":"https:\/\/www.europesays.com\/it\/wp-json\/wp\/v2\/types\/post"}],"author":[{"embeddable":true,"href":"https:\/\/www.europesays.com\/it\/wp-json\/wp\/v2\/users\/3"}],"replies":[{"embeddable":true,"href":"https:\/\/www.europesays.com\/it\/wp-json\/wp\/v2\/comments?post=545171"}],"version-history":[{"count":0,"href":"https:\/\/www.europesays.com\/it\/wp-json\/wp\/v2\/posts\/545171\/revisions"}],"wp:featuredmedia":[{"embeddable":true,"href":"https:\/\/www.europesays.com\/it\/wp-json\/wp\/v2\/media\/545172"}],"wp:attachment":[{"href":"https:\/\/www.europesays.com\/it\/wp-json\/wp\/v2\/media?parent=545171"}],"wp:term":[{"taxonomy":"category","embeddable":true,"href":"https:\/\/www.europesays.com\/it\/wp-json\/wp\/v2\/categories?post=545171"},{"taxonomy":"post_tag","embeddable":true,"href":"https:\/\/www.europesays.com\/it\/wp-json\/wp\/v2\/tags?post=545171"}],"curies":[{"name":"wp","href":"https:\/\/api.w.org\/{rel}","templated":true}]}}